{"id":31792,"date":"2023-05-15T11:00:25","date_gmt":"2023-05-15T14:00:25","guid":{"rendered":"https:\/\/justicapotiguar.com.br\/?p=31792"},"modified":"2023-05-15T11:00:25","modified_gmt":"2023-05-15T14:00:25","slug":"cobranca-de-tributos-municipais-nao-e-cabivel-para-clube-de-futebol-em-relacao-a-imovel-invadido-por-particulares","status":"publish","type":"post","link":"https:\/\/justicapotiguar.com.br\/index.php\/2023\/05\/15\/cobranca-de-tributos-municipais-nao-e-cabivel-para-clube-de-futebol-em-relacao-a-imovel-invadido-por-particulares\/","title":{"rendered":"Cobran\u00e7a de tributos municipais n\u00e3o \u00e9 cab\u00edvel para clube de futebol em rela\u00e7\u00e3o a im\u00f3vel invadido por particulares"},"content":{"rendered":"\n<figure class=\"wp-block-image size-large\"><img loading=\"lazy\" width=\"1024\" height=\"683\" src=\"https:\/\/justicapotiguar.com.br\/wp-content\/uploads\/2020\/02\/iStock-619536410_Futebol-1024x683.jpg\" alt=\"\" class=\"wp-image-6038\" srcset=\"https:\/\/justicapotiguar.com.br\/wp-content\/uploads\/2020\/02\/iStock-619536410_Futebol-1024x683.jpg 1024w, https:\/\/justicapotiguar.com.br\/wp-content\/uploads\/2020\/02\/iStock-619536410_Futebol-300x200.jpg 300w, https:\/\/justicapotiguar.com.br\/wp-content\/uploads\/2020\/02\/iStock-619536410_Futebol-768x512.jpg 768w\" sizes=\"(max-width: 1024px) 100vw, 1024px\" \/><figcaption>Ilustrativa<\/figcaption><\/figure>\n\n\n\n<p>A 2\u00aa C\u00e2mara C\u00edvel do TJRN n\u00e3o deu provimento ao apelo do Munic\u00edpio de Natal e manteve a \u2018ilegitimidade passiva\u2019 do Am\u00e9rica Futebol Clube, que ocorre quando uma parte ou r\u00e9u n\u00e3o pode assumir o polo passivo do processo, que, na demanda apreciada, se referia a uma a\u00e7\u00e3o que envolve d\u00e9bitos de Imposto Predial e Territorial Urbano (IPTU) e Taxa de Ilumina\u00e7\u00e3o P\u00fablica (TLP), objeto de cobran\u00e7a em execu\u00e7\u00e3o fiscal. Na a\u00e7\u00e3o inicial, a entidade esportiva alegou que o im\u00f3vel originador dos cr\u00e9ditos executados foi invadido h\u00e1 anos, por particulares, realidade essa que faz com que n\u00e3o detenha mais a sua posse.<\/p>\n\n\n\n<p>Entendimento este seguido pela relatoria do voto no \u00f3rg\u00e3o julgador. \u201cDesse modo, verificando que o recorrido n\u00e3o det\u00e9m a posse ou a propriedade e os direitos a ela inerentes, em raz\u00e3o da invas\u00e3o de terceiros, n\u00e3o resta configurada, portanto, a sua titularidade, como fato gerador do IPTU\u201d, esclarece a desembargadora Lourdes Azevedo.<\/p>\n\n\n\n<p>O voto destaca que, antes mesmo do ajuizamento da execu\u00e7\u00e3o fiscal, o embargante (Am\u00e9rica) j\u00e1 teria perdido o \u2018animus domini\u2019, express\u00e3o referente \u00e0 inten\u00e7\u00e3o agir como dono, que, na demanda apreciada n\u00e3o est\u00e1 presente, pois n\u00e3o pode o embargante sofrer os encargos tribut\u00e1rios de um im\u00f3vel do qual h\u00e1 muito n\u00e3o pode dispor dos direitos de propriedade por se perder a base material do fato gerador do IPTU\/TLP.<\/p><div class=\"adebf69ef985143a99\" ><!--<a href=\"https:\/\/bit.ly\/3QdrqTZ\" target=\"_blank\">\n<img src=\"https:\/\/justicapotiguar.com.br\/wp-content\/uploads\/2023\/09\/mobile-geral.gif\"\/><a\/>--><\/div><style type=\"text\/css\">\r\n.adebf69ef985143a99 {\r\ntext-align: center;\r\n}\r\n@media screen and (min-width: 1201px) {\r\n.adebf69ef985143a99 {\r\ndisplay: none;\r\n}\r\n}\r\n@media screen and (min-width: 993px) and (max-width: 1200px) {\r\n.adebf69ef985143a99 {\r\ndisplay: none;\r\n}\r\n}\r\n@media screen and (min-width: 769px) and (max-width: 992px) {\r\n.adebf69ef985143a99 {\r\ndisplay: none;\r\n}\r\n}\r\n@media screen and (min-width: 768px) and (max-width: 768px) {\r\n.adebf69ef985143a99 {\r\ndisplay: block;\r\n}\r\n}\r\n@media screen and (max-width: 767px) {\r\n.adebf69ef985143a99 {\r\ndisplay: block;\r\n}\r\n}\r\n<\/style>\r\n<div class=\"weehl69ef985143a82\" ><!--<a href=\"https:\/\/bit.ly\/3QdrqTZ\" target=\"_blank\">\n<img src=\"https:\/\/justicapotiguar.com.br\/wp-content\/uploads\/2023\/09\/desktop-geral.gif\"\/><a\/>--><\/div><style type=\"text\/css\">\r\n.weehl69ef985143a82 {\r\ntext-align: center;\nmargin-bottom: 1em;\r\n}\r\n@media screen and (min-width: 1201px) {\r\n.weehl69ef985143a82 {\r\ndisplay: block;\r\n}\r\n}\r\n@media screen and (min-width: 993px) and (max-width: 1200px) {\r\n.weehl69ef985143a82 {\r\ndisplay: block;\r\n}\r\n}\r\n@media screen and (min-width: 769px) and (max-width: 992px) {\r\n.weehl69ef985143a82 {\r\ndisplay: block;\r\n}\r\n}\r\n@media screen and (min-width: 768px) and (max-width: 768px) {\r\n.weehl69ef985143a82 {\r\ndisplay: none;\r\n}\r\n}\r\n@media screen and (max-width: 767px) {\r\n.weehl69ef985143a82 {\r\ndisplay: none;\r\n}\r\n}\r\n<\/style>\r\n\n\n\n\n<p>\u201cRegistre-se, por oportuno, que este Ju\u00edzo n\u00e3o desconhece o entendimento exarado pela Primeira Se\u00e7\u00e3o do Superior Tribunal de Justi\u00e7a, quando do julgamento dos Recursos Especiais 1.110.551\/SP e 1.111.202\/SP (submetidos ao rito do artigo 543-C, do CPC), no sentido de que tanto o adquirente do im\u00f3vel (possuidor a qualquer t\u00edtulo), como o propriet\u00e1rio\/vendedor, s\u00e3o contribuintes respons\u00e1veis pelo pagamento do IPTU\u201d, pontua a desembargadora. A magistrada destacou que, diante de tal posicionamento, a Corte Especial possui compreens\u00e3o de que \u00e9 inexig\u00edvel a cobran\u00e7a de IPTU quando demonstrado que o im\u00f3vel foi objeto de invas\u00e3o e expropriado por terceiros.<\/p>\n\n\n\n<p>\u201cO d\u00e9bito tribut\u00e1rio deve ser lan\u00e7ado em nome dos ocupantes da \u00e1rea invadida\u201d, acrescenta a desembargadora, ao ressaltar que a titularidade do im\u00f3vel, por si s\u00f3, n\u00e3o configura fato gerador do IPTU, se comprovado que o bem objeto de exa\u00e7\u00e3o tribut\u00e1ria foi invadido, acarretando a perda do dom\u00ednio e dos direitos inerentes \u00e0 propriedade, fato inclusive de conhecimento p\u00fablico e not\u00f3rio da pr\u00f3pria municipalidade.<\/p>\n\n\n\n<p><strong>(Apela\u00e7\u00e3o C\u00edvel n\u00ba 0807442-86.2020.8.20.5001)<\/strong><\/p>\n","protected":false},"excerpt":{"rendered":"<p>A 2\u00aa C\u00e2mara C\u00edvel do TJRN n\u00e3o deu provimento ao apelo do Munic\u00edpio de Natal e manteve a \u2018ilegitimidade passiva\u2019 do Am\u00e9rica Futebol Clube, que ocorre quando uma parte ou r\u00e9u n\u00e3o pode assumir o polo passivo do processo, que, na demanda apreciada, se referia a uma a\u00e7\u00e3o que envolve d\u00e9bitos de Imposto Predial e<br \/><a class=\"more-link\" href=\"https:\/\/justicapotiguar.com.br\/index.php\/2023\/05\/15\/cobranca-de-tributos-municipais-nao-e-cabivel-para-clube-de-futebol-em-relacao-a-imovel-invadido-por-particulares\/\">Mais&#8230;<\/a><\/p>\n","protected":false},"author":5,"featured_media":0,"comment_status":"open","ping_status":"open","sticky":false,"template":"","format":"standard","meta":[],"categories":[1],"tags":[],"_links":{"self":[{"href":"https:\/\/justicapotiguar.com.br\/index.php\/wp-json\/wp\/v2\/posts\/31792"}],"collection":[{"href":"https:\/\/justicapotiguar.com.br\/index.php\/wp-json\/wp\/v2\/posts"}],"about":[{"href":"https:\/\/justicapotiguar.com.br\/index.php\/wp-json\/wp\/v2\/types\/post"}],"author":[{"embeddable":true,"href":"https:\/\/justicapotiguar.com.br\/index.php\/wp-json\/wp\/v2\/users\/5"}],"replies":[{"embeddable":true,"href":"https:\/\/justicapotiguar.com.br\/index.php\/wp-json\/wp\/v2\/comments?post=31792"}],"version-history":[{"count":1,"href":"https:\/\/justicapotiguar.com.br\/index.php\/wp-json\/wp\/v2\/posts\/31792\/revisions"}],"predecessor-version":[{"id":31793,"href":"https:\/\/justicapotiguar.com.br\/index.php\/wp-json\/wp\/v2\/posts\/31792\/revisions\/31793"}],"wp:attachment":[{"href":"https:\/\/justicapotiguar.com.br\/index.php\/wp-json\/wp\/v2\/media?parent=31792"}],"wp:term":[{"taxonomy":"category","embeddable":true,"href":"https:\/\/justicapotiguar.com.br\/index.php\/wp-json\/wp\/v2\/categories?post=31792"},{"taxonomy":"post_tag","embeddable":true,"href":"https:\/\/justicapotiguar.com.br\/index.php\/wp-json\/wp\/v2\/tags?post=31792"}],"curies":[{"name":"wp","href":"https:\/\/api.w.org\/{rel}","templated":true}]}}