{"id":31780,"date":"2023-05-13T10:51:00","date_gmt":"2023-05-13T13:51:00","guid":{"rendered":"https:\/\/justicapotiguar.com.br\/?p=31780"},"modified":"2023-05-12T16:55:13","modified_gmt":"2023-05-12T19:55:13","slug":"detran-deve-aceitar-procuracao-publica-nas-transferencias-de-propriedade-de-veiculos-seminovos","status":"publish","type":"post","link":"https:\/\/justicapotiguar.com.br\/index.php\/2023\/05\/13\/detran-deve-aceitar-procuracao-publica-nas-transferencias-de-propriedade-de-veiculos-seminovos\/","title":{"rendered":"Detran deve aceitar procura\u00e7\u00e3o p\u00fablica nas transfer\u00eancias de propriedade de ve\u00edculos seminovos"},"content":{"rendered":"\n<div class=\"wp-block-image\"><figure class=\"aligncenter size-large\"><img loading=\"lazy\" width=\"300\" height=\"225\" src=\"https:\/\/justicapotiguar.com.br\/wp-content\/uploads\/2019\/09\/carteira-motorista-cnh.png\" alt=\"\" class=\"wp-image-2241\"\/><figcaption>Ilustrativa<\/figcaption><\/figure><\/div>\n\n\n\n<p>Mantida pela 3\u00aa C\u00e2mara C\u00edvel a senten\u00e7a da 2\u00aa Vara da Fazenda P\u00fablica de Natal que determinou que o Departamento Estadual de Tr\u00e2nsito (Detran\/RN) adote provid\u00eancias para permitir a transfer\u00eancia de propriedade de ve\u00edculos seminovos, assim como, os procedimentos de auditoria de documentos, registros, vistorias, e tudo que se fizer necess\u00e1rio para a execu\u00e7\u00e3o destes servi\u00e7os, por meio de Instrumento de Procura\u00e7\u00e3o P\u00fablica espec\u00edfica para tal. O entendimento do \u00f3rg\u00e3o julgador do TJRN \u00e9 un\u00e2nime.<\/p>\n\n\n\n<p>A decis\u00e3o do Tribunal de Justi\u00e7a atende a\u00e7\u00e3o ajuizada pelo Sindicato dos Concession\u00e1rios e Distribuidores de Ve\u00edculos no Estado do Rio Grande do Norte \u2013 SINCODIVRN, contra o Diretor-Geral do Departamento Estadual de Tr\u00e2nsito do Estado do Rio Grande do Norte \u2013 Detran\/RN, visando o cumprimento da Portaria 029\/2018 \u2013 GADIR, expedida em 17 de janeiro de 2018, pelo pr\u00f3prio \u00f3rg\u00e3o.<\/p>\n\n\n\n<p>O documento permite que a transfer\u00eancia de propriedade de ve\u00edculo seminovo seja realizada por meio de Instrumento de Procura\u00e7\u00e3o P\u00fablica espec\u00edfica para tal, assim como, os procedimentos de auditoria de documentos, registros, vistorias, e tudo que se fizer necess\u00e1rio para a execu\u00e7\u00e3o destes servi\u00e7os.<\/p>\n\n\n\n<p>O Sindicato sustentou que os procedimentos legais previstos em instru\u00e7\u00f5es normativas, resolu\u00e7\u00f5es ou portarias, com o objetivo de regulamenta\u00e7\u00e3o na presta\u00e7\u00e3o de servi\u00e7o aos usu\u00e1rios do \u00f3rg\u00e3o estadual, visam disciplinar o tr\u00e2mite dos processos de transfer\u00eancia de propriedade dos ve\u00edculos seminovos comercializados pelas concession\u00e1rias de ve\u00edculos associadas ao SINCODIV\/RN.<\/p>\n\n\n\n<p>Afirmou que o procedimento tamb\u00e9m \u00e9 realizado atrav\u00e9s de Instrumento de Procura\u00e7\u00e3o P\u00fablica, espec\u00edfica e restritiva, outorgada pelo propriet\u00e1rio do ve\u00edculo ao entregar na concession\u00e1ria o ve\u00edculo seminovo, desde a emiss\u00e3o da Portaria publicada no Di\u00e1rio Oficial do Estado (DOE) em 20 de janeiro de 2018, tornando o processo mais \u00e1gil e seguro, tanto para a empresa revendedora como para o cidad\u00e3o que entrega o ve\u00edculo.<\/p>\n\n\n\n<p>Entretanto, informou que a Coordena\u00e7\u00e3o de Registro de Ve\u00edculos do Detran tem recusado a realiza\u00e7\u00e3o do procedimento de transfer\u00eancia de propriedade de ve\u00edculos seminovos atrav\u00e9s do Instrumento de Procura\u00e7\u00e3o P\u00fablica, sem qualquer fundamento legal. Depois de buscar a Justi\u00e7a estadual, o Sindicato dos Concession\u00e1rios conseguiu senten\u00e7a favor\u00e1vel na primeira inst\u00e2ncia, o que fez com que o \u00f3rg\u00e3o recorresse ao TJRN.<\/p>\n\n\n\n<p><strong>Defesa do \u00f3rg\u00e3o<\/strong><\/p>\n\n\n\n<p>No recurso, o Detran\/RN, alegou que a senten\u00e7a se prendeu \u00e0 autoriza\u00e7\u00e3o formal, constante da portaria 029\/2018\/GADIR, de 17 de janeiro de 2018, expedida pelo pr\u00f3prio \u00f3rg\u00e3o, para conceder a seguran\u00e7a e n\u00e3o atentou para o fato de que os representados pelo Sindicato se valem do uso das procura\u00e7\u00f5es para praticarem atos ilegais.<\/p><div class=\"seuiq69ef9880a1bd7\" ><!--<a href=\"https:\/\/bit.ly\/3QdrqTZ\" target=\"_blank\">\n<img src=\"https:\/\/justicapotiguar.com.br\/wp-content\/uploads\/2023\/09\/mobile-geral.gif\"\/><a\/>--><\/div><style type=\"text\/css\">\r\n.seuiq69ef9880a1bd7 {\r\ntext-align: center;\r\n}\r\n@media screen and (min-width: 1201px) {\r\n.seuiq69ef9880a1bd7 {\r\ndisplay: none;\r\n}\r\n}\r\n@media screen and (min-width: 993px) and (max-width: 1200px) {\r\n.seuiq69ef9880a1bd7 {\r\ndisplay: none;\r\n}\r\n}\r\n@media screen and (min-width: 769px) and (max-width: 992px) {\r\n.seuiq69ef9880a1bd7 {\r\ndisplay: none;\r\n}\r\n}\r\n@media screen and (min-width: 768px) and (max-width: 768px) {\r\n.seuiq69ef9880a1bd7 {\r\ndisplay: block;\r\n}\r\n}\r\n@media screen and (max-width: 767px) {\r\n.seuiq69ef9880a1bd7 {\r\ndisplay: block;\r\n}\r\n}\r\n<\/style>\r\n<div class=\"wzdfx69ef9880a1bbe\" ><!--<a href=\"https:\/\/bit.ly\/3QdrqTZ\" target=\"_blank\">\n<img src=\"https:\/\/justicapotiguar.com.br\/wp-content\/uploads\/2023\/09\/desktop-geral.gif\"\/><a\/>--><\/div><style type=\"text\/css\">\r\n.wzdfx69ef9880a1bbe {\r\ntext-align: center;\nmargin-bottom: 1em;\r\n}\r\n@media screen and (min-width: 1201px) {\r\n.wzdfx69ef9880a1bbe {\r\ndisplay: block;\r\n}\r\n}\r\n@media screen and (min-width: 993px) and (max-width: 1200px) {\r\n.wzdfx69ef9880a1bbe {\r\ndisplay: block;\r\n}\r\n}\r\n@media screen and (min-width: 769px) and (max-width: 992px) {\r\n.wzdfx69ef9880a1bbe {\r\ndisplay: block;\r\n}\r\n}\r\n@media screen and (min-width: 768px) and (max-width: 768px) {\r\n.wzdfx69ef9880a1bbe {\r\ndisplay: none;\r\n}\r\n}\r\n@media screen and (max-width: 767px) {\r\n.wzdfx69ef9880a1bbe {\r\ndisplay: none;\r\n}\r\n}\r\n<\/style>\r\n\n\n\n\n<p>Acrescentou que o \u00f3rg\u00e3o n\u00e3o tem desobedecido \u00e0 mencionada portaria, mas, sim, promovido a sua aplica\u00e7\u00e3o em conformidade com a legisla\u00e7\u00e3o em vigor.<\/p>\n\n\n\n<p>Informou que, quando da venda de ve\u00edculo, com o recebimento de outro em troca \u2013 ou da compra de carro usado \u2013, cabe \u00e0 concession\u00e1ria transferir a propriedade do ve\u00edculo para o seu nome, no prazo de trinta dias, como determina o C\u00f3digo de Tr\u00e2nsito Brasileiro, em seus arts. 123, \u00a71\u00ba, e 124, VIII.<\/p>\n\n\n\n<p>Sustentou que as concession\u00e1rias n\u00e3o fazem a referida e obrigat\u00f3ria transfer\u00eancia dos ve\u00edculos para os seus nomes, e, que obt\u00eam procura\u00e7\u00f5es dos ex-propriet\u00e1rios e procedem \u00e0s transfer\u00eancias diretas para os cidad\u00e3os que os adquirirem da concession\u00e1ria, burlando a legisla\u00e7\u00e3o em vigor, pois deixam de realizar a transfer\u00eancia para os seus nomes (da concession\u00e1ria) e de pagar os encargos devidos.<\/p>\n\n\n\n<p><strong>Julgamento<\/strong><\/p>\n\n\n\n<p>Ao analisar as provas contidas no processo, o relator, desembargador Vivaldo Pinheiro, entendeu que h\u00e1 ilegalidade por parte do Detran-RN ao negar os pedidos de transfer\u00eancia dos autom\u00f3veis, conforme foi pontuado na senten\u00e7a e, adotando os fundamentos ali expostos, ressaltou que, a n\u00e3o aceita\u00e7\u00e3o do que prev\u00ea a portaria 029\/2018-GADIR n\u00e3o ficou devidamente fundamentada, desta forma, n\u00e3o havendo dispositivo administrativo de revoga\u00e7\u00e3o da portaria.<\/p>\n\n\n\n<p>\u201cOu seja, estando em vigor e n\u00e3o afrontando o sistema de direito, os comandos normativos protra\u00eddos a partir do referido diploma administrativo devem ser observados\u201d, assinalou.<\/p>\n\n\n\n<p>\u201cEm suma, n\u00e3o h\u00e1 nenhuma ilegalidade na pr\u00e1tica adotada nas transfer\u00eancias de ve\u00edculos, sob o manejo do instrumento p\u00fablico de procura\u00e7\u00e3o espec\u00edfica, uma vez que, a pr\u00f3pria portaria as regula, n\u00e3o havendo motivos para o n\u00e3o cumprimento desta. Da\u00ed que o n\u00e3o cumprimento da norma administrativa fere o Princ\u00edpio da legalidade, segundo os contornos do art. 5\u00ba, II e 37, caput da Constitui\u00e7\u00e3o Federal\u201d, concluiu.<\/p>\n\n\n\n<p>(Processo n\u00ba 0807351-93.2020.8.20.5001)<\/p>\n","protected":false},"excerpt":{"rendered":"<p>Mantida pela 3\u00aa C\u00e2mara C\u00edvel a senten\u00e7a da 2\u00aa Vara da Fazenda P\u00fablica de Natal que determinou que o Departamento Estadual de Tr\u00e2nsito (Detran\/RN) adote provid\u00eancias para permitir a transfer\u00eancia de propriedade de ve\u00edculos seminovos, assim como, os procedimentos de auditoria de documentos, registros, vistorias, e tudo que se fizer necess\u00e1rio para a execu\u00e7\u00e3o destes<br \/><a class=\"more-link\" href=\"https:\/\/justicapotiguar.com.br\/index.php\/2023\/05\/13\/detran-deve-aceitar-procuracao-publica-nas-transferencias-de-propriedade-de-veiculos-seminovos\/\">Mais&#8230;<\/a><\/p>\n","protected":false},"author":5,"featured_media":0,"comment_status":"open","ping_status":"open","sticky":false,"template":"","format":"standard","meta":[],"categories":[1],"tags":[],"_links":{"self":[{"href":"https:\/\/justicapotiguar.com.br\/index.php\/wp-json\/wp\/v2\/posts\/31780"}],"collection":[{"href":"https:\/\/justicapotiguar.com.br\/index.php\/wp-json\/wp\/v2\/posts"}],"about":[{"href":"https:\/\/justicapotiguar.com.br\/index.php\/wp-json\/wp\/v2\/types\/post"}],"author":[{"embeddable":true,"href":"https:\/\/justicapotiguar.com.br\/index.php\/wp-json\/wp\/v2\/users\/5"}],"replies":[{"embeddable":true,"href":"https:\/\/justicapotiguar.com.br\/index.php\/wp-json\/wp\/v2\/comments?post=31780"}],"version-history":[{"count":1,"href":"https:\/\/justicapotiguar.com.br\/index.php\/wp-json\/wp\/v2\/posts\/31780\/revisions"}],"predecessor-version":[{"id":31781,"href":"https:\/\/justicapotiguar.com.br\/index.php\/wp-json\/wp\/v2\/posts\/31780\/revisions\/31781"}],"wp:attachment":[{"href":"https:\/\/justicapotiguar.com.br\/index.php\/wp-json\/wp\/v2\/media?parent=31780"}],"wp:term":[{"taxonomy":"category","embeddable":true,"href":"https:\/\/justicapotiguar.com.br\/index.php\/wp-json\/wp\/v2\/categories?post=31780"},{"taxonomy":"post_tag","embeddable":true,"href":"https:\/\/justicapotiguar.com.br\/index.php\/wp-json\/wp\/v2\/tags?post=31780"}],"curies":[{"name":"wp","href":"https:\/\/api.w.org\/{rel}","templated":true}]}}