{"id":31778,"date":"2023-05-13T08:40:00","date_gmt":"2023-05-13T11:40:00","guid":{"rendered":"https:\/\/justicapotiguar.com.br\/?p=31778"},"modified":"2023-05-13T08:41:00","modified_gmt":"2023-05-13T11:41:00","slug":"limites-territoriais-entre-municipios-do-serido-sao-alvo-de-julgamento","status":"publish","type":"post","link":"https:\/\/justicapotiguar.com.br\/index.php\/2023\/05\/13\/limites-territoriais-entre-municipios-do-serido-sao-alvo-de-julgamento\/","title":{"rendered":"Limites territoriais entre munic\u00edpios do Serid\u00f3 s\u00e3o alvo de julgamento"},"content":{"rendered":"\n<figure class=\"wp-block-image size-large\"><img loading=\"lazy\" width=\"1024\" height=\"745\" src=\"https:\/\/justicapotiguar.com.br\/wp-content\/uploads\/2019\/10\/mapa-municipios-rio-grande-do-norte-1024x745.jpg\" alt=\"\" class=\"wp-image-3496\" srcset=\"https:\/\/justicapotiguar.com.br\/wp-content\/uploads\/2019\/10\/mapa-municipios-rio-grande-do-norte-1024x745.jpg 1024w, https:\/\/justicapotiguar.com.br\/wp-content\/uploads\/2019\/10\/mapa-municipios-rio-grande-do-norte-300x218.jpg 300w, https:\/\/justicapotiguar.com.br\/wp-content\/uploads\/2019\/10\/mapa-municipios-rio-grande-do-norte-768x559.jpg 768w, https:\/\/justicapotiguar.com.br\/wp-content\/uploads\/2019\/10\/mapa-municipios-rio-grande-do-norte.jpg 1600w\" sizes=\"(max-width: 1024px) 100vw, 1024px\" \/><figcaption>Ilustrativa<\/figcaption><\/figure>\n\n\n\n<p>Os desembargadores que integram o Pleno do TJRN julgaram procedente, \u00e0 unanimidade de votos, a a\u00e7\u00e3o c\u00edvel origin\u00e1ria movida pelo munic\u00edpio de Flor\u00e2nia, que pleiteou a anula\u00e7\u00e3o de um decreto legislativo que aprovou conv\u00eanio intermunicipal de fixa\u00e7\u00e3o dos limites, celebrado entre outros dois munic\u00edpios \u2013 Santana do Matos e Tenente Laurentino Cruz. Um pleito que envolve o acordo que disp\u00f4s, ainda, acerca da delimita\u00e7\u00e3o com uma das urbes e o ente p\u00fablico autor da A\u00e7\u00e3o, que sequer fez parte da transa\u00e7\u00e3o.<\/p>\n\n\n\n<p>Segundo o munic\u00edpio de Flor\u00e2nia, o Assentamento Serra Nova\/Serra do Meio (objeto da controv\u00e9rsia), tamb\u00e9m conhecido como Povoado Jo\u00e3o da Cruz, se localiza nos limites do ente p\u00fablico que moveu a demanda, assim como, recebe deste munic\u00edpio todo apoio pol\u00edtico e administrativo, por\u00e9m apesar das incontestes evid\u00eancias de que o povoado est\u00e1 encravado nos limites territoriais, tal fato foi posto \u00e0 prova no ano de 2009, quando a popula\u00e7\u00e3o da comunidade denunciou que recenseadores do IBGE estavam recenseando a popula\u00e7\u00e3o do assentamento para o Munic\u00edpio de Santana do Matos.<\/p>\n\n\n\n<p>Conforme ainda os autos, tal circunst\u00e2ncia resultou na proposi\u00e7\u00e3o da a\u00e7\u00e3o, desde os idos de 2009, a qual foi julgada procedente, de modo que \u201co plen\u00e1rio do Tribunal reconheceu de forma definitiva a referida comunidade como pertencente ao Munic\u00edpio de Flor\u00e2nia\u201d.<\/p><div class=\"pkfgh69ef987f5da60\" ><!--<a href=\"https:\/\/bit.ly\/3QdrqTZ\" target=\"_blank\">\n<img src=\"https:\/\/justicapotiguar.com.br\/wp-content\/uploads\/2023\/09\/mobile-geral.gif\"\/><a\/>--><\/div><style type=\"text\/css\">\r\n.pkfgh69ef987f5da60 {\r\ntext-align: center;\r\n}\r\n@media screen and (min-width: 1201px) {\r\n.pkfgh69ef987f5da60 {\r\ndisplay: none;\r\n}\r\n}\r\n@media screen and (min-width: 993px) and (max-width: 1200px) {\r\n.pkfgh69ef987f5da60 {\r\ndisplay: none;\r\n}\r\n}\r\n@media screen and (min-width: 769px) and (max-width: 992px) {\r\n.pkfgh69ef987f5da60 {\r\ndisplay: none;\r\n}\r\n}\r\n@media screen and (min-width: 768px) and (max-width: 768px) {\r\n.pkfgh69ef987f5da60 {\r\ndisplay: block;\r\n}\r\n}\r\n@media screen and (max-width: 767px) {\r\n.pkfgh69ef987f5da60 {\r\ndisplay: block;\r\n}\r\n}\r\n<\/style>\r\n<div class=\"svujw69ef987f5da43\" ><!--<a href=\"https:\/\/bit.ly\/3QdrqTZ\" target=\"_blank\">\n<img src=\"https:\/\/justicapotiguar.com.br\/wp-content\/uploads\/2023\/09\/desktop-geral.gif\"\/><a\/>--><\/div><style type=\"text\/css\">\r\n.svujw69ef987f5da43 {\r\ntext-align: center;\nmargin-bottom: 1em;\r\n}\r\n@media screen and (min-width: 1201px) {\r\n.svujw69ef987f5da43 {\r\ndisplay: block;\r\n}\r\n}\r\n@media screen and (min-width: 993px) and (max-width: 1200px) {\r\n.svujw69ef987f5da43 {\r\ndisplay: block;\r\n}\r\n}\r\n@media screen and (min-width: 769px) and (max-width: 992px) {\r\n.svujw69ef987f5da43 {\r\ndisplay: block;\r\n}\r\n}\r\n@media screen and (min-width: 768px) and (max-width: 768px) {\r\n.svujw69ef987f5da43 {\r\ndisplay: none;\r\n}\r\n}\r\n@media screen and (max-width: 767px) {\r\n.svujw69ef987f5da43 {\r\ndisplay: none;\r\n}\r\n}\r\n<\/style>\r\n\n\n\n\n<p>Aduz que, no entanto, mesmo diante de tal decis\u00e3o judicial, foi publicado o Decreto Legislativo n\u00ba 10 (de 5 de dezembro de 2013), decorrente do processo legislativo n\u00ba 1617\/2013, que, ao aprovar o conv\u00eanio intermunicipal de fixa\u00e7\u00e3o dos limites, celebrado entre os Munic\u00edpios de Santana do Matos e Tenente Laurentino Cruz, indevidamente tratou sobre a fronteira do Munic\u00edpio de Santana do Matos com Flor\u00e2nia, que n\u00e3o foi signat\u00e1ria do dito conv\u00eanio, exatamente na divisa onde se encontra o Assentamento Serra Nova, reconhecendo como pertencente ao Munic\u00edpio de Santana do Matos, a despeito do j\u00e1 decidido no ac\u00f3rd\u00e3o citado e passado em julgado no \u00e2mbito do Tribunal de Justi\u00e7a do Rio Grande do Norte.<\/p>\n\n\n\n<p>\u201cDepreende-se, portanto, que o Munic\u00edpio de Santana do Matos disp\u00f4s com outro Ente Municipal acerca de uma \u00e1rea que sabia n\u00e3o lhe pertencer, raz\u00e3o pela qual a despeito da regularidade formal do procedimento legislativo para a promulga\u00e7\u00e3o e publica\u00e7\u00e3o do Decreto Legislativo Estadual n\u00ba 10\/2013\u201d, esclarece a relatora, desembargadora Maria de Lourdes Azev\u00eado, ao ressaltar que tal contexto resulta em reconhecer a nulidade do decreto, por ter aprovado conv\u00eanio intermunicipal decorrente de ajuste sobre a \u00e1rea pertencente a ente municipal n\u00e3o participante do acordo.<\/p>\n","protected":false},"excerpt":{"rendered":"<p>Os desembargadores que integram o Pleno do TJRN julgaram procedente, \u00e0 unanimidade de votos, a a\u00e7\u00e3o c\u00edvel origin\u00e1ria movida pelo munic\u00edpio de Flor\u00e2nia, que pleiteou a anula\u00e7\u00e3o de um decreto legislativo que aprovou conv\u00eanio intermunicipal de fixa\u00e7\u00e3o dos limites, celebrado entre outros dois munic\u00edpios \u2013 Santana do Matos e Tenente Laurentino Cruz. Um pleito que<br \/><a class=\"more-link\" href=\"https:\/\/justicapotiguar.com.br\/index.php\/2023\/05\/13\/limites-territoriais-entre-municipios-do-serido-sao-alvo-de-julgamento\/\">Mais&#8230;<\/a><\/p>\n","protected":false},"author":5,"featured_media":0,"comment_status":"open","ping_status":"open","sticky":false,"template":"","format":"standard","meta":[],"categories":[1],"tags":[],"_links":{"self":[{"href":"https:\/\/justicapotiguar.com.br\/index.php\/wp-json\/wp\/v2\/posts\/31778"}],"collection":[{"href":"https:\/\/justicapotiguar.com.br\/index.php\/wp-json\/wp\/v2\/posts"}],"about":[{"href":"https:\/\/justicapotiguar.com.br\/index.php\/wp-json\/wp\/v2\/types\/post"}],"author":[{"embeddable":true,"href":"https:\/\/justicapotiguar.com.br\/index.php\/wp-json\/wp\/v2\/users\/5"}],"replies":[{"embeddable":true,"href":"https:\/\/justicapotiguar.com.br\/index.php\/wp-json\/wp\/v2\/comments?post=31778"}],"version-history":[{"count":1,"href":"https:\/\/justicapotiguar.com.br\/index.php\/wp-json\/wp\/v2\/posts\/31778\/revisions"}],"predecessor-version":[{"id":31779,"href":"https:\/\/justicapotiguar.com.br\/index.php\/wp-json\/wp\/v2\/posts\/31778\/revisions\/31779"}],"wp:attachment":[{"href":"https:\/\/justicapotiguar.com.br\/index.php\/wp-json\/wp\/v2\/media?parent=31778"}],"wp:term":[{"taxonomy":"category","embeddable":true,"href":"https:\/\/justicapotiguar.com.br\/index.php\/wp-json\/wp\/v2\/categories?post=31778"},{"taxonomy":"post_tag","embeddable":true,"href":"https:\/\/justicapotiguar.com.br\/index.php\/wp-json\/wp\/v2\/tags?post=31778"}],"curies":[{"name":"wp","href":"https:\/\/api.w.org\/{rel}","templated":true}]}}