{"id":31774,"date":"2023-05-12T16:35:41","date_gmt":"2023-05-12T19:35:41","guid":{"rendered":"https:\/\/justicapotiguar.com.br\/?p=31774"},"modified":"2023-05-12T16:35:41","modified_gmt":"2023-05-12T19:35:41","slug":"tj-mantem-condenacao-de-ex-prefeito-que-nao-apresentou-prestacao-de-contas-a-camara-municipal-no-prazo-legal","status":"publish","type":"post","link":"https:\/\/justicapotiguar.com.br\/index.php\/2023\/05\/12\/tj-mantem-condenacao-de-ex-prefeito-que-nao-apresentou-prestacao-de-contas-a-camara-municipal-no-prazo-legal\/","title":{"rendered":"TJ mant\u00e9m condena\u00e7\u00e3o de ex-prefeito que n\u00e3o apresentou presta\u00e7\u00e3o de contas \u00e0 C\u00e2mara Municipal no prazo legal"},"content":{"rendered":"\n<figure class=\"wp-block-image size-large\"><img loading=\"lazy\" width=\"626\" height=\"417\" src=\"https:\/\/justicapotiguar.com.br\/wp-content\/uploads\/2020\/02\/balanca-da-justica-e-martelo-na-mesa-de-madeira-e-acordo-na-sala-de-audiencias_28283-789.jpg\" alt=\"\" class=\"wp-image-6004\" srcset=\"https:\/\/justicapotiguar.com.br\/wp-content\/uploads\/2020\/02\/balanca-da-justica-e-martelo-na-mesa-de-madeira-e-acordo-na-sala-de-audiencias_28283-789.jpg 626w, https:\/\/justicapotiguar.com.br\/wp-content\/uploads\/2020\/02\/balanca-da-justica-e-martelo-na-mesa-de-madeira-e-acordo-na-sala-de-audiencias_28283-789-300x200.jpg 300w\" sizes=\"(max-width: 626px) 100vw, 626px\" \/><figcaption>Reprodu\u00e7\u00e3o<\/figcaption><\/figure>\n\n\n\n<p>Em segundo grau, a Justi\u00e7a estadual manteve senten\u00e7a da Vara \u00danica da Comarca de Canguaretama que condenou um ex-prefeito da cidade por Ato de Improbidade Administrativa ao deixar de prestar contas de governo junto \u00e0 C\u00e2mara de Vereadores no prazo previsto, quando exercia o cargo p\u00fablico. A decis\u00e3o de negar o recurso \u00e9 da 3\u00aa C\u00e2mara C\u00edvel, de forma un\u00e2nime.<\/p>\n\n\n\n<p>Na primeira inst\u00e2ncia, ele foi condenado em uma a\u00e7\u00e3o civil p\u00fablica por Ato de Improbidade Administrativa, ajuizada pelo Minist\u00e9rio P\u00fablico Estadual, com pena de proibi\u00e7\u00e3o de contratar com o poder p\u00fablico ou receber benef\u00edcios ou incentivos fiscais ou credit\u00edcios, direta ou indiretamente, ainda que por interm\u00e9dio de pessoa jur\u00eddica da qual seja s\u00f3cio majorit\u00e1rio, pelo prazo de tr\u00eas anos.<\/p>\n\n\n\n<p>O ex-gestor tamb\u00e9m foi condenado ao pagamento de multa civil, de car\u00e1ter pedag\u00f3gico-punitivo, em favor do Munic\u00edpio de Canguaretama, no valor correspondente a tr\u00eas vezes o valor da maior remunera\u00e7\u00e3o percebida por ele, durante o per\u00edodo que exerceu o cargo de prefeito da referida municipalidade, com juros e atualiza\u00e7\u00e3o monet\u00e1ria.<\/p>\n\n\n\n<p>Ao recorrer ao Tribunal de Justi\u00e7a, o ex-prefeito alegou que h\u00e1 constata\u00e7\u00e3o t\u00e9cnica atestando a regularidade das contas p\u00fablicas (aprova\u00e7\u00e3o pelo Tribunal de Contas do Estado), como tamb\u00e9m que n\u00e3o existe dolo e preju\u00edzo ao er\u00e1rio, apontando, ainda, a desproporcionalidade da condena\u00e7\u00e3o imposta.<\/p>\n\n\n\n<p>Destacou tamb\u00e9m haver enorme diferen\u00e7a entre improbidade e mera irregularidade, ressaltando que, no caso, n\u00e3o ocorreu ato \u00edmprobo, uma vez que n\u00e3o houve dano ao er\u00e1rio, m\u00e1-f\u00e9 do agente pol\u00edtico, ganho pessoal do gestor nem nenhum outro dos requisitos necess\u00e1rios para a tipifica\u00e7\u00e3o de atua\u00e7\u00e3o desta natureza.<\/p><div class=\"cxxkk69ef985142ba3\" ><!--<a href=\"https:\/\/bit.ly\/3QdrqTZ\" target=\"_blank\">\n<img src=\"https:\/\/justicapotiguar.com.br\/wp-content\/uploads\/2023\/09\/mobile-geral.gif\"\/><a\/>--><\/div><style type=\"text\/css\">\r\n.cxxkk69ef985142ba3 {\r\ntext-align: center;\r\n}\r\n@media screen and (min-width: 1201px) {\r\n.cxxkk69ef985142ba3 {\r\ndisplay: none;\r\n}\r\n}\r\n@media screen and (min-width: 993px) and (max-width: 1200px) {\r\n.cxxkk69ef985142ba3 {\r\ndisplay: none;\r\n}\r\n}\r\n@media screen and (min-width: 769px) and (max-width: 992px) {\r\n.cxxkk69ef985142ba3 {\r\ndisplay: none;\r\n}\r\n}\r\n@media screen and (min-width: 768px) and (max-width: 768px) {\r\n.cxxkk69ef985142ba3 {\r\ndisplay: block;\r\n}\r\n}\r\n@media screen and (max-width: 767px) {\r\n.cxxkk69ef985142ba3 {\r\ndisplay: block;\r\n}\r\n}\r\n<\/style>\r\n<div class=\"gnbum69ef985142b84\" ><!--<a href=\"https:\/\/bit.ly\/3QdrqTZ\" target=\"_blank\">\n<img src=\"https:\/\/justicapotiguar.com.br\/wp-content\/uploads\/2023\/09\/desktop-geral.gif\"\/><a\/>--><\/div><style type=\"text\/css\">\r\n.gnbum69ef985142b84 {\r\ntext-align: center;\nmargin-bottom: 1em;\r\n}\r\n@media screen and (min-width: 1201px) {\r\n.gnbum69ef985142b84 {\r\ndisplay: block;\r\n}\r\n}\r\n@media screen and (min-width: 993px) and (max-width: 1200px) {\r\n.gnbum69ef985142b84 {\r\ndisplay: block;\r\n}\r\n}\r\n@media screen and (min-width: 769px) and (max-width: 992px) {\r\n.gnbum69ef985142b84 {\r\ndisplay: block;\r\n}\r\n}\r\n@media screen and (min-width: 768px) and (max-width: 768px) {\r\n.gnbum69ef985142b84 {\r\ndisplay: none;\r\n}\r\n}\r\n@media screen and (max-width: 767px) {\r\n.gnbum69ef985142b84 {\r\ndisplay: none;\r\n}\r\n}\r\n<\/style>\r\n\n\n\n\n<p><strong>Decis\u00e3o<\/strong><\/p>\n\n\n\n<p>Por\u00e9m, o relator do recurso, desembargador Vivaldo Pinheiro, entendeu que a tese exposta no recurso n\u00e3o merece prosperar porque n\u00e3o se discute a aprova\u00e7\u00e3o ou n\u00e3o das contas anuais, mas, sim, o descumprimento da obriga\u00e7\u00e3o legal de o Gestor Municipal apresent\u00e1-las \u00e0 C\u00e2mara Municipal, a fim de que sejam disponibilizadas para consulta popular, conforme estabelecido na Constitui\u00e7\u00e3o Federal e na Lei Org\u00e2nica do Munic\u00edpio.<\/p>\n\n\n\n<p>Segundo o relator, os elementos e documentos levados aos autos constatam que o ent\u00e3o Prefeito do Munic\u00edpio deixou de prestar contas de sua gest\u00e3o \u00e0 C\u00e2mara de Vereadores. \u201cNa esp\u00e9cie, ineg\u00e1vel a presen\u00e7a de dolo gen\u00e9rico na conduta do ex-gestor, eis que, deliberada e conscientemente, deixou de apresentar as contas anuais, mesmo sendo provocado diversas vezes atrav\u00e9s de solicita\u00e7\u00f5es encaminhadas por vereadores e requisi\u00e7\u00f5es do pr\u00f3prio Minist\u00e9rio P\u00fablico\u201d, decidiu.<\/p>\n\n\n\n<p>E finalizou assinalando que, \u201cconsiderando a aus\u00eancia de preju\u00edzo ao er\u00e1rio, a intensidade do dolo e a repercuss\u00e3o social dos fatos, entendo que a san\u00e7\u00e3o aplicada foi proporcional \u00e0 gravidade da conduta e sua reprova\u00e7\u00e3o\u201d, concluiu.<\/p>\n","protected":false},"excerpt":{"rendered":"<p>Em segundo grau, a Justi\u00e7a estadual manteve senten\u00e7a da Vara \u00danica da Comarca de Canguaretama que condenou um ex-prefeito da cidade por Ato de Improbidade Administrativa ao deixar de prestar contas de governo junto \u00e0 C\u00e2mara de Vereadores no prazo previsto, quando exercia o cargo p\u00fablico. A decis\u00e3o de negar o recurso \u00e9 da 3\u00aa<br \/><a class=\"more-link\" href=\"https:\/\/justicapotiguar.com.br\/index.php\/2023\/05\/12\/tj-mantem-condenacao-de-ex-prefeito-que-nao-apresentou-prestacao-de-contas-a-camara-municipal-no-prazo-legal\/\">Mais&#8230;<\/a><\/p>\n","protected":false},"author":5,"featured_media":0,"comment_status":"open","ping_status":"open","sticky":false,"template":"","format":"standard","meta":[],"categories":[1],"tags":[],"_links":{"self":[{"href":"https:\/\/justicapotiguar.com.br\/index.php\/wp-json\/wp\/v2\/posts\/31774"}],"collection":[{"href":"https:\/\/justicapotiguar.com.br\/index.php\/wp-json\/wp\/v2\/posts"}],"about":[{"href":"https:\/\/justicapotiguar.com.br\/index.php\/wp-json\/wp\/v2\/types\/post"}],"author":[{"embeddable":true,"href":"https:\/\/justicapotiguar.com.br\/index.php\/wp-json\/wp\/v2\/users\/5"}],"replies":[{"embeddable":true,"href":"https:\/\/justicapotiguar.com.br\/index.php\/wp-json\/wp\/v2\/comments?post=31774"}],"version-history":[{"count":1,"href":"https:\/\/justicapotiguar.com.br\/index.php\/wp-json\/wp\/v2\/posts\/31774\/revisions"}],"predecessor-version":[{"id":31775,"href":"https:\/\/justicapotiguar.com.br\/index.php\/wp-json\/wp\/v2\/posts\/31774\/revisions\/31775"}],"wp:attachment":[{"href":"https:\/\/justicapotiguar.com.br\/index.php\/wp-json\/wp\/v2\/media?parent=31774"}],"wp:term":[{"taxonomy":"category","embeddable":true,"href":"https:\/\/justicapotiguar.com.br\/index.php\/wp-json\/wp\/v2\/categories?post=31774"},{"taxonomy":"post_tag","embeddable":true,"href":"https:\/\/justicapotiguar.com.br\/index.php\/wp-json\/wp\/v2\/tags?post=31774"}],"curies":[{"name":"wp","href":"https:\/\/api.w.org\/{rel}","templated":true}]}}