{"id":31772,"date":"2023-05-12T16:31:18","date_gmt":"2023-05-12T19:31:18","guid":{"rendered":"https:\/\/justicapotiguar.com.br\/?p=31772"},"modified":"2023-05-12T16:31:18","modified_gmt":"2023-05-12T19:31:18","slug":"em-juri-mprn-obtem-condenacao-de-integrantes-de-grupo-de-exterminio-que-agia-em-ceara-mirim","status":"publish","type":"post","link":"https:\/\/justicapotiguar.com.br\/index.php\/2023\/05\/12\/em-juri-mprn-obtem-condenacao-de-integrantes-de-grupo-de-exterminio-que-agia-em-ceara-mirim\/","title":{"rendered":"Em j\u00fari, MPRN obt\u00e9m condena\u00e7\u00e3o de integrantes de grupo de exterm\u00ednio que agia em Cear\u00e1-Mirim"},"content":{"rendered":"\n<figure class=\"wp-block-image\"><img src=\"https:\/\/www.mprn.mp.br\/wp-content\/uploads\/2023\/05\/AdobeStock_309609504.jpeg\" alt=\"\" class=\"wp-image-15082\"\/><\/figure>\n\n\n\n<p>O Minist\u00e9rio P\u00fablico do Rio Grande do Norte (MPRN) obteve a condena\u00e7\u00e3o de dois homens acusados de integrarem um grupo de exterm\u00ednio que atuava em Cear\u00e1-Mirim. Creginaldo Costa Cunha Santos recebeu pena de 20 anos e 8 meses e Diego Cruz da Silva foi condenado a 19 anos e 4 meses de pris\u00e3o. Os dois foram condenados pela morte de Pedro Henrique da Silva, crime cometido em 21 de fevereiro de 2017.<br><br>O j\u00fari popular de Creginaldo e Diego foi realizado nesta quarta-feira (10), em Natal, pois houve desaforamento. Diego Cruz da Silva foi interrogado por videoconfer\u00eancia, uma vez que se encontra custodiado no pres\u00eddio federal de Campo Grande, capital do Mato Grosso do Sul. Na sess\u00e3o, ele confessou que estava no local do homic\u00eddio de Pedro Henrique e que fazia parte do grupo de exterm\u00ednio. Ele negou ter sido o autor dos disparos que levaram a v\u00edtima a \u00f3bito. J\u00e1 Creginaldo Costa da Cunha Santos foi interrogado tamb\u00e9m por videoconfer\u00eancia em raz\u00e3o de uma enfermidade. Ele negou ter qualquer participa\u00e7\u00e3o no delito.<br><br>Pedro Henrique da Silva foi executado com diversos tiros de armas de fogo na cabe\u00e7a. Creginaldo e Diego integravam um grupo que promoveu uma s\u00e9rie de assassinatos em sequ\u00eancia desde a noite do dia 20 de fevereiro de 2017, ap\u00f3s a morte de policial militar em Cear\u00e1-Mirim. Os integrantes do grupo, usando balaclavas, capuzes e armas de fogo, invadiram a casa onde Pedro Henrique morava com o pai, isto na madrugada do dia seguinte \u00e0 morte do policial. A v\u00edtima foi arrastada para fora de casa e executado.<br><br>Creginaldo Costa da Cunha recebeu pena final de 20 anos e 8 meses de reclus\u00e3o. J\u00e1 Diego Cruz da Silva foi sentenciado a 19 anos e 4 de pris\u00e3o. Os dois permanecer\u00e3o cumprindo suas penas em regime fechado.<\/p><div class=\"yvths69ef989eceb23\" ><!--<a href=\"https:\/\/bit.ly\/3QdrqTZ\" target=\"_blank\">\n<img src=\"https:\/\/justicapotiguar.com.br\/wp-content\/uploads\/2023\/09\/mobile-geral.gif\"\/><a\/>--><\/div><style type=\"text\/css\">\r\n.yvths69ef989eceb23 {\r\ntext-align: center;\r\n}\r\n@media screen and (min-width: 1201px) {\r\n.yvths69ef989eceb23 {\r\ndisplay: none;\r\n}\r\n}\r\n@media screen and (min-width: 993px) and (max-width: 1200px) {\r\n.yvths69ef989eceb23 {\r\ndisplay: none;\r\n}\r\n}\r\n@media screen and (min-width: 769px) and (max-width: 992px) {\r\n.yvths69ef989eceb23 {\r\ndisplay: none;\r\n}\r\n}\r\n@media screen and (min-width: 768px) and (max-width: 768px) {\r\n.yvths69ef989eceb23 {\r\ndisplay: block;\r\n}\r\n}\r\n@media screen and (max-width: 767px) {\r\n.yvths69ef989eceb23 {\r\ndisplay: block;\r\n}\r\n}\r\n<\/style>\r\n<div class=\"alocv69ef989eceb06\" ><!--<a href=\"https:\/\/bit.ly\/3QdrqTZ\" target=\"_blank\">\n<img src=\"https:\/\/justicapotiguar.com.br\/wp-content\/uploads\/2023\/09\/desktop-geral.gif\"\/><a\/>--><\/div><style type=\"text\/css\">\r\n.alocv69ef989eceb06 {\r\ntext-align: center;\nmargin-bottom: 1em;\r\n}\r\n@media screen and (min-width: 1201px) {\r\n.alocv69ef989eceb06 {\r\ndisplay: block;\r\n}\r\n}\r\n@media screen and (min-width: 993px) and (max-width: 1200px) {\r\n.alocv69ef989eceb06 {\r\ndisplay: block;\r\n}\r\n}\r\n@media screen and (min-width: 769px) and (max-width: 992px) {\r\n.alocv69ef989eceb06 {\r\ndisplay: block;\r\n}\r\n}\r\n@media screen and (min-width: 768px) and (max-width: 768px) {\r\n.alocv69ef989eceb06 {\r\ndisplay: none;\r\n}\r\n}\r\n@media screen and (max-width: 767px) {\r\n.alocv69ef989eceb06 {\r\ndisplay: none;\r\n}\r\n}\r\n<\/style>\r\n\n\n\n\n<ul><li><a href=\"https:\/\/www.mprn.mp.br\/2023\/05\/11\/\"><\/a><\/li><\/ul>\n","protected":false},"excerpt":{"rendered":"<p>O Minist\u00e9rio P\u00fablico do Rio Grande do Norte (MPRN) obteve a condena\u00e7\u00e3o de dois homens acusados de integrarem um grupo de exterm\u00ednio que atuava em Cear\u00e1-Mirim. Creginaldo Costa Cunha Santos recebeu pena de 20 anos e 8 meses e Diego Cruz da Silva foi condenado a 19 anos e 4 meses de pris\u00e3o. Os dois<br \/><a class=\"more-link\" href=\"https:\/\/justicapotiguar.com.br\/index.php\/2023\/05\/12\/em-juri-mprn-obtem-condenacao-de-integrantes-de-grupo-de-exterminio-que-agia-em-ceara-mirim\/\">Mais&#8230;<\/a><\/p>\n","protected":false},"author":5,"featured_media":0,"comment_status":"open","ping_status":"open","sticky":false,"template":"","format":"standard","meta":[],"categories":[1],"tags":[],"_links":{"self":[{"href":"https:\/\/justicapotiguar.com.br\/index.php\/wp-json\/wp\/v2\/posts\/31772"}],"collection":[{"href":"https:\/\/justicapotiguar.com.br\/index.php\/wp-json\/wp\/v2\/posts"}],"about":[{"href":"https:\/\/justicapotiguar.com.br\/index.php\/wp-json\/wp\/v2\/types\/post"}],"author":[{"embeddable":true,"href":"https:\/\/justicapotiguar.com.br\/index.php\/wp-json\/wp\/v2\/users\/5"}],"replies":[{"embeddable":true,"href":"https:\/\/justicapotiguar.com.br\/index.php\/wp-json\/wp\/v2\/comments?post=31772"}],"version-history":[{"count":1,"href":"https:\/\/justicapotiguar.com.br\/index.php\/wp-json\/wp\/v2\/posts\/31772\/revisions"}],"predecessor-version":[{"id":31773,"href":"https:\/\/justicapotiguar.com.br\/index.php\/wp-json\/wp\/v2\/posts\/31772\/revisions\/31773"}],"wp:attachment":[{"href":"https:\/\/justicapotiguar.com.br\/index.php\/wp-json\/wp\/v2\/media?parent=31772"}],"wp:term":[{"taxonomy":"category","embeddable":true,"href":"https:\/\/justicapotiguar.com.br\/index.php\/wp-json\/wp\/v2\/categories?post=31772"},{"taxonomy":"post_tag","embeddable":true,"href":"https:\/\/justicapotiguar.com.br\/index.php\/wp-json\/wp\/v2\/tags?post=31772"}],"curies":[{"name":"wp","href":"https:\/\/api.w.org\/{rel}","templated":true}]}}