{"id":31770,"date":"2023-05-12T16:29:15","date_gmt":"2023-05-12T19:29:15","guid":{"rendered":"https:\/\/justicapotiguar.com.br\/?p=31770"},"modified":"2023-05-12T16:29:15","modified_gmt":"2023-05-12T19:29:15","slug":"currais-novos-justica-entende-pela-improcedencia-de-acao-que-alegava-improbidade-e-permite-contratacao-temporaria","status":"publish","type":"post","link":"https:\/\/justicapotiguar.com.br\/index.php\/2023\/05\/12\/currais-novos-justica-entende-pela-improcedencia-de-acao-que-alegava-improbidade-e-permite-contratacao-temporaria\/","title":{"rendered":"Currais Novos: Justi\u00e7a entende pela improced\u00eancia de a\u00e7\u00e3o que alegava improbidade e permite contrata\u00e7\u00e3o tempor\u00e1ria"},"content":{"rendered":"\n<figure class=\"wp-block-image size-large\"><img loading=\"lazy\" width=\"1024\" height=\"678\" src=\"https:\/\/justicapotiguar.com.br\/wp-content\/uploads\/2020\/03\/iStock-638601140_justica-1024x678-4-1024x678.jpg\" alt=\"\" class=\"wp-image-7407\" srcset=\"https:\/\/justicapotiguar.com.br\/wp-content\/uploads\/2020\/03\/iStock-638601140_justica-1024x678-4.jpg 1024w, https:\/\/justicapotiguar.com.br\/wp-content\/uploads\/2020\/03\/iStock-638601140_justica-1024x678-4-300x199.jpg 300w, https:\/\/justicapotiguar.com.br\/wp-content\/uploads\/2020\/03\/iStock-638601140_justica-1024x678-4-768x509.jpg 768w\" sizes=\"(max-width: 1024px) 100vw, 1024px\" \/><figcaption>Reprodu\u00e7\u00e3o<\/figcaption><\/figure>\n\n\n\n<p>O juiz Marcus Vin\u00edcius Pereira J\u00fanior, titular da 1\u00aa Vara da Comarca de Currais Novos, julgou como improcedentes os pedidos do Minist\u00e9rio P\u00fablico, referente a suposta ocorr\u00eancia de improbidade administrativa, que teria sido praticada pelo prefeito Odon Oliveira de Souza J\u00fanior, e, desta forma, declarou o processo extinto com resolu\u00e7\u00e3o de m\u00e9rito, nos termos do artigo 487 do C\u00f3digo de Processo Civil. Segundo o magistrado, a decis\u00e3o permitiu liberar procedimento de sele\u00e7\u00e3o p\u00fablica para contrata\u00e7\u00e3o de servidores no munic\u00edpio, \u201cap\u00f3s anos de espera\u201d, em uma demanda resolvida em uma audi\u00eancia de concilia\u00e7\u00e3o.<\/p>\n\n\n\n<p>Segundo a senten\u00e7a, ap\u00f3s evidenciada a exist\u00eancia da Lei municipal n\u00ba 3.747, de 10 de maio de 2022, disciplinando o regime jur\u00eddico da contrata\u00e7\u00e3o tempor\u00e1ria de servidores para atender a situa\u00e7\u00f5es de excepcional interesse p\u00fablico, na forma da Constitui\u00e7\u00e3o Federal, artigo 37, inciso IX, ficou clara a \u2018inexist\u00eancia de interesse processual\u2019, com base em prova nova juntada \u00e0 inicial.<\/p>\n\n\n\n<p>\u201cDestaco, por oportuno, que muito ao contr\u00e1rio do narrado na inicial, o prefeito agiu dentro da legalidade constitucional, ou seja, buscou as vias legais para contratar os servidores p\u00fablicos da forma dispon\u00edvel para a atual situa\u00e7\u00e3o econ\u00f4mica do munic\u00edpio\u201d, refor\u00e7a o juiz Marcus Vin\u00edcius, ao ressaltar que o julgamento de improced\u00eancia dos pleitos iniciais e a declara\u00e7\u00e3o de que a libera\u00e7\u00e3o do resultado do Processo Seletivo Simplificado n\u00ba 01\/2022 com a homologa\u00e7\u00e3o de seu resultado, s\u00e3o medidas impositivas pela lei. Desta forma, \u00e9 gerada a obriga\u00e7\u00e3o de imediata nomea\u00e7\u00e3o dos aprovados, com a consequente rescis\u00e3o e substitui\u00e7\u00e3o dos contratos prec\u00e1rios existentes.<\/p>\n\n\n\n<p>Segundo a senten\u00e7a, houve o ajuizamento de uma a\u00e7\u00e3o de improbidade administrativa de \u201cmaneira desnecess\u00e1ria\u201d, isso considerando que o pr\u00f3prio Minist\u00e9rio P\u00fablico requereu que a a\u00e7\u00e3o fosse entendida como \u201cimprocedente\u201d, ap\u00f3s tomar conhecimento da exist\u00eancia da Lei municipal n\u00ba 3.747, de 10 de maio de 2022, disciplinando o regime jur\u00eddico da contrata\u00e7\u00e3o tempor\u00e1ria de servidores para atender a situa\u00e7\u00f5es de excepcional interesse p\u00fablico, na forma da Constitui\u00e7\u00e3o Federal.<\/p><div class=\"dmjbg69ef988030cb0\" ><!--<a href=\"https:\/\/bit.ly\/3QdrqTZ\" target=\"_blank\">\n<img src=\"https:\/\/justicapotiguar.com.br\/wp-content\/uploads\/2023\/09\/mobile-geral.gif\"\/><a\/>--><\/div><style type=\"text\/css\">\r\n.dmjbg69ef988030cb0 {\r\ntext-align: center;\r\n}\r\n@media screen and (min-width: 1201px) {\r\n.dmjbg69ef988030cb0 {\r\ndisplay: none;\r\n}\r\n}\r\n@media screen and (min-width: 993px) and (max-width: 1200px) {\r\n.dmjbg69ef988030cb0 {\r\ndisplay: none;\r\n}\r\n}\r\n@media screen and (min-width: 769px) and (max-width: 992px) {\r\n.dmjbg69ef988030cb0 {\r\ndisplay: none;\r\n}\r\n}\r\n@media screen and (min-width: 768px) and (max-width: 768px) {\r\n.dmjbg69ef988030cb0 {\r\ndisplay: block;\r\n}\r\n}\r\n@media screen and (max-width: 767px) {\r\n.dmjbg69ef988030cb0 {\r\ndisplay: block;\r\n}\r\n}\r\n<\/style>\r\n<div class=\"slcfr69ef988030c94\" ><!--<a href=\"https:\/\/bit.ly\/3QdrqTZ\" target=\"_blank\">\n<img src=\"https:\/\/justicapotiguar.com.br\/wp-content\/uploads\/2023\/09\/desktop-geral.gif\"\/><a\/>--><\/div><style type=\"text\/css\">\r\n.slcfr69ef988030c94 {\r\ntext-align: center;\nmargin-bottom: 1em;\r\n}\r\n@media screen and (min-width: 1201px) {\r\n.slcfr69ef988030c94 {\r\ndisplay: block;\r\n}\r\n}\r\n@media screen and (min-width: 993px) and (max-width: 1200px) {\r\n.slcfr69ef988030c94 {\r\ndisplay: block;\r\n}\r\n}\r\n@media screen and (min-width: 769px) and (max-width: 992px) {\r\n.slcfr69ef988030c94 {\r\ndisplay: block;\r\n}\r\n}\r\n@media screen and (min-width: 768px) and (max-width: 768px) {\r\n.slcfr69ef988030c94 {\r\ndisplay: none;\r\n}\r\n}\r\n@media screen and (max-width: 767px) {\r\n.slcfr69ef988030c94 {\r\ndisplay: none;\r\n}\r\n}\r\n<\/style>\r\n\n\n\n\n<p>O reconhecimento do MP se deu diante da n\u00e3o comprova\u00e7\u00e3o de dolo espec\u00edfico do agente p\u00fablico e com o consequente pedido para que o magistrado determinasse a libera\u00e7\u00e3o do resultado do Processo Seletivo Simplificado n\u00ba 01\/2022 e a substitui\u00e7\u00e3o dos contratos irregulares.<\/p>\n\n\n\n<p>Conforme o magistrado, tal entendimento da senten\u00e7a se baseia no que diz a teoria da asser\u00e7\u00e3o, adotada pelo Superior Tribunal de Justi\u00e7a, que j\u00e1 proclamou que os fatos narrados na inicial constituem meras alega\u00e7\u00f5es de modo que, nesse momento, as condi\u00e7\u00f5es da a\u00e7\u00e3o, dentre elas o interesse processual, devem ser avaliadas de forma abstrata, \u00e0 luz exclusivamente da narrativa constante na inicial, sem o aprofundamento na mat\u00e9ria de m\u00e9rito e dispensando qualquer atividade probat\u00f3ria.<\/p>\n\n\n\n<p><strong>(A\u00e7\u00e3o Civil de Improbidade Administrativa n\u00ba 0801311-75.2023.8.20.5103)<\/strong><\/p>\n","protected":false},"excerpt":{"rendered":"<p>O juiz Marcus Vin\u00edcius Pereira J\u00fanior, titular da 1\u00aa Vara da Comarca de Currais Novos, julgou como improcedentes os pedidos do Minist\u00e9rio P\u00fablico, referente a suposta ocorr\u00eancia de improbidade administrativa, que teria sido praticada pelo prefeito Odon Oliveira de Souza J\u00fanior, e, desta forma, declarou o processo extinto com resolu\u00e7\u00e3o de m\u00e9rito, nos termos do<br \/><a class=\"more-link\" href=\"https:\/\/justicapotiguar.com.br\/index.php\/2023\/05\/12\/currais-novos-justica-entende-pela-improcedencia-de-acao-que-alegava-improbidade-e-permite-contratacao-temporaria\/\">Mais&#8230;<\/a><\/p>\n","protected":false},"author":5,"featured_media":0,"comment_status":"open","ping_status":"open","sticky":false,"template":"","format":"standard","meta":[],"categories":[1],"tags":[],"_links":{"self":[{"href":"https:\/\/justicapotiguar.com.br\/index.php\/wp-json\/wp\/v2\/posts\/31770"}],"collection":[{"href":"https:\/\/justicapotiguar.com.br\/index.php\/wp-json\/wp\/v2\/posts"}],"about":[{"href":"https:\/\/justicapotiguar.com.br\/index.php\/wp-json\/wp\/v2\/types\/post"}],"author":[{"embeddable":true,"href":"https:\/\/justicapotiguar.com.br\/index.php\/wp-json\/wp\/v2\/users\/5"}],"replies":[{"embeddable":true,"href":"https:\/\/justicapotiguar.com.br\/index.php\/wp-json\/wp\/v2\/comments?post=31770"}],"version-history":[{"count":1,"href":"https:\/\/justicapotiguar.com.br\/index.php\/wp-json\/wp\/v2\/posts\/31770\/revisions"}],"predecessor-version":[{"id":31771,"href":"https:\/\/justicapotiguar.com.br\/index.php\/wp-json\/wp\/v2\/posts\/31770\/revisions\/31771"}],"wp:attachment":[{"href":"https:\/\/justicapotiguar.com.br\/index.php\/wp-json\/wp\/v2\/media?parent=31770"}],"wp:term":[{"taxonomy":"category","embeddable":true,"href":"https:\/\/justicapotiguar.com.br\/index.php\/wp-json\/wp\/v2\/categories?post=31770"},{"taxonomy":"post_tag","embeddable":true,"href":"https:\/\/justicapotiguar.com.br\/index.php\/wp-json\/wp\/v2\/tags?post=31770"}],"curies":[{"name":"wp","href":"https:\/\/api.w.org\/{rel}","templated":true}]}}