{"id":31766,"date":"2023-05-12T11:17:51","date_gmt":"2023-05-12T14:17:51","guid":{"rendered":"https:\/\/justicapotiguar.com.br\/?p=31766"},"modified":"2023-05-12T11:17:51","modified_gmt":"2023-05-12T14:17:51","slug":"video-por-importunacao-sexual-dudu-camargo-indenizara-simony-em-r-30-mil","status":"publish","type":"post","link":"https:\/\/justicapotiguar.com.br\/index.php\/2023\/05\/12\/video-por-importunacao-sexual-dudu-camargo-indenizara-simony-em-r-30-mil\/","title":{"rendered":"V\u00cdDEO: Por importuna\u00e7\u00e3o sexual, Dudu Camargo indenizar\u00e1 Simony em R$ 30 mil"},"content":{"rendered":"\n<p>O apresentador do SBT Dudu Camargo foi condenado a pagar R$ 30 mil \u00e0 cantora Simony como indeniza\u00e7\u00e3o por importuna\u00e7\u00e3o sexual. O epis\u00f3dio se deu no Carnaval de 2020, quando Dudu apalpou Simony ao vivo na RedeTV!.<\/p>\n\n\n\n<p>Na a\u00e7\u00e3o, ela afirmou que apresentava o programa &#8220;Bastidores do Carnaval&#8221;, na RedeTV, quando o r\u00e9u apareceu e pediu para entrar ao vivo com os apresentadores. Foi quando ele teria agido &#8220;de maneira abusiva e excessiva&#8221;, elogiou a vestimenta da cantora e passou a realizar contato f\u00edsico &#8220;de maneira exacerbada&#8221;.<\/p>\n\n\n\n<p>Ela ainda narrou que o coapresentador, Nelson Rubens, fez uma brincadeira sobre o r\u00e9u ter inten\u00e7\u00e3o de ir ao &#8220;Bal\u00e3o M\u00e1gico&#8221; com Simony, mas Dudu teria transformado a situa\u00e7\u00e3o em algo de conota\u00e7\u00e3o sexual, indicando que preferia ir \u00e0 &#8220;Banheira do Gugu&#8221;; em seguida, a agarrou de modo forte como se fosse dar um selinho, e passou a apalpar o corpo da apresentadora, e disse que queria fazer um filho com ela.<\/p>\n\n\n\n<p>Assista a trecho:<\/p>\n\n\n\n<figure class=\"wp-block-embed is-type-video is-provider-youtube wp-block-embed-youtube wp-embed-aspect-16-9 wp-has-aspect-ratio\"><div class=\"wp-block-embed__wrapper\">\n<iframe loading=\"lazy\" title=\"Dudu Camargo indenizar\u00e1 Simony em R$ 30 mil por importuna\u00e7\u00e3o sexual\" width=\"640\" height=\"360\" src=\"https:\/\/www.youtube.com\/embed\/bhLL4SwNt5k?feature=oembed\" frameborder=\"0\" allow=\"accelerometer; autoplay; clipboard-write; encrypted-media; gyroscope; picture-in-picture; web-share\" allowfullscreen><\/iframe>\n<\/div><\/figure>\n\n\n\n<p>Ao decidir, o juiz afirmou que o v\u00eddeo da situa\u00e7\u00e3o ocorrida permite verificar a atitude violadora praticada pelo r\u00e9u.<\/p>\n\n\n\n<p>&#8220;Com efeito, muito tempo depois de ter elogiado a vestimenta da parte demandante, retorna a dela falar (enquanto a abra\u00e7ava indevidamente, o que ser\u00e1 exposto abaixo) e passa a tocar a vestimenta em diversos locais, isso enquanto o coapresentador falava que a demandante estava solteira. \u00c9 nesse ponto que ocorre o fato mais grave e violador por parte do demandado. Isso porque para al\u00e9m de tocar a vestimenta em diversos locais (o que, diga-se de passagem, era desnecess\u00e1rio, eis que seguia um padr\u00e3o e o toque inicial seria suficiente para visualizar o vestido, se essa fosse a inten\u00e7\u00e3o), chega ao ponto de tocar a pele da autora e na regi\u00e3o dos seios, violando, assim, sua intimidade f\u00edsica.&#8221;<\/p>\n\n\n\n<p>O juiz ainda diz que a situa\u00e7\u00e3o foi por ele voluntariamente provocada, na medida em que a fez justamente ap\u00f3s tocar a segunda pele vestida pela cantora.<\/p><div class=\"zexfj69ef987f5ba35\" ><!--<a href=\"https:\/\/bit.ly\/3QdrqTZ\" target=\"_blank\">\n<img src=\"https:\/\/justicapotiguar.com.br\/wp-content\/uploads\/2023\/09\/mobile-geral.gif\"\/><a\/>--><\/div><style type=\"text\/css\">\r\n.zexfj69ef987f5ba35 {\r\ntext-align: center;\r\n}\r\n@media screen and (min-width: 1201px) {\r\n.zexfj69ef987f5ba35 {\r\ndisplay: none;\r\n}\r\n}\r\n@media screen and (min-width: 993px) and (max-width: 1200px) {\r\n.zexfj69ef987f5ba35 {\r\ndisplay: none;\r\n}\r\n}\r\n@media screen and (min-width: 769px) and (max-width: 992px) {\r\n.zexfj69ef987f5ba35 {\r\ndisplay: none;\r\n}\r\n}\r\n@media screen and (min-width: 768px) and (max-width: 768px) {\r\n.zexfj69ef987f5ba35 {\r\ndisplay: block;\r\n}\r\n}\r\n@media screen and (max-width: 767px) {\r\n.zexfj69ef987f5ba35 {\r\ndisplay: block;\r\n}\r\n}\r\n<\/style>\r\n<div class=\"culcd69ef987f5ba17\" ><!--<a href=\"https:\/\/bit.ly\/3QdrqTZ\" target=\"_blank\">\n<img src=\"https:\/\/justicapotiguar.com.br\/wp-content\/uploads\/2023\/09\/desktop-geral.gif\"\/><a\/>--><\/div><style type=\"text\/css\">\r\n.culcd69ef987f5ba17 {\r\ntext-align: center;\nmargin-bottom: 1em;\r\n}\r\n@media screen and (min-width: 1201px) {\r\n.culcd69ef987f5ba17 {\r\ndisplay: block;\r\n}\r\n}\r\n@media screen and (min-width: 993px) and (max-width: 1200px) {\r\n.culcd69ef987f5ba17 {\r\ndisplay: block;\r\n}\r\n}\r\n@media screen and (min-width: 769px) and (max-width: 992px) {\r\n.culcd69ef987f5ba17 {\r\ndisplay: block;\r\n}\r\n}\r\n@media screen and (min-width: 768px) and (max-width: 768px) {\r\n.culcd69ef987f5ba17 {\r\ndisplay: none;\r\n}\r\n}\r\n@media screen and (max-width: 767px) {\r\n.culcd69ef987f5ba17 {\r\ndisplay: none;\r\n}\r\n}\r\n<\/style>\r\n\n\n\n\n<p>&#8220;Em seguida, nova situa\u00e7\u00e3o grave ocorre, na medida em que o r\u00e9u n\u00e3o s\u00f3 abra\u00e7ou a demandante, como passou a praticar movimentos que simulam o ato sexual. Isso, contrariamente ao aduzido pela defesa, n\u00e3o pode ser entendido como uma mera brincadeira, algo jocoso, para distra\u00e7\u00e3o naquela entrevista.&#8221;<\/p>\n\n\n\n<p>O juiz destacou que a dignidade pretendida n\u00e3o se restringe apenas \u00e0 prote\u00e7\u00e3o f\u00edsica do corpo da mulher, ou a sua inser\u00e7\u00e3o nos meios pol\u00edticos e laborativos, mas tamb\u00e9m se preocupa em abolir atos discriminat\u00f3rios cotidianos, &#8220;que se encontram pulverizados e equivocadamente normalizados no comportamento do todo social&#8221;.<\/p>\n\n\n\n<p>Assim, considerou ser devido o reconhecimento da responsabilidade civil do demandado. A indeniza\u00e7\u00e3o por danos morais foi fixada em R$ 30 mil.<\/p>\n\n\n\n<p>O advogado Eneas de Oliveira Matos, do escrit\u00f3rio&nbsp;Oliveira Matos Advogados, atuou pela cantora.<\/p>\n\n\n\n<p>Processo: 1015633-65.2022.8.26.0001<br>Leia a senten\u00e7a.<\/p>\n\n\n\n<p>Migalhas <\/p>\n","protected":false},"excerpt":{"rendered":"<p>O apresentador do SBT Dudu Camargo foi condenado a pagar R$ 30 mil \u00e0 cantora Simony como indeniza\u00e7\u00e3o por importuna\u00e7\u00e3o sexual. O epis\u00f3dio se deu no Carnaval de 2020, quando Dudu apalpou Simony ao vivo na RedeTV!. Na a\u00e7\u00e3o, ela afirmou que apresentava o programa &#8220;Bastidores do Carnaval&#8221;, na RedeTV, quando o r\u00e9u apareceu e<br \/><a class=\"more-link\" href=\"https:\/\/justicapotiguar.com.br\/index.php\/2023\/05\/12\/video-por-importunacao-sexual-dudu-camargo-indenizara-simony-em-r-30-mil\/\">Mais&#8230;<\/a><\/p>\n","protected":false},"author":5,"featured_media":0,"comment_status":"open","ping_status":"open","sticky":false,"template":"","format":"standard","meta":[],"categories":[1],"tags":[],"_links":{"self":[{"href":"https:\/\/justicapotiguar.com.br\/index.php\/wp-json\/wp\/v2\/posts\/31766"}],"collection":[{"href":"https:\/\/justicapotiguar.com.br\/index.php\/wp-json\/wp\/v2\/posts"}],"about":[{"href":"https:\/\/justicapotiguar.com.br\/index.php\/wp-json\/wp\/v2\/types\/post"}],"author":[{"embeddable":true,"href":"https:\/\/justicapotiguar.com.br\/index.php\/wp-json\/wp\/v2\/users\/5"}],"replies":[{"embeddable":true,"href":"https:\/\/justicapotiguar.com.br\/index.php\/wp-json\/wp\/v2\/comments?post=31766"}],"version-history":[{"count":1,"href":"https:\/\/justicapotiguar.com.br\/index.php\/wp-json\/wp\/v2\/posts\/31766\/revisions"}],"predecessor-version":[{"id":31767,"href":"https:\/\/justicapotiguar.com.br\/index.php\/wp-json\/wp\/v2\/posts\/31766\/revisions\/31767"}],"wp:attachment":[{"href":"https:\/\/justicapotiguar.com.br\/index.php\/wp-json\/wp\/v2\/media?parent=31766"}],"wp:term":[{"taxonomy":"category","embeddable":true,"href":"https:\/\/justicapotiguar.com.br\/index.php\/wp-json\/wp\/v2\/categories?post=31766"},{"taxonomy":"post_tag","embeddable":true,"href":"https:\/\/justicapotiguar.com.br\/index.php\/wp-json\/wp\/v2\/tags?post=31766"}],"curies":[{"name":"wp","href":"https:\/\/api.w.org\/{rel}","templated":true}]}}