{"id":31762,"date":"2023-05-12T08:00:00","date_gmt":"2023-05-12T11:00:00","guid":{"rendered":"https:\/\/justicapotiguar.com.br\/?p=31762"},"modified":"2023-05-11T23:02:04","modified_gmt":"2023-05-12T02:02:04","slug":"alexandre-de-moraes-revoga-prisao-preventiva-de-anderson-torres","status":"publish","type":"post","link":"https:\/\/justicapotiguar.com.br\/index.php\/2023\/05\/12\/alexandre-de-moraes-revoga-prisao-preventiva-de-anderson-torres\/","title":{"rendered":"Alexandre de Moraes revoga pris\u00e3o preventiva de Anderson Torres"},"content":{"rendered":"\n<figure class=\"wp-block-image size-large\"><img loading=\"lazy\" width=\"876\" height=\"484\" src=\"https:\/\/justicapotiguar.com.br\/wp-content\/uploads\/2022\/10\/anderson_torres_02.jpg\" alt=\"\" class=\"wp-image-28878\" srcset=\"https:\/\/justicapotiguar.com.br\/wp-content\/uploads\/2022\/10\/anderson_torres_02.jpg 876w, https:\/\/justicapotiguar.com.br\/wp-content\/uploads\/2022\/10\/anderson_torres_02-300x166.jpg 300w, https:\/\/justicapotiguar.com.br\/wp-content\/uploads\/2022\/10\/anderson_torres_02-768x424.jpg 768w\" sizes=\"(max-width: 876px) 100vw, 876px\" \/><figcaption>Reprodu\u00e7\u00e3o<\/figcaption><\/figure>\n\n\n\n<p>Por entender que houve avan\u00e7o na investiga\u00e7\u00e3o criminal e realiza\u00e7\u00e3o de todas as dilig\u00eancias necess\u00e1rias, o ministro Alexandre de Moraes, do Supremo Tribunal Federal, revogou a pris\u00e3o preventiva de&nbsp;Anderson Torres, ex-ministro da Justi\u00e7a do governo Bolsonaro e ex-secret\u00e1rio de Seguran\u00e7a P\u00fablica do Distrito Federal.&nbsp;<ins><\/ins><\/p>\n\n\n\n<p>Torres estava no comando da seguran\u00e7a p\u00fablica de Bras\u00edlia em 8 de janeiro, quando bolsonaristas invadiram e depredaram as sedes do&nbsp;Supremo Tribunal Federal, o Congresso Nacional e o Pal\u00e1cio do Planalto.<\/p>\n\n\n\n<p>Torres teve sua pris\u00e3o preventiva&nbsp;<a href=\"https:\/\/www.conjur.com.br\/2023-jan-10\/ministro-alexandre-moraes-determina-prisao-anderson-torres\">decretada em 10 de janeiro<\/a>, dois dias depois dos ataques golpistas. Sua conduta \u00e9&nbsp;investigada no inqu\u00e9rito que apura a responsabilidade de autoridades nos atos antidemocr\u00e1ticos.<\/p>\n\n\n\n<p>Na decis\u00e3o, Alexandre explicou que, no atual momento, a manuten\u00e7\u00e3o da pris\u00e3o preventiva do ex-ministro n\u00e3o seria adequada e proporcional, na medida que pode ser substitu\u00edda por medidas cautelares.&nbsp;<ins><\/ins><\/p><div class=\"dxfcd69ef804015ca6\" ><!--<a href=\"https:\/\/bit.ly\/3QdrqTZ\" target=\"_blank\">\n<img src=\"https:\/\/justicapotiguar.com.br\/wp-content\/uploads\/2023\/09\/mobile-geral.gif\"\/><a\/>--><\/div><style type=\"text\/css\">\r\n.dxfcd69ef804015ca6 {\r\ntext-align: center;\r\n}\r\n@media screen and (min-width: 1201px) {\r\n.dxfcd69ef804015ca6 {\r\ndisplay: none;\r\n}\r\n}\r\n@media screen and (min-width: 993px) and (max-width: 1200px) {\r\n.dxfcd69ef804015ca6 {\r\ndisplay: none;\r\n}\r\n}\r\n@media screen and (min-width: 769px) and (max-width: 992px) {\r\n.dxfcd69ef804015ca6 {\r\ndisplay: none;\r\n}\r\n}\r\n@media screen and (min-width: 768px) and (max-width: 768px) {\r\n.dxfcd69ef804015ca6 {\r\ndisplay: block;\r\n}\r\n}\r\n@media screen and (max-width: 767px) {\r\n.dxfcd69ef804015ca6 {\r\ndisplay: block;\r\n}\r\n}\r\n<\/style>\r\n<div class=\"lpeog69ef804015c8a\" ><!--<a href=\"https:\/\/bit.ly\/3QdrqTZ\" target=\"_blank\">\n<img src=\"https:\/\/justicapotiguar.com.br\/wp-content\/uploads\/2023\/09\/desktop-geral.gif\"\/><a\/>--><\/div><style type=\"text\/css\">\r\n.lpeog69ef804015c8a {\r\ntext-align: center;\nmargin-bottom: 1em;\r\n}\r\n@media screen and (min-width: 1201px) {\r\n.lpeog69ef804015c8a {\r\ndisplay: block;\r\n}\r\n}\r\n@media screen and (min-width: 993px) and (max-width: 1200px) {\r\n.lpeog69ef804015c8a {\r\ndisplay: block;\r\n}\r\n}\r\n@media screen and (min-width: 769px) and (max-width: 992px) {\r\n.lpeog69ef804015c8a {\r\ndisplay: block;\r\n}\r\n}\r\n@media screen and (min-width: 768px) and (max-width: 768px) {\r\n.lpeog69ef804015c8a {\r\ndisplay: none;\r\n}\r\n}\r\n@media screen and (max-width: 767px) {\r\n.lpeog69ef804015c8a {\r\ndisplay: none;\r\n}\r\n}\r\n<\/style>\r\n\n\n\n\n<p>Entre as obriga\u00e7\u00f5es impostas a Torres por Alexandre est\u00e3o a proibi\u00e7\u00e3o de se ausentar do Distrito Federal, o afastamento do cargo de delegado da Pol\u00edcia Federal e o comparecimento \u00e0 Vara de Execu\u00e7\u00f5es Penais do DF todas as segundas-feiras.&nbsp;<\/p>\n\n\n\n<p>Alexandre tamb\u00e9m vedou a sa\u00edda do pa\u00eds de Torres e determinou o cancelamento de todos os seus passaportes. Ele tamb\u00e9m est\u00e1 proibido de portar arma de fogo e utilizar as redes sociais. O descumprimento de qualquer uma das obriga\u00e7\u00f5es ir\u00e1 implicar a decreta\u00e7\u00e3o imediata de pris\u00e3o preventiva.&nbsp;<\/p>\n\n\n\n<p>Clique&nbsp;<a href=\"https:\/\/www.conjur.com.br\/dl\/decisao-anderson-torres.pdf\" target=\"_blank\" rel=\"noreferrer noopener\">aqui<\/a>&nbsp;para ler a decis\u00e3o<br>Inq 4.923<\/p>\n","protected":false},"excerpt":{"rendered":"<p>Por entender que houve avan\u00e7o na investiga\u00e7\u00e3o criminal e realiza\u00e7\u00e3o de todas as dilig\u00eancias necess\u00e1rias, o ministro Alexandre de Moraes, do Supremo Tribunal Federal, revogou a pris\u00e3o preventiva de&nbsp;Anderson Torres, ex-ministro da Justi\u00e7a do governo Bolsonaro e ex-secret\u00e1rio de Seguran\u00e7a P\u00fablica do Distrito Federal.&nbsp; Torres estava no comando da seguran\u00e7a p\u00fablica de Bras\u00edlia em 8<br \/><a class=\"more-link\" href=\"https:\/\/justicapotiguar.com.br\/index.php\/2023\/05\/12\/alexandre-de-moraes-revoga-prisao-preventiva-de-anderson-torres\/\">Mais&#8230;<\/a><\/p>\n","protected":false},"author":5,"featured_media":0,"comment_status":"open","ping_status":"open","sticky":false,"template":"","format":"standard","meta":[],"categories":[1],"tags":[],"_links":{"self":[{"href":"https:\/\/justicapotiguar.com.br\/index.php\/wp-json\/wp\/v2\/posts\/31762"}],"collection":[{"href":"https:\/\/justicapotiguar.com.br\/index.php\/wp-json\/wp\/v2\/posts"}],"about":[{"href":"https:\/\/justicapotiguar.com.br\/index.php\/wp-json\/wp\/v2\/types\/post"}],"author":[{"embeddable":true,"href":"https:\/\/justicapotiguar.com.br\/index.php\/wp-json\/wp\/v2\/users\/5"}],"replies":[{"embeddable":true,"href":"https:\/\/justicapotiguar.com.br\/index.php\/wp-json\/wp\/v2\/comments?post=31762"}],"version-history":[{"count":1,"href":"https:\/\/justicapotiguar.com.br\/index.php\/wp-json\/wp\/v2\/posts\/31762\/revisions"}],"predecessor-version":[{"id":31763,"href":"https:\/\/justicapotiguar.com.br\/index.php\/wp-json\/wp\/v2\/posts\/31762\/revisions\/31763"}],"wp:attachment":[{"href":"https:\/\/justicapotiguar.com.br\/index.php\/wp-json\/wp\/v2\/media?parent=31762"}],"wp:term":[{"taxonomy":"category","embeddable":true,"href":"https:\/\/justicapotiguar.com.br\/index.php\/wp-json\/wp\/v2\/categories?post=31762"},{"taxonomy":"post_tag","embeddable":true,"href":"https:\/\/justicapotiguar.com.br\/index.php\/wp-json\/wp\/v2\/tags?post=31762"}],"curies":[{"name":"wp","href":"https:\/\/api.w.org\/{rel}","templated":true}]}}