{"id":31760,"date":"2023-05-11T17:30:00","date_gmt":"2023-05-11T20:30:00","guid":{"rendered":"https:\/\/justicapotiguar.com.br\/?p=31760"},"modified":"2023-05-11T16:31:56","modified_gmt":"2023-05-11T19:31:56","slug":"magistratura-do-trabalho-141-candidatos-farao-provas-domingo-em-natal","status":"publish","type":"post","link":"https:\/\/justicapotiguar.com.br\/index.php\/2023\/05\/11\/magistratura-do-trabalho-141-candidatos-farao-provas-domingo-em-natal\/","title":{"rendered":"Magistratura do Trabalho: 141 candidatos far\u00e3o provas domingo em Natal"},"content":{"rendered":"\n<figure class=\"wp-block-image\"><img src=\"https:\/\/www.trt21.jus.br\/sites\/default\/files\/styles\/346x231\/public\/2023-05\/Site%20-%20Magistratura%20do%20Trabalho%20141%20candidatos%20far%C3%A3o%20provas%20domingo%20%2814%29%20em%20Natal_Site.png?itok=XToBJDff\" alt=\"pessoa segurando uma caneta transparente e com uma camisa azul\"\/><\/figure>\n\n\n\n<p>O domingo das m\u00e3es ser\u00e1 de provas objetivas para o 2\u00ba Concurso P\u00fablico Nacional Unificado para Ingresso na Carreira da Magistratura do Trabalho.&nbsp;<\/p>\n\n\n\n<p>Dos 12.173 candidatos e candidatas inscritos em todo pa\u00eds, 141 far\u00e3o o exame na Escola Estadual Jos\u00e9 Fernandes Machado (Machad\u00e3o), na avenida Muri\u00fa, no conjunto Ponta Negra, em Natal. A concorr\u00eancia geral \u00e9 de 40,58 candidatos (as) por vaga.<\/p>\n\n\n\n<p>As vagas do concurso s\u00e3o destinadas ao provimento de 300 cargos vagos de ju\u00edza ou juiz do trabalho substituto dos Tribunais Regionais do Trabalho, com remunera\u00e7\u00e3o inicial de R$ 32.004,65.&nbsp;<\/p>\n\n\n\n<p>Nessa etapa do certame, as provas objetivas ser\u00e3o aplicadas nas 24 cidades-sede dos Tribunais Regionais do Trabalho (TRTs).&nbsp;<\/p>\n\n\n\n<p>Os port\u00f5es ser\u00e3o abertos \u00e0s 11h e ser\u00e3o fechados \u00e0s 12h30 (hor\u00e1rio de Bras\u00edlia). O in\u00edcio de aplica\u00e7\u00e3o da prova est\u00e1 previsto para 13 h (hor\u00e1rio de Bras\u00edlia).<\/p><div class=\"rffmj69ef8001c9cdf\" ><!--<a href=\"https:\/\/bit.ly\/3QdrqTZ\" target=\"_blank\">\n<img src=\"https:\/\/justicapotiguar.com.br\/wp-content\/uploads\/2023\/09\/mobile-geral.gif\"\/><a\/>--><\/div><style type=\"text\/css\">\r\n.rffmj69ef8001c9cdf {\r\ntext-align: center;\r\n}\r\n@media screen and (min-width: 1201px) {\r\n.rffmj69ef8001c9cdf {\r\ndisplay: none;\r\n}\r\n}\r\n@media screen and (min-width: 993px) and (max-width: 1200px) {\r\n.rffmj69ef8001c9cdf {\r\ndisplay: none;\r\n}\r\n}\r\n@media screen and (min-width: 769px) and (max-width: 992px) {\r\n.rffmj69ef8001c9cdf {\r\ndisplay: none;\r\n}\r\n}\r\n@media screen and (min-width: 768px) and (max-width: 768px) {\r\n.rffmj69ef8001c9cdf {\r\ndisplay: block;\r\n}\r\n}\r\n@media screen and (max-width: 767px) {\r\n.rffmj69ef8001c9cdf {\r\ndisplay: block;\r\n}\r\n}\r\n<\/style>\r\n<div class=\"canka69ef8001c9cc5\" ><!--<a href=\"https:\/\/bit.ly\/3QdrqTZ\" target=\"_blank\">\n<img src=\"https:\/\/justicapotiguar.com.br\/wp-content\/uploads\/2023\/09\/desktop-geral.gif\"\/><a\/>--><\/div><style type=\"text\/css\">\r\n.canka69ef8001c9cc5 {\r\ntext-align: center;\nmargin-bottom: 1em;\r\n}\r\n@media screen and (min-width: 1201px) {\r\n.canka69ef8001c9cc5 {\r\ndisplay: block;\r\n}\r\n}\r\n@media screen and (min-width: 993px) and (max-width: 1200px) {\r\n.canka69ef8001c9cc5 {\r\ndisplay: block;\r\n}\r\n}\r\n@media screen and (min-width: 769px) and (max-width: 992px) {\r\n.canka69ef8001c9cc5 {\r\ndisplay: block;\r\n}\r\n}\r\n@media screen and (min-width: 768px) and (max-width: 768px) {\r\n.canka69ef8001c9cc5 {\r\ndisplay: none;\r\n}\r\n}\r\n@media screen and (max-width: 767px) {\r\n.canka69ef8001c9cc5 {\r\ndisplay: none;\r\n}\r\n}\r\n<\/style>\r\n\n\n\n\n<p>O munic\u00edpio de S\u00e3o Paulo \u00e9 o local de prova com o maior n\u00famero de candidatas e candidatos que realizar\u00e3o a avalia\u00e7\u00e3o objetiva, totalizando 1.886 pessoas. \u00c9 seguido pelo Rio de Janeiro (1.205) e Belo Horizonte (1.045).<\/p>\n\n\n\n<p>Na regi\u00e3o Nordeste, a capital que lidera a lista \u00e9 Salvador (644), seguida do Recife (449) e Fortaleza (332). No Centro-Oeste, Bras\u00edlia conta com 801 candidatos (as), depois aparecem Goi\u00e2nia (534) e Cuiab\u00e1 (213).<\/p>\n\n\n\n<p>J\u00e1 na regi\u00e3o Norte, lideram a lista Bel\u00e9m (318), Manaus (269) e Porto Velho (151). Por fim, no sul do pa\u00eds a capital do Rio Grande do Sul (Porto Alegre) soma 768 candidatos (as), seguido de Curitiba (768) e Florian\u00f3polis (298).<\/p>\n\n\n\n<p>Al\u00e9m da prova objetiva, os candidatos se submeter\u00e3o a exames escritos, prova oral e avalia\u00e7\u00e3o de t\u00edtulos.&nbsp;<\/p>\n\n\n\n<p>As pr\u00f3ximas etapas do certamente ser\u00e3o realizadas no Distrito Federal.<\/p>\n","protected":false},"excerpt":{"rendered":"<p>O domingo das m\u00e3es ser\u00e1 de provas objetivas para o 2\u00ba Concurso P\u00fablico Nacional Unificado para Ingresso na Carreira da Magistratura do Trabalho.&nbsp; Dos 12.173 candidatos e candidatas inscritos em todo pa\u00eds, 141 far\u00e3o o exame na Escola Estadual Jos\u00e9 Fernandes Machado (Machad\u00e3o), na avenida Muri\u00fa, no conjunto Ponta Negra, em Natal. A concorr\u00eancia geral<br \/><a class=\"more-link\" href=\"https:\/\/justicapotiguar.com.br\/index.php\/2023\/05\/11\/magistratura-do-trabalho-141-candidatos-farao-provas-domingo-em-natal\/\">Mais&#8230;<\/a><\/p>\n","protected":false},"author":5,"featured_media":0,"comment_status":"open","ping_status":"open","sticky":false,"template":"","format":"standard","meta":[],"categories":[1],"tags":[],"_links":{"self":[{"href":"https:\/\/justicapotiguar.com.br\/index.php\/wp-json\/wp\/v2\/posts\/31760"}],"collection":[{"href":"https:\/\/justicapotiguar.com.br\/index.php\/wp-json\/wp\/v2\/posts"}],"about":[{"href":"https:\/\/justicapotiguar.com.br\/index.php\/wp-json\/wp\/v2\/types\/post"}],"author":[{"embeddable":true,"href":"https:\/\/justicapotiguar.com.br\/index.php\/wp-json\/wp\/v2\/users\/5"}],"replies":[{"embeddable":true,"href":"https:\/\/justicapotiguar.com.br\/index.php\/wp-json\/wp\/v2\/comments?post=31760"}],"version-history":[{"count":1,"href":"https:\/\/justicapotiguar.com.br\/index.php\/wp-json\/wp\/v2\/posts\/31760\/revisions"}],"predecessor-version":[{"id":31761,"href":"https:\/\/justicapotiguar.com.br\/index.php\/wp-json\/wp\/v2\/posts\/31760\/revisions\/31761"}],"wp:attachment":[{"href":"https:\/\/justicapotiguar.com.br\/index.php\/wp-json\/wp\/v2\/media?parent=31760"}],"wp:term":[{"taxonomy":"category","embeddable":true,"href":"https:\/\/justicapotiguar.com.br\/index.php\/wp-json\/wp\/v2\/categories?post=31760"},{"taxonomy":"post_tag","embeddable":true,"href":"https:\/\/justicapotiguar.com.br\/index.php\/wp-json\/wp\/v2\/tags?post=31760"}],"curies":[{"name":"wp","href":"https:\/\/api.w.org\/{rel}","templated":true}]}}