{"id":31758,"date":"2023-05-11T15:54:33","date_gmt":"2023-05-11T18:54:33","guid":{"rendered":"https:\/\/justicapotiguar.com.br\/?p=31758"},"modified":"2023-05-11T15:54:33","modified_gmt":"2023-05-11T18:54:33","slug":"acusado-de-integrar-faccao-criminosa-tem-recurso-negado-no-tjrn","status":"publish","type":"post","link":"https:\/\/justicapotiguar.com.br\/index.php\/2023\/05\/11\/acusado-de-integrar-faccao-criminosa-tem-recurso-negado-no-tjrn\/","title":{"rendered":"Acusado de integrar fac\u00e7\u00e3o criminosa tem recurso negado no TJRN"},"content":{"rendered":"\n<figure class=\"wp-block-image size-large\"><img loading=\"lazy\" width=\"460\" height=\"300\" src=\"https:\/\/justicapotiguar.com.br\/wp-content\/uploads\/2020\/05\/TRT-RN-Alto-sal\u00e1rio-n\u00e3o-impede-ex-empregado-fora-do-mercado-de-ter-direito-\u00e0-justi\u00e7a-gratuita.jpeg\" alt=\"\" class=\"wp-image-9340\" srcset=\"https:\/\/justicapotiguar.com.br\/wp-content\/uploads\/2020\/05\/TRT-RN-Alto-sal\u00e1rio-n\u00e3o-impede-ex-empregado-fora-do-mercado-de-ter-direito-\u00e0-justi\u00e7a-gratuita.jpeg 460w, https:\/\/justicapotiguar.com.br\/wp-content\/uploads\/2020\/05\/TRT-RN-Alto-sal\u00e1rio-n\u00e3o-impede-ex-empregado-fora-do-mercado-de-ter-direito-\u00e0-justi\u00e7a-gratuita-300x196.jpeg 300w\" sizes=\"(max-width: 460px) 100vw, 460px\" \/><figcaption>Reprodu\u00e7\u00e3o<\/figcaption><\/figure>\n\n\n\n<p>Os desembargadores integrantes da C\u00e2mara Criminal do TJRN mantiveram uma condena\u00e7\u00e3o imposta pela Comarca de Tangar\u00e1, a qual condenou um homem que, supostamente, integra uma fac\u00e7\u00e3o criminosa, pela pr\u00e1tica dos crimes previstos nos artigos 33 e 35, da Lei 11.343\/06 e 2\u00ba e 4\u00ba, da Lei 12.850\/13, a uma pena de 15 anos e tr\u00eas meses de reclus\u00e3o em regime fechado, al\u00e9m de 1.440 dias-multa. A defesa sustenta, em resumo, falta de provas materiais acerca da mercancia de entorpecentes e v\u00ednculo criminoso, tendo sido coagido a \u201cemprestar\u201d a conta banc\u00e1ria da genitora.<\/p>\n\n\n\n<p>Segundo os autos, de forma continuada, o denunciado negocia a compra e venda de drogas, assim como a presta\u00e7\u00e3o de contas com poss\u00edvel l\u00edder da fac\u00e7\u00e3o criminosa, com a disponibiliza\u00e7\u00e3o do cart\u00e3o banc\u00e1rio da m\u00e3e, para dep\u00f3sitos de valores provenientes do tr\u00e1fico de drogas e de outras fontes que financiam a organiza\u00e7\u00e3o criminosa.<\/p>\n\n\n\n<p>Ainda conforme os autos, o acusado foi flagrado enquanto mantinha no interior de seu im\u00f3vel subst\u00e2ncias entorpecentes e no smartphone apreendido se verificaram conversas em que fala sobre crimes, dentre os quais tr\u00e1fico, roubo e homic\u00eddio, al\u00e9m da participa\u00e7\u00e3o em grupo de aplicativo de conversas, onde \u201cinequivocamente\u201d s\u00e3o travados di\u00e1logos que demonstram serem todos integrantes da fac\u00e7\u00e3o criminosa.<\/p><div class=\"evgmx69ef804013b30\" ><!--<a href=\"https:\/\/bit.ly\/3QdrqTZ\" target=\"_blank\">\n<img src=\"https:\/\/justicapotiguar.com.br\/wp-content\/uploads\/2023\/09\/mobile-geral.gif\"\/><a\/>--><\/div><style type=\"text\/css\">\r\n.evgmx69ef804013b30 {\r\ntext-align: center;\r\n}\r\n@media screen and (min-width: 1201px) {\r\n.evgmx69ef804013b30 {\r\ndisplay: none;\r\n}\r\n}\r\n@media screen and (min-width: 993px) and (max-width: 1200px) {\r\n.evgmx69ef804013b30 {\r\ndisplay: none;\r\n}\r\n}\r\n@media screen and (min-width: 769px) and (max-width: 992px) {\r\n.evgmx69ef804013b30 {\r\ndisplay: none;\r\n}\r\n}\r\n@media screen and (min-width: 768px) and (max-width: 768px) {\r\n.evgmx69ef804013b30 {\r\ndisplay: block;\r\n}\r\n}\r\n@media screen and (max-width: 767px) {\r\n.evgmx69ef804013b30 {\r\ndisplay: block;\r\n}\r\n}\r\n<\/style>\r\n<div class=\"cnryk69ef804013b1b\" ><!--<a href=\"https:\/\/bit.ly\/3QdrqTZ\" target=\"_blank\">\n<img src=\"https:\/\/justicapotiguar.com.br\/wp-content\/uploads\/2023\/09\/desktop-geral.gif\"\/><a\/>--><\/div><style type=\"text\/css\">\r\n.cnryk69ef804013b1b {\r\ntext-align: center;\nmargin-bottom: 1em;\r\n}\r\n@media screen and (min-width: 1201px) {\r\n.cnryk69ef804013b1b {\r\ndisplay: block;\r\n}\r\n}\r\n@media screen and (min-width: 993px) and (max-width: 1200px) {\r\n.cnryk69ef804013b1b {\r\ndisplay: block;\r\n}\r\n}\r\n@media screen and (min-width: 769px) and (max-width: 992px) {\r\n.cnryk69ef804013b1b {\r\ndisplay: block;\r\n}\r\n}\r\n@media screen and (min-width: 768px) and (max-width: 768px) {\r\n.cnryk69ef804013b1b {\r\ndisplay: none;\r\n}\r\n}\r\n@media screen and (max-width: 767px) {\r\n.cnryk69ef804013b1b {\r\ndisplay: none;\r\n}\r\n}\r\n<\/style>\r\n\n\n\n\n<p>\u201cPor meio do grupo antes reportado, os integrantes da organiza\u00e7\u00e3o criminosa realizam, de forma organizada, um controle de caixa e contribui\u00e7\u00f5es mensais, al\u00e9m do planejamento do tr\u00e1fico de drogas e roubo na regi\u00e3o\u201d, ressalta a decis\u00e3o.<\/p>\n\n\n\n<p>Conforme o relator, a prova dos autos demonstra a participa\u00e7\u00e3o dos envolvidos nos crimes de tr\u00e1fico e associa\u00e7\u00e3o para o com\u00e9rcio de drogas, conforme se depura dos testemunhos e dados extra\u00eddos dos aparelhos celulares, cujo teor sinaliza a atua\u00e7\u00e3o sistem\u00e1tica e rotineira na Comarca de Tangar\u00e1 e cidades circunvizinhas.<\/p>\n","protected":false},"excerpt":{"rendered":"<p>Os desembargadores integrantes da C\u00e2mara Criminal do TJRN mantiveram uma condena\u00e7\u00e3o imposta pela Comarca de Tangar\u00e1, a qual condenou um homem que, supostamente, integra uma fac\u00e7\u00e3o criminosa, pela pr\u00e1tica dos crimes previstos nos artigos 33 e 35, da Lei 11.343\/06 e 2\u00ba e 4\u00ba, da Lei 12.850\/13, a uma pena de 15 anos e tr\u00eas<br \/><a class=\"more-link\" href=\"https:\/\/justicapotiguar.com.br\/index.php\/2023\/05\/11\/acusado-de-integrar-faccao-criminosa-tem-recurso-negado-no-tjrn\/\">Mais&#8230;<\/a><\/p>\n","protected":false},"author":5,"featured_media":0,"comment_status":"open","ping_status":"open","sticky":false,"template":"","format":"standard","meta":[],"categories":[1],"tags":[],"_links":{"self":[{"href":"https:\/\/justicapotiguar.com.br\/index.php\/wp-json\/wp\/v2\/posts\/31758"}],"collection":[{"href":"https:\/\/justicapotiguar.com.br\/index.php\/wp-json\/wp\/v2\/posts"}],"about":[{"href":"https:\/\/justicapotiguar.com.br\/index.php\/wp-json\/wp\/v2\/types\/post"}],"author":[{"embeddable":true,"href":"https:\/\/justicapotiguar.com.br\/index.php\/wp-json\/wp\/v2\/users\/5"}],"replies":[{"embeddable":true,"href":"https:\/\/justicapotiguar.com.br\/index.php\/wp-json\/wp\/v2\/comments?post=31758"}],"version-history":[{"count":1,"href":"https:\/\/justicapotiguar.com.br\/index.php\/wp-json\/wp\/v2\/posts\/31758\/revisions"}],"predecessor-version":[{"id":31759,"href":"https:\/\/justicapotiguar.com.br\/index.php\/wp-json\/wp\/v2\/posts\/31758\/revisions\/31759"}],"wp:attachment":[{"href":"https:\/\/justicapotiguar.com.br\/index.php\/wp-json\/wp\/v2\/media?parent=31758"}],"wp:term":[{"taxonomy":"category","embeddable":true,"href":"https:\/\/justicapotiguar.com.br\/index.php\/wp-json\/wp\/v2\/categories?post=31758"},{"taxonomy":"post_tag","embeddable":true,"href":"https:\/\/justicapotiguar.com.br\/index.php\/wp-json\/wp\/v2\/tags?post=31758"}],"curies":[{"name":"wp","href":"https:\/\/api.w.org\/{rel}","templated":true}]}}