{"id":31750,"date":"2023-05-11T12:26:07","date_gmt":"2023-05-11T15:26:07","guid":{"rendered":"https:\/\/justicapotiguar.com.br\/?p=31750"},"modified":"2023-05-11T12:26:07","modified_gmt":"2023-05-11T15:26:07","slug":"defensoria-publica-do-rn-lanca-edital-do-xii-teste-seletivo-para-estagiarios","status":"publish","type":"post","link":"https:\/\/justicapotiguar.com.br\/index.php\/2023\/05\/11\/defensoria-publica-do-rn-lanca-edital-do-xii-teste-seletivo-para-estagiarios\/","title":{"rendered":"Defensoria P\u00fablica do RN lan\u00e7a edital do XII Teste Seletivo para estagi\u00e1rios"},"content":{"rendered":"\n<p>A Defensoria P\u00fablica do Estado do Rio Grande do Norte (DPE\/RN) publicou, nesta quinta-feira (11), edital do XII Teste Seletivo para estagi\u00e1rios de gradua\u00e7\u00e3o em Direito da institui\u00e7\u00e3o. A sele\u00e7\u00e3o ser\u00e1 destinada \u00e0 forma\u00e7\u00e3o de cadastro de reserva para atua\u00e7\u00e3o em um dos 40 n\u00facleos de atendimento espalhados pelo estado. O edital completo est\u00e1 dispon\u00edvel no site&nbsp;<a href=\"http:\/\/www.defensoria.rn.def.br\/\" target=\"_blank\" rel=\"noreferrer noopener\">www.defensoria.rn.def.br<\/a>&nbsp;na aba Servi\u00e7os\/Concursos e Sele\u00e7\u00f5es. As inscri\u00e7\u00f5es ser\u00e3o virtuais, entre os dias 15 de maio e 14 de junho de 2023, com taxa no valor de R$ 40,00.<\/p>\n\n\n\n<figure class=\"wp-block-image size-large\"><img loading=\"lazy\" width=\"730\" height=\"400\" src=\"https:\/\/justicapotiguar.com.br\/wp-content\/uploads\/2019\/11\/defrn-730x400.png\" alt=\"\" class=\"wp-image-3739\" srcset=\"https:\/\/justicapotiguar.com.br\/wp-content\/uploads\/2019\/11\/defrn-730x400.png 730w, https:\/\/justicapotiguar.com.br\/wp-content\/uploads\/2019\/11\/defrn-730x400-300x164.png 300w\" sizes=\"(max-width: 730px) 100vw, 730px\" \/><\/figure>\n\n\n\n<p>A sele\u00e7\u00e3o \u00e9 destinada a estudantes de Direito e pode ser realizada em qualquer etapa do curso. No entanto, somente poder\u00e3o firmar o termo de compromisso os candidatos aprovados que comprovarem, \u00e0 \u00e9poca da convoca\u00e7\u00e3o, atrav\u00e9s de declara\u00e7\u00e3o fornecida pela Secretaria da Institui\u00e7\u00e3o de Ensino Superior, estarem cursando o 3\u00b0, 4\u00ba ou 5\u00ba ano do curso de Direito, ou semestre equivalente. Para participar, o candidato dever\u00e1 inicialmente se cadastrar no sistema de inscri\u00e7\u00e3o.<\/p>\n\n\n\n<p>Os candidatos que desejarem poder\u00e3o apresentar pedidos de isen\u00e7\u00e3o do pagamento da taxa de inscri\u00e7\u00e3o entre os dias 15 e 25 de maio de 2023. No ato da inscri\u00e7\u00e3o, o candidato dever\u00e1 anexar um documento de identifica\u00e7\u00e3o e um dos seguintes documentos: comprovante de inscri\u00e7\u00e3o no Cad\u00fanico, declara\u00e7\u00e3o de hipossufici\u00eancia, declara\u00e7\u00e3o de doa\u00e7\u00e3o de sangue com 03 doa\u00e7\u00f5es dentro do per\u00edodo de 12 meses, declara\u00e7\u00e3o de doa\u00e7\u00e3o de leite materno conforme Lei Estadual N\u00ba 10.095\/2016, declara\u00e7\u00e3o de doa\u00e7\u00e3o de Medula \u00d3ssea emitida pelo Minist\u00e9rio da Sa\u00fade ou declara\u00e7\u00e3o de presta\u00e7\u00e3o de servi\u00e7o em no m\u00ednimo dois per\u00edodos eleitorais.<\/p>\n\n\n\n<p>Em caso de indeferimento do pedido de isen\u00e7\u00e3o, o candidato ter\u00e1 o pedido de inscri\u00e7\u00e3o na sele\u00e7\u00e3o reaberto para que possa anexar o comprovante de pagamento da taxa. Para os candidatos que n\u00e3o ir\u00e3o solicitar a isen\u00e7\u00e3o, ser\u00e1 preciso anexar o comprovante de pagamento j\u00e1 no ato de inscri\u00e7\u00e3o. Os candidatos que ir\u00e3o concorrer \u00e0s vagas reservadas \u00e0s pessoas com defici\u00eancia dever\u00e3o anexar os documentos previstos no Edital.<\/p>\n\n\n\n<p>O valor da inscri\u00e7\u00e3o deve ser pago mediante transfer\u00eancia banc\u00e1ria, pagamento por pix ou dep\u00f3sito identificado na conta corrente do Fundo de Moderniza\u00e7\u00e3o e Aparelhamento da Defensoria P\u00fablica do Estado do Rio Grande do Norte, Conta corrente de n\u00ba 8779-3, Ag\u00eancia 3795-8, do Banco do Brasil S\/A. O candidato deve pagar a inscri\u00e7\u00e3o mediante transfer\u00eancia de conta de sua titularidade, ou dep\u00f3sito identificado, os candidatos que optarem pelo pagamento por Pix dever\u00e3o necessariamente fazer uso da modalidade em que s\u00e3o informados os dados banc\u00e1rios (Banco, Ag\u00eancia, Conta e CNPJ) e n\u00e3o da modalidade chave-pix, com indica\u00e7\u00e3o do n\u00famero do seu CPF e\/ou nome. N\u00e3o ser\u00e3o aceitas, em hip\u00f3tese alguma, inscri\u00e7\u00f5es com pagamento da taxa de inscri\u00e7\u00e3o realizado: com cheque, via postal, por fac-s\u00edmile, \u201cpor meio de envelope\u201d em caixa r\u00e1pido, por ordem de pagamento, condicional e\/ou extempor\u00e2nea, fora do per\u00edodo de inscri\u00e7\u00e3o estabelecido.<\/p>\n\n\n\n<p>Os candidatos selecionados ter\u00e3o um contrato de 1 ano, podendo ser prorrogado por igual per\u00edodo. A carga hor\u00e1ria do est\u00e1gio ser\u00e1 de at\u00e9 30 horas semanais, distribu\u00eddas em jornadas di\u00e1rias de at\u00e9 06 horas, nos turnos matutino ou vespertino. Os estagi\u00e1rios receber\u00e3o uma bolsa mensal no valor de R$ 1.302,00 (um mil, trezentos e dois reais) mais aux\u00edlio-transporte, n\u00e3o originando nenhum v\u00ednculo empregat\u00edcio com a institui\u00e7\u00e3o.<\/p>\n\n\n\n<p>PROVAS<\/p><div class=\"bmbtg69ef8040d5c8d\" ><!--<a href=\"https:\/\/bit.ly\/3QdrqTZ\" target=\"_blank\">\n<img src=\"https:\/\/justicapotiguar.com.br\/wp-content\/uploads\/2023\/09\/mobile-geral.gif\"\/><a\/>--><\/div><style type=\"text\/css\">\r\n.bmbtg69ef8040d5c8d {\r\ntext-align: center;\r\n}\r\n@media screen and (min-width: 1201px) {\r\n.bmbtg69ef8040d5c8d {\r\ndisplay: none;\r\n}\r\n}\r\n@media screen and (min-width: 993px) and (max-width: 1200px) {\r\n.bmbtg69ef8040d5c8d {\r\ndisplay: none;\r\n}\r\n}\r\n@media screen and (min-width: 769px) and (max-width: 992px) {\r\n.bmbtg69ef8040d5c8d {\r\ndisplay: none;\r\n}\r\n}\r\n@media screen and (min-width: 768px) and (max-width: 768px) {\r\n.bmbtg69ef8040d5c8d {\r\ndisplay: block;\r\n}\r\n}\r\n@media screen and (max-width: 767px) {\r\n.bmbtg69ef8040d5c8d {\r\ndisplay: block;\r\n}\r\n}\r\n<\/style>\r\n<div class=\"tpxqn69ef8040d5c73\" ><!--<a href=\"https:\/\/bit.ly\/3QdrqTZ\" target=\"_blank\">\n<img src=\"https:\/\/justicapotiguar.com.br\/wp-content\/uploads\/2023\/09\/desktop-geral.gif\"\/><a\/>--><\/div><style type=\"text\/css\">\r\n.tpxqn69ef8040d5c73 {\r\ntext-align: center;\nmargin-bottom: 1em;\r\n}\r\n@media screen and (min-width: 1201px) {\r\n.tpxqn69ef8040d5c73 {\r\ndisplay: block;\r\n}\r\n}\r\n@media screen and (min-width: 993px) and (max-width: 1200px) {\r\n.tpxqn69ef8040d5c73 {\r\ndisplay: block;\r\n}\r\n}\r\n@media screen and (min-width: 769px) and (max-width: 992px) {\r\n.tpxqn69ef8040d5c73 {\r\ndisplay: block;\r\n}\r\n}\r\n@media screen and (min-width: 768px) and (max-width: 768px) {\r\n.tpxqn69ef8040d5c73 {\r\ndisplay: none;\r\n}\r\n}\r\n@media screen and (max-width: 767px) {\r\n.tpxqn69ef8040d5c73 {\r\ndisplay: none;\r\n}\r\n}\r\n<\/style>\r\n\n\n\n\n<p>O Teste Seletivo consistir\u00e1 em uma \u00fanica prova objetiva, a ser realizada no dia 09 de julho de 2023, das 9h \u00e0s 13h, em locais a serem definidos. A prova conter\u00e1 60 quest\u00f5es de m\u00faltipla escolha, distribu\u00eddas da seguinte forma: 10 Direito Constitucional, 10 Direito Civil, 10 Direito Processual Civil, 10 Direito penal, 10 Direito Processual Penal, 05 Legisla\u00e7\u00e3o Institucional, 05 Estatuto da Crian\u00e7a e do Adolescente.<\/p>\n\n\n\n<p>SERVI\u00c7O:<\/p>\n\n\n\n<p>XII TESTE SELETIVO PARA ESTAGI\u00c1RIOS DE DIREITO DA DPE\/RN<\/p>\n\n\n\n<p>INSCRI\u00c7\u00d5ES: 15 DE MAIO A 14 DE JUNHO DE 2023<\/p>\n\n\n\n<p>TAXA: R$ 40,00<\/p>\n\n\n\n<p>PRAZO PARA SOLICITAR ISEN\u00c7\u00c3O: 15 A 25 DE MAIO DE 2023<\/p>\n\n\n\n<p>EDITAL DISPON\u00cdVEL NO SITE&nbsp;<a href=\"http:\/\/www.defensoria.rn.def.br\/\" target=\"_blank\" rel=\"noreferrer noopener\">WWW.DEFENSORIA.RN.DEF.BR<\/a><\/p>\n","protected":false},"excerpt":{"rendered":"<p>A Defensoria P\u00fablica do Estado do Rio Grande do Norte (DPE\/RN) publicou, nesta quinta-feira (11), edital do XII Teste Seletivo para estagi\u00e1rios de gradua\u00e7\u00e3o em Direito da institui\u00e7\u00e3o. A sele\u00e7\u00e3o ser\u00e1 destinada \u00e0 forma\u00e7\u00e3o de cadastro de reserva para atua\u00e7\u00e3o em um dos 40 n\u00facleos de atendimento espalhados pelo estado. O edital completo est\u00e1 dispon\u00edvel<br \/><a class=\"more-link\" href=\"https:\/\/justicapotiguar.com.br\/index.php\/2023\/05\/11\/defensoria-publica-do-rn-lanca-edital-do-xii-teste-seletivo-para-estagiarios\/\">Mais&#8230;<\/a><\/p>\n","protected":false},"author":5,"featured_media":0,"comment_status":"open","ping_status":"open","sticky":false,"template":"","format":"standard","meta":[],"categories":[1],"tags":[],"_links":{"self":[{"href":"https:\/\/justicapotiguar.com.br\/index.php\/wp-json\/wp\/v2\/posts\/31750"}],"collection":[{"href":"https:\/\/justicapotiguar.com.br\/index.php\/wp-json\/wp\/v2\/posts"}],"about":[{"href":"https:\/\/justicapotiguar.com.br\/index.php\/wp-json\/wp\/v2\/types\/post"}],"author":[{"embeddable":true,"href":"https:\/\/justicapotiguar.com.br\/index.php\/wp-json\/wp\/v2\/users\/5"}],"replies":[{"embeddable":true,"href":"https:\/\/justicapotiguar.com.br\/index.php\/wp-json\/wp\/v2\/comments?post=31750"}],"version-history":[{"count":1,"href":"https:\/\/justicapotiguar.com.br\/index.php\/wp-json\/wp\/v2\/posts\/31750\/revisions"}],"predecessor-version":[{"id":31751,"href":"https:\/\/justicapotiguar.com.br\/index.php\/wp-json\/wp\/v2\/posts\/31750\/revisions\/31751"}],"wp:attachment":[{"href":"https:\/\/justicapotiguar.com.br\/index.php\/wp-json\/wp\/v2\/media?parent=31750"}],"wp:term":[{"taxonomy":"category","embeddable":true,"href":"https:\/\/justicapotiguar.com.br\/index.php\/wp-json\/wp\/v2\/categories?post=31750"},{"taxonomy":"post_tag","embeddable":true,"href":"https:\/\/justicapotiguar.com.br\/index.php\/wp-json\/wp\/v2\/tags?post=31750"}],"curies":[{"name":"wp","href":"https:\/\/api.w.org\/{rel}","templated":true}]}}