{"id":31738,"date":"2023-05-10T14:18:39","date_gmt":"2023-05-10T17:18:39","guid":{"rendered":"https:\/\/justicapotiguar.com.br\/?p=31738"},"modified":"2023-05-10T14:18:39","modified_gmt":"2023-05-10T17:18:39","slug":"informativo-772-do-stj-de-02-de-maio-de-2023","status":"publish","type":"post","link":"https:\/\/justicapotiguar.com.br\/index.php\/2023\/05\/10\/informativo-772-do-stj-de-02-de-maio-de-2023\/","title":{"rendered":"Informativo 772 do STJ, de 02 de maio de 2023"},"content":{"rendered":"\n<p><strong>Rodrigo Leite | @rodrigocrleite<\/strong><\/p>\n\n\n\n<p><strong>Canal P\u00edlulas Jur\u00eddicas | STF e STJ<\/strong><\/p>\n\n\n\n<p><strong>Link de acesso ao Canal: <\/strong><a href=\"https:\/\/bit.ly\/42fH7O5\"><strong>https:\/\/bit.ly\/42fH7O5<\/strong><\/a><\/p>\n\n\n\n<p><strong>REPETITIVOS<\/strong><\/p>\n\n\n\n<p>&#8211; Em adequa\u00e7\u00e3o da jurisprud\u00eancia do STJ ao que foi julgado pelo STF no Tema 962 da Repercuss\u00e3o Geral (RE 1.063.187\/SC), modifica-se a tese referente ao Tema 505\/STJ para afastar a incid\u00eancia de IR e CSLL sobre a taxa SELIC quando aplicada \u00e0 repeti\u00e7\u00e3o de ind\u00e9bito tribut\u00e1rio, preservando-se a tese referente ao Tema 504\/STJ e demais teses j\u00e1 aprovadas no Tema 878\/STJ, reconhecendo a modula\u00e7\u00e3o dos efeitos estabelecido no EDcl no RE 1.063.187\/SC pelo STF &#8211; <strong>REsp 1.138.695-SC<\/strong>, Primeira Se\u00e7\u00e3o, julgado em 26\/4\/2023 (Tema 505).<\/p>\n\n\n\n<p>&#8211; Incide a contribui\u00e7\u00e3o previdenci\u00e1ria a cargo do empregador sobre o aux\u00edlio-alimenta\u00e7\u00e3o pago em pec\u00fania &#8211; <strong>REsp 1.995.437-CE<\/strong>, Primeira Se\u00e7\u00e3o, julgado em 26\/4\/2023. (Tema 1164).<\/p>\n\n\n\n<p>&#8211; 1. Imposs\u00edvel excluir os benef\u00edcios fiscais relacionados ao ICMS, &#8211; tais como redu\u00e7\u00e3o de base de c\u00e1lculo, redu\u00e7\u00e3o de al\u00edquota, isen\u00e7\u00e3o, diferimento, entre outros &#8211; da base de c\u00e1lculo do IRPJ e da CSLL, salvo quando atendidos os requisitos previstos em lei (art. 10 da Lei Complementar n. 160\/2017 e art. 30 da Lei n. 12.973\/2014), n\u00e3o se lhes aplicando o entendimento firmado nos ERESP 1.517.492\/PR que excluiu o cr\u00e9dito presumido de ICMS das bases de c\u00e1lculo do IRPJ e da CSLL; 2. Para a exclus\u00e3o dos benef\u00edcios fiscais relacionados ao ICMS, &#8211; tais como redu\u00e7\u00e3o de base de c\u00e1lculo, redu\u00e7\u00e3o de al\u00edquota, isen\u00e7\u00e3o, diferimento, entre outros &#8211; da base de c\u00e1lculo do IRPJ e da CSLL, n\u00e3o deve ser exigida a demonstra\u00e7\u00e3o de concess\u00e3o como est\u00edmulo \u00e0 implanta\u00e7\u00e3o ou expans\u00e3o de empreendimentos econ\u00f4micos; 3. Considerando que a Lei Complementar 160\/2017 incluiu os \u00a7\u00a7 4\u00ba e 5\u00ba ao art. 30 da Lei n. 12.973\/2014 sem, entretanto, revogar o disposto no seu \u00a7 2\u00ba, a dispensa de comprova\u00e7\u00e3o pr\u00e9via, pela empresa, de que a subven\u00e7\u00e3o fiscal foi concedida como medida de est\u00edmulo \u00e0 implanta\u00e7\u00e3o ou expans\u00e3o do empreendimento econ\u00f4mico n\u00e3o obsta a Receita Federal de proceder ao lan\u00e7amento do IRPJ e da CSSL se, em procedimento fiscalizat\u00f3rio, for verificado que os valores oriundos do benef\u00edcio fiscal foram utilizados para finalidade estranha \u00e0 garantia da viabilidade do empreendimento econ\u00f4mico &#8211; <strong>REsp 1.945.110-RS<\/strong>, Primeira Se\u00e7\u00e3o, julgado em 26\/4\/2023. (Tema 1182).<\/p>\n\n\n\n<p><strong>SEGUNDA SE\u00c7\u00c3O<\/strong><\/p>\n\n\n\n<p>&#8211; \u00c9 de 10 anos o prazo prescricional aplic\u00e1vel \u00e0 pretens\u00e3o de restitui\u00e7\u00e3o de valores de benef\u00edcios previdenci\u00e1rios complementares recebidos por for\u00e7a de decis\u00e3o liminar posteriormente revogada, tendo em vista n\u00e3o se tratar de hip\u00f3tese de enriquecimento sem causa, de prescri\u00e7\u00e3o intercorrente ou de responsabilidade civil &#8211; <strong>REsp 1.939.455-DF<\/strong>, julgado em 26\/4\/2023.<\/p>\n\n\n\n<p>&#8211; O termo <em>a quo<\/em> do prazo prescricional da pretens\u00e3o de restitui\u00e7\u00e3o de valores de benef\u00edcios previdenci\u00e1rios complementares recebidos por for\u00e7a de decis\u00e3o liminar posteriormente revogada \u00e9 a data do tr\u00e2nsito em julgado do provimento jurisdicional em que a confirma, pois esse \u00e9 o momento em que o credor toma conhecimento de seu direito \u00e0 restitui\u00e7\u00e3o, em que n\u00e3o mais ser\u00e1 poss\u00edvel a revers\u00e3o do aresto que revogou a decis\u00e3o prec\u00e1ria &#8211; <strong>REsp 1.939.455-DF<\/strong>, julgado em 26\/4\/2023.<\/p>\n\n\n\n<p><strong>TERCEIRA SE\u00c7\u00c3O<\/strong><\/p>\n\n\n\n<p>&#8211; Os fundamentos utilizados na dosimetria da pena somente devem ser reexaminados se evidenciado, previamente, o cabimento do pedido revisional &#8211; <strong>RvCr 5.247-DF<\/strong>, julgado em 22\/3\/2023.<\/p>\n\n\n\n<p>&nbsp;<strong>PRIMEIRA TURMA<\/strong><\/p>\n\n\n\n<p>&#8211; A transforma\u00e7\u00e3o da \u00e1rea loteada por pousada no Parque Nacional de Jericoacoara se deu por desapropria\u00e7\u00e3o e gera o dever do Estado de indenizar a propriet\u00e1ria do im\u00f3vel &#8211; <strong>REsp 1.340.335-CE<\/strong>, julgado em 18\/4\/2023.<\/p><div class=\"poavr69ef80018c134\" ><!--<a href=\"https:\/\/bit.ly\/3QdrqTZ\" target=\"_blank\">\n<img src=\"https:\/\/justicapotiguar.com.br\/wp-content\/uploads\/2023\/09\/mobile-geral.gif\"\/><a\/>--><\/div><style type=\"text\/css\">\r\n.poavr69ef80018c134 {\r\ntext-align: center;\r\n}\r\n@media screen and (min-width: 1201px) {\r\n.poavr69ef80018c134 {\r\ndisplay: none;\r\n}\r\n}\r\n@media screen and (min-width: 993px) and (max-width: 1200px) {\r\n.poavr69ef80018c134 {\r\ndisplay: none;\r\n}\r\n}\r\n@media screen and (min-width: 769px) and (max-width: 992px) {\r\n.poavr69ef80018c134 {\r\ndisplay: none;\r\n}\r\n}\r\n@media screen and (min-width: 768px) and (max-width: 768px) {\r\n.poavr69ef80018c134 {\r\ndisplay: block;\r\n}\r\n}\r\n@media screen and (max-width: 767px) {\r\n.poavr69ef80018c134 {\r\ndisplay: block;\r\n}\r\n}\r\n<\/style>\r\n<div class=\"lauvx69ef80018c11b\" ><!--<a href=\"https:\/\/bit.ly\/3QdrqTZ\" target=\"_blank\">\n<img src=\"https:\/\/justicapotiguar.com.br\/wp-content\/uploads\/2023\/09\/desktop-geral.gif\"\/><a\/>--><\/div><style type=\"text\/css\">\r\n.lauvx69ef80018c11b {\r\ntext-align: center;\nmargin-bottom: 1em;\r\n}\r\n@media screen and (min-width: 1201px) {\r\n.lauvx69ef80018c11b {\r\ndisplay: block;\r\n}\r\n}\r\n@media screen and (min-width: 993px) and (max-width: 1200px) {\r\n.lauvx69ef80018c11b {\r\ndisplay: block;\r\n}\r\n}\r\n@media screen and (min-width: 769px) and (max-width: 992px) {\r\n.lauvx69ef80018c11b {\r\ndisplay: block;\r\n}\r\n}\r\n@media screen and (min-width: 768px) and (max-width: 768px) {\r\n.lauvx69ef80018c11b {\r\ndisplay: none;\r\n}\r\n}\r\n@media screen and (max-width: 767px) {\r\n.lauvx69ef80018c11b {\r\ndisplay: none;\r\n}\r\n}\r\n<\/style>\r\n\n\n\n\n<p><strong>SEGUNDA TURMA<\/strong><\/p>\n\n\n\n<p>&#8211; Em respeito ao princ\u00edpio da n\u00e3o surpresa, \u00e9 vedado ao julgador decidir com base em fundamentos jur\u00eddicos n\u00e3o submetidos ao contradit\u00f3rio no decorrer do processo &#8211; <strong>REsp 2.049.725-PE<\/strong>, julgado em 25\/4\/2023.<\/p>\n\n\n\n<p><strong>TERCEIRA TURMA<\/strong><\/p>\n\n\n\n<p>&#8211; \u00c9 \u00f4nus do credor n\u00e3o admitido no invent\u00e1rio o ajuizamento da a\u00e7\u00e3o de conhecimento, n\u00e3o competindo ao juiz a convers\u00e3o do pedido de habilita\u00e7\u00e3o de cr\u00e9dito em a\u00e7\u00e3o de cobran\u00e7a, em substitui\u00e7\u00e3o \u00e0s partes &#8211; <strong>REsp 2.045.640-GO<\/strong>, julgado em 25\/4\/2023.<\/p>\n\n\n\n<p><strong>QUARTA TURMA<\/strong><\/p>\n\n\n\n<p>&#8211; Os efeitos da modifica\u00e7\u00e3o do regime de separa\u00e7\u00e3o total para o de comunh\u00e3o universal de bens, na const\u00e2ncia do casamento, retroagem \u00e0 data do matrim\u00f4nio (efic\u00e1cia <em>ex tunc<\/em>) &#8211; <strong>Processo em segredo de justi\u00e7a<\/strong>, julgado em 25\/4\/2023.<\/p>\n\n\n\n<p><strong>QUINTA TURMA<\/strong><\/p>\n\n\n\n<p>&#8211; Nos casos em que houver a modifica\u00e7\u00e3o do quadro f\u00e1tico-jur\u00eddico, e, ainda, em situa\u00e7\u00f5es em que houver a desclassifica\u00e7\u00e3o do delito &#8211; seja por <em>emendatio<\/em> ou <em>mutatio libelli<\/em> -, uma vez preenchidos os requisitos legais exigidos para o Acordo de N\u00e3o Persecu\u00e7\u00e3o Penal, torna-se cab\u00edvel o instituto negocial &#8211; <strong>AgRg no REsp 2.016.905-SP<\/strong>, julgado em 7\/3\/2023.<\/p>\n\n\n\n<p><strong>SEXTA TURMA<\/strong><\/p>\n\n\n\n<figure class=\"wp-block-image size-large\"><img loading=\"lazy\" width=\"275\" height=\"183\" src=\"https:\/\/justicapotiguar.com.br\/wp-content\/uploads\/2019\/08\/STJ-01.jpg\" alt=\"\" class=\"wp-image-455\"\/><\/figure>\n\n\n\n<p>&#8211; O delito de registro n\u00e3o autorizado da intimidade sexual (art. 216-B do CP) possui a natureza de a\u00e7\u00e3o penal p\u00fablica incondicionada &#8211; <strong>Processo em segredo de justi\u00e7a<\/strong>, julgado em 25\/4\/2023.<\/p>\n\n\n\n<p>________________________<\/p>\n\n\n\n<p><strong>Rodrigo Costa Rodrigues Leite<\/strong><\/p>\n\n\n\n<p>Coautor do livro \u201cAn\u00e1lise das Diverg\u00eancias Jurisprudenciais no STF e STJ\u201d, Editora Juspodivm. Autor do livro \u201cTombamento \u2013 Vol. 36 \u2013 Cole\u00e7\u00e3o Leis Especiais para Concursos\u201d, Editora Juspodivm. Autor do livro \u201cDesapropria\u00e7\u00e3o \u2013 Vol. 39 \u2013 Cole\u00e7\u00e3o Especiais para Concursos\u201d, Editora Juspodivm. Coautor do livro \u201cSaberes Jurisprudenciais\u201d, Editora Saraiva.&nbsp; Coorganizador do livro \u201cCPC na Jurisprud\u00eancia\u201d, Editora Foco. Especialista em Direito P\u00fablico e Direito Processual Civil. Mestre em Direito Constitucional. Aluno laureado das Turmas 2005.2 da Universidade Potiguar. Professor da P\u00f3s-gradua\u00e7\u00e3o em Direito Civil da Rede Anhaguera-Kroton. M\u00e1ster Universit\u00e1rio em Direito Constitucional pela Universidad Del Pa\u00eds Vasco, San Sebasti\u00e1n, Espanha. Advogado licenciado. Membro do Conselho Editorial da Revista do Poder Judici\u00e1rio do Estado do Rio Grande do Norte \u2013 REPOJURN. Analista Judici\u00e1rio do TJRN. Assessor de Desembargador do TJRN.<\/p>\n","protected":false},"excerpt":{"rendered":"<p>Rodrigo Leite | @rodrigocrleite Canal P\u00edlulas Jur\u00eddicas | STF e STJ Link de acesso ao Canal: https:\/\/bit.ly\/42fH7O5 REPETITIVOS &#8211; Em adequa\u00e7\u00e3o da jurisprud\u00eancia do STJ ao que foi julgado pelo STF no Tema 962 da Repercuss\u00e3o Geral (RE 1.063.187\/SC), modifica-se a tese referente ao Tema 505\/STJ para afastar a incid\u00eancia de IR e CSLL sobre<br \/><a class=\"more-link\" href=\"https:\/\/justicapotiguar.com.br\/index.php\/2023\/05\/10\/informativo-772-do-stj-de-02-de-maio-de-2023\/\">Mais&#8230;<\/a><\/p>\n","protected":false},"author":5,"featured_media":0,"comment_status":"open","ping_status":"open","sticky":false,"template":"","format":"standard","meta":[],"categories":[1],"tags":[],"_links":{"self":[{"href":"https:\/\/justicapotiguar.com.br\/index.php\/wp-json\/wp\/v2\/posts\/31738"}],"collection":[{"href":"https:\/\/justicapotiguar.com.br\/index.php\/wp-json\/wp\/v2\/posts"}],"about":[{"href":"https:\/\/justicapotiguar.com.br\/index.php\/wp-json\/wp\/v2\/types\/post"}],"author":[{"embeddable":true,"href":"https:\/\/justicapotiguar.com.br\/index.php\/wp-json\/wp\/v2\/users\/5"}],"replies":[{"embeddable":true,"href":"https:\/\/justicapotiguar.com.br\/index.php\/wp-json\/wp\/v2\/comments?post=31738"}],"version-history":[{"count":1,"href":"https:\/\/justicapotiguar.com.br\/index.php\/wp-json\/wp\/v2\/posts\/31738\/revisions"}],"predecessor-version":[{"id":31739,"href":"https:\/\/justicapotiguar.com.br\/index.php\/wp-json\/wp\/v2\/posts\/31738\/revisions\/31739"}],"wp:attachment":[{"href":"https:\/\/justicapotiguar.com.br\/index.php\/wp-json\/wp\/v2\/media?parent=31738"}],"wp:term":[{"taxonomy":"category","embeddable":true,"href":"https:\/\/justicapotiguar.com.br\/index.php\/wp-json\/wp\/v2\/categories?post=31738"},{"taxonomy":"post_tag","embeddable":true,"href":"https:\/\/justicapotiguar.com.br\/index.php\/wp-json\/wp\/v2\/tags?post=31738"}],"curies":[{"name":"wp","href":"https:\/\/api.w.org\/{rel}","templated":true}]}}