{"id":31732,"date":"2023-05-10T11:36:06","date_gmt":"2023-05-10T14:36:06","guid":{"rendered":"https:\/\/justicapotiguar.com.br\/?p=31732"},"modified":"2023-05-10T11:36:06","modified_gmt":"2023-05-10T14:36:06","slug":"procuradores-do-estado-do-rn-vao-concorrer-a-cargos-na-anape","status":"publish","type":"post","link":"https:\/\/justicapotiguar.com.br\/index.php\/2023\/05\/10\/procuradores-do-estado-do-rn-vao-concorrer-a-cargos-na-anape\/","title":{"rendered":"Procuradores do Estado do RN v\u00e3o concorrer a cargos na ANAPE"},"content":{"rendered":"\n<p><\/p>\n\n\n\n<figure class=\"wp-block-image size-large\"><img loading=\"lazy\" width=\"1024\" height=\"683\" src=\"https:\/\/justicapotiguar.com.br\/wp-content\/uploads\/2023\/05\/WhatsApp-Image-2023-05-10-at-11.33.28-1-1024x683.jpeg\" alt=\"\" class=\"wp-image-31733\" srcset=\"https:\/\/justicapotiguar.com.br\/wp-content\/uploads\/2023\/05\/WhatsApp-Image-2023-05-10-at-11.33.28-1-1024x683.jpeg 1024w, https:\/\/justicapotiguar.com.br\/wp-content\/uploads\/2023\/05\/WhatsApp-Image-2023-05-10-at-11.33.28-1-300x200.jpeg 300w, https:\/\/justicapotiguar.com.br\/wp-content\/uploads\/2023\/05\/WhatsApp-Image-2023-05-10-at-11.33.28-1-768x512.jpeg 768w, https:\/\/justicapotiguar.com.br\/wp-content\/uploads\/2023\/05\/WhatsApp-Image-2023-05-10-at-11.33.28-1.jpeg 1440w\" sizes=\"(max-width: 1024px) 100vw, 1024px\" \/><\/figure>\n\n\n\n<figure class=\"wp-block-image size-large\"><img loading=\"lazy\" width=\"720\" height=\"710\" src=\"https:\/\/justicapotiguar.com.br\/wp-content\/uploads\/2023\/05\/WhatsApp-Image-2023-05-10-at-11.33.28.jpeg\" alt=\"\" class=\"wp-image-31734\" srcset=\"https:\/\/justicapotiguar.com.br\/wp-content\/uploads\/2023\/05\/WhatsApp-Image-2023-05-10-at-11.33.28.jpeg 720w, https:\/\/justicapotiguar.com.br\/wp-content\/uploads\/2023\/05\/WhatsApp-Image-2023-05-10-at-11.33.28-300x296.jpeg 300w\" sizes=\"(max-width: 720px) 100vw, 720px\" \/><figcaption>Fotos: Divulga\u00e7\u00e3o<\/figcaption><\/figure>\n\n\n\n<p>Dois procuradores do Estado do RN v\u00e3o concorrer a cargos na diretoria da Associa\u00e7\u00e3o Nacional dos Procuradores dos Estados e do DF &#8211; ANAPE para o tri\u00eanio 2023-2026. Leila Tinoco da Cunha Lima Almeida, vice-presidente da Associa\u00e7\u00e3o de Procuradores do Estado RN &#8211; ASPERN, e o associado Carlos Frederico Braga Martins ocupar\u00e3o os cargos de Diretora Adjunta de Tecnologia e Diretor Jur\u00eddico e de Prerrogativas, respectivamente.<\/p>\n\n\n\n<p>Os procuradores do RN comp\u00f5em a chapa \u00fanica \u201cAdvocacia p\u00fablica forte para os novos tempos\u201d. O pleito vai eleger para o tri\u00eanio 2023-2026 o Presidente e o Vice-Presidente do Conselho Deliberativo, a Diretoria, o Conselho Fiscal e o Conselho Consultivo da ANAPE.<\/p>\n\n\n\n<p>A elei\u00e7\u00e3o inicia no dia 18 de maio de 2023, \u00e0s 8h, e se encerra no dia 19 de maio de 2023, \u00e0s 18h. A vota\u00e7\u00e3o vai acontecer por meio eletr\u00f4nico, atrav\u00e9s de link enviado aos e-mails de todos os associados que estejam em situa\u00e7\u00e3o regular junto \u00e0 entidade.<\/p>\n\n\n\n<p>Confira a \u00edntegra da chapa \u201cAdvocacia p\u00fablica forte para os novos tempos\u201d:<\/p>\n\n\n\n<p>DIRETORIA:<br>Presidente: Vicente Martins Prata Braga (CE)<br>1o Vice-Presidente: Fab\u00edola Marquetti Sanches Rahim (MS)<br>2a Vice-Presidente: Ivan Luduvice Cunha (MG)<br>Secret\u00e1rio-Geral: Carolina Ormanes Massoud (PA)<br>Secret\u00e1rio-Geral Adjunto: Igor Veiga Carvalho Pinto Teixeira (MT)<br>Administrativo e Financeiro: Helder de Ara\u00fajo Barros (DF)<br>Administrativo e Financeiro Adjunto: Rodrigo de Meneses dos Santos (TO)<br>Jur\u00eddico e de Prerrogativas: Carlos Frederico Braga Martins (RN)<br>Jur\u00eddico e de Prerrogativas Adjunto: Fernando Alcantara Castelo (PR)<br>Comunica\u00e7\u00e3o e Rela\u00e7\u00f5es Institucionais: Carlos Henrique Falc\u00e3o de Lima (MA)<br>Comunica\u00e7\u00e3o e Rela\u00e7\u00f5es Institucionais Adjunto: C\u00e9lia Cunha Mello (MG)<br>Assuntos Legislativos: Fabrizio de Lima Pieroni (SP)<br>Assuntos Legislativos Adjunto: Sanny Japiass\u00fa dos Santos (PB)<br>Tecnologia: Ilanna Sofia Santos Soeiro Silva (SP)<br>Tecnologia Adjunto: Leila Tinoco Da Cunha Lima Almeida (RN)<br>Filia\u00e7\u00e3o e Conv\u00eanios: Rafael Farias Loureiro Amorim (PE)<br>Filia\u00e7\u00e3o e Conv\u00eanios Adjunto: Rodolfo Ferreira Cavalcanti de Albuquerque (PE)<br>Diretora Social: Fabiana Guardini Nogueira (SC)<br>Diretora Social Adjunto: Carina Fontes Silva Barreto (SE)<br>Diretor-Presidente da Escola Nacional de Advocacia P\u00fablica Estadual: Patr\u00edcia Ulson Pizarro Werner (SP)<\/p><div class=\"ddxbt69ef823eb9b1f\" ><!--<a href=\"https:\/\/bit.ly\/3QdrqTZ\" target=\"_blank\">\n<img src=\"https:\/\/justicapotiguar.com.br\/wp-content\/uploads\/2023\/09\/mobile-geral.gif\"\/><a\/>--><\/div><style type=\"text\/css\">\r\n.ddxbt69ef823eb9b1f {\r\ntext-align: center;\r\n}\r\n@media screen and (min-width: 1201px) {\r\n.ddxbt69ef823eb9b1f {\r\ndisplay: none;\r\n}\r\n}\r\n@media screen and (min-width: 993px) and (max-width: 1200px) {\r\n.ddxbt69ef823eb9b1f {\r\ndisplay: none;\r\n}\r\n}\r\n@media screen and (min-width: 769px) and (max-width: 992px) {\r\n.ddxbt69ef823eb9b1f {\r\ndisplay: none;\r\n}\r\n}\r\n@media screen and (min-width: 768px) and (max-width: 768px) {\r\n.ddxbt69ef823eb9b1f {\r\ndisplay: block;\r\n}\r\n}\r\n@media screen and (max-width: 767px) {\r\n.ddxbt69ef823eb9b1f {\r\ndisplay: block;\r\n}\r\n}\r\n<\/style>\r\n<div class=\"zefkz69ef823eb9b06\" ><!--<a href=\"https:\/\/bit.ly\/3QdrqTZ\" target=\"_blank\">\n<img src=\"https:\/\/justicapotiguar.com.br\/wp-content\/uploads\/2023\/09\/desktop-geral.gif\"\/><a\/>--><\/div><style type=\"text\/css\">\r\n.zefkz69ef823eb9b06 {\r\ntext-align: center;\nmargin-bottom: 1em;\r\n}\r\n@media screen and (min-width: 1201px) {\r\n.zefkz69ef823eb9b06 {\r\ndisplay: block;\r\n}\r\n}\r\n@media screen and (min-width: 993px) and (max-width: 1200px) {\r\n.zefkz69ef823eb9b06 {\r\ndisplay: block;\r\n}\r\n}\r\n@media screen and (min-width: 769px) and (max-width: 992px) {\r\n.zefkz69ef823eb9b06 {\r\ndisplay: block;\r\n}\r\n}\r\n@media screen and (min-width: 768px) and (max-width: 768px) {\r\n.zefkz69ef823eb9b06 {\r\ndisplay: none;\r\n}\r\n}\r\n@media screen and (max-width: 767px) {\r\n.zefkz69ef823eb9b06 {\r\ndisplay: none;\r\n}\r\n}\r\n<\/style>\r\n\n\n\n\n<p>CONSELHO DELIBERATIVO<br>Presidente: Maria de Lourdes Terto Madeira (PI)<br>Vice-Presidente: Ana Flavia Ferreira Cavalcante (TO)<\/p>\n\n\n\n<p>Diretor-Presidente da Escola Nacional de Advocacia P\u00fablica Estadual Adjunto:<br>Luiz Henrique Sormani Barbugiani (PR)<br>Inativos e Previd\u00eancia: Cl\u00e1udia Maria de Souza Moura (BA)<br>Inativos e Previd\u00eancia Adjunto: Claudiney Rocha Rezende (GO)<br>Direitos Humanos: Cristiane Santana Guimar\u00e3es (BA)<br>Direitos Humanos Adjunto: Cl\u00e9ia Costa dos Santos (BA)<\/p>\n\n\n\n<p>CONSELHO FISCAL<br>Presidente: Renato Guanabara Leal de Ara\u00fajo (DF)<br>Membro Titular: Gustavo Chaves Carreira Machado (MG)<br>Membro Titular: Aldenor de Souza Rabelo (AM)<br>Membro Suplente: Daniella Kallynne de Oliveira Garcia (GO)<br>Membro Suplente: Nair Ortega Rezende dos Santos Bonfim (RO)<br>Membro Suplente: Arlete Maria de Souza (MS)<\/p>\n\n\n\n<p>CONSELHO CONSULTIVO<br>Presidente: Gustavo Sipolatti (ES)<br>Vice-Presidente: Vanessa Alves Freiras (RR)<br>Membro: Raquel de Melo Freire Gouveia (AC)<br>Membro: L\u00edvia de Oliveira Lage (AL)<br>Membro: Fabiana Peixoto Siccardi (RJ)<\/p>\n\n\n\n<p>VICE \u2013 PRESIDENTES REGIONAIS<br>Centro Oeste: Wagner Moreira Garcia (MS)<br>Nordeste: Emanuela dos Santos Silva (CE)<br>Norte: Narson de S\u00e1 Galeno (AP)<br>Sudeste: Adriana Bragan\u00e7a Dias da Silva (RJ)<br>Sul: Carlos Henrique Kaipper (RS)<\/p>\n","protected":false},"excerpt":{"rendered":"<p>Dois procuradores do Estado do RN v\u00e3o concorrer a cargos na diretoria da Associa\u00e7\u00e3o Nacional dos Procuradores dos Estados e do DF &#8211; ANAPE para o tri\u00eanio 2023-2026. Leila Tinoco da Cunha Lima Almeida, vice-presidente da Associa\u00e7\u00e3o de Procuradores do Estado RN &#8211; ASPERN, e o associado Carlos Frederico Braga Martins ocupar\u00e3o os cargos de<br \/><a class=\"more-link\" href=\"https:\/\/justicapotiguar.com.br\/index.php\/2023\/05\/10\/procuradores-do-estado-do-rn-vao-concorrer-a-cargos-na-anape\/\">Mais&#8230;<\/a><\/p>\n","protected":false},"author":5,"featured_media":0,"comment_status":"open","ping_status":"open","sticky":false,"template":"","format":"standard","meta":[],"categories":[1],"tags":[],"_links":{"self":[{"href":"https:\/\/justicapotiguar.com.br\/index.php\/wp-json\/wp\/v2\/posts\/31732"}],"collection":[{"href":"https:\/\/justicapotiguar.com.br\/index.php\/wp-json\/wp\/v2\/posts"}],"about":[{"href":"https:\/\/justicapotiguar.com.br\/index.php\/wp-json\/wp\/v2\/types\/post"}],"author":[{"embeddable":true,"href":"https:\/\/justicapotiguar.com.br\/index.php\/wp-json\/wp\/v2\/users\/5"}],"replies":[{"embeddable":true,"href":"https:\/\/justicapotiguar.com.br\/index.php\/wp-json\/wp\/v2\/comments?post=31732"}],"version-history":[{"count":1,"href":"https:\/\/justicapotiguar.com.br\/index.php\/wp-json\/wp\/v2\/posts\/31732\/revisions"}],"predecessor-version":[{"id":31735,"href":"https:\/\/justicapotiguar.com.br\/index.php\/wp-json\/wp\/v2\/posts\/31732\/revisions\/31735"}],"wp:attachment":[{"href":"https:\/\/justicapotiguar.com.br\/index.php\/wp-json\/wp\/v2\/media?parent=31732"}],"wp:term":[{"taxonomy":"category","embeddable":true,"href":"https:\/\/justicapotiguar.com.br\/index.php\/wp-json\/wp\/v2\/categories?post=31732"},{"taxonomy":"post_tag","embeddable":true,"href":"https:\/\/justicapotiguar.com.br\/index.php\/wp-json\/wp\/v2\/tags?post=31732"}],"curies":[{"name":"wp","href":"https:\/\/api.w.org\/{rel}","templated":true}]}}