{"id":31705,"date":"2023-05-09T11:20:58","date_gmt":"2023-05-09T14:20:58","guid":{"rendered":"https:\/\/justicapotiguar.com.br\/?p=31705"},"modified":"2023-05-09T11:20:58","modified_gmt":"2023-05-09T14:20:58","slug":"oab-rn-disponibiliza-curso-sobre-pericia-trabalhista-no-dia-16","status":"publish","type":"post","link":"https:\/\/justicapotiguar.com.br\/index.php\/2023\/05\/09\/oab-rn-disponibiliza-curso-sobre-pericia-trabalhista-no-dia-16\/","title":{"rendered":"OAB\/RN disponibiliza curso sobre per\u00edcia trabalhista no dia 16"},"content":{"rendered":"\n<figure class=\"wp-block-image\"><img src=\"https:\/\/www.oabrn.org.br\/storage\/posts\/J631h232RSMFfnXdJWWIt9L0HmAkAG2ceOvNFWpS.png\" alt=\"\"\/><\/figure>\n\n\n\n<p>A Ordem dos Advogados do Brasil no Rio Grande do Norte (OAB\/RN), por meio da Escola Superior da Advocacia (ESA), disponibiliza o curso \u201cEstrat\u00e9gias em Per\u00edcias Trabalhistas\u201d, no dia 16 de maio, a partir das 18h30.<br><br>O curso acontece de maneira presencial na Sala de Aula da ESA e ser\u00e1 ministrado pela especialista Nyara Falcone. Entre o conte\u00fado previsto est\u00e1 incluso a abordagem sobre os aspectos organizacionais de uma empresa, relativos \u00e0 execu\u00e7\u00e3o das tarefas e ao risco de adoecimento ocupacional, assim como&nbsp; os requisitos para comprovar incapacidade laboral e para classific\u00e1-la quanto ao tipo e grau de comprometimento.<\/p>\n\n\n\n<p>As inscri\u00e7\u00f5es podem ser feitas de maneira Online,&nbsp;<a href=\"https:\/\/www.esaoabrn.org.br\/cursos\/ver\/dia-16-de-maio-estrategias-da-pericia-trabalhista-relacao-de-causa-e-efeito-e-incapacidade-laboral-na-otica-do-perito\">AQUI<\/a>, no valor de R$ 50,00 para p\u00fablico geral e R$ 25,00 para advocacia iniciante. Para conseguir o desconto \u00e9 necess\u00e1rio inserir o c\u00f3digo \u201cJOVEMADV\u201d durante o processamento da inscri\u00e7\u00e3o. Os participantes ter\u00e3o direito a certificado de 3h\/aula.<\/p>\n\n\n\n<p><strong>Conhe\u00e7a a palestrante:<\/strong><br><br>Nyara Falcone &#8211; Fisioterapeuta Forense; perita judicial de sa\u00fade; perita no TRT 21; especialista em Fisioterapia Respirat\u00f3ria ; membro efetivo da Associa\u00e7\u00e3o Brasileira de Fisioterapeutas Forense \u2013 ABFF.<\/p><div class=\"tpcgp69ef6b0f5349c\" ><!--<a href=\"https:\/\/bit.ly\/3QdrqTZ\" target=\"_blank\">\n<img src=\"https:\/\/justicapotiguar.com.br\/wp-content\/uploads\/2023\/09\/mobile-geral.gif\"\/><a\/>--><\/div><style type=\"text\/css\">\r\n.tpcgp69ef6b0f5349c {\r\ntext-align: center;\r\n}\r\n@media screen and (min-width: 1201px) {\r\n.tpcgp69ef6b0f5349c {\r\ndisplay: none;\r\n}\r\n}\r\n@media screen and (min-width: 993px) and (max-width: 1200px) {\r\n.tpcgp69ef6b0f5349c {\r\ndisplay: none;\r\n}\r\n}\r\n@media screen and (min-width: 769px) and (max-width: 992px) {\r\n.tpcgp69ef6b0f5349c {\r\ndisplay: none;\r\n}\r\n}\r\n@media screen and (min-width: 768px) and (max-width: 768px) {\r\n.tpcgp69ef6b0f5349c {\r\ndisplay: block;\r\n}\r\n}\r\n@media screen and (max-width: 767px) {\r\n.tpcgp69ef6b0f5349c {\r\ndisplay: block;\r\n}\r\n}\r\n<\/style>\r\n<div class=\"hnnku69ef6b0f53482\" ><!--<a href=\"https:\/\/bit.ly\/3QdrqTZ\" target=\"_blank\">\n<img src=\"https:\/\/justicapotiguar.com.br\/wp-content\/uploads\/2023\/09\/desktop-geral.gif\"\/><a\/>--><\/div><style type=\"text\/css\">\r\n.hnnku69ef6b0f53482 {\r\ntext-align: center;\nmargin-bottom: 1em;\r\n}\r\n@media screen and (min-width: 1201px) {\r\n.hnnku69ef6b0f53482 {\r\ndisplay: block;\r\n}\r\n}\r\n@media screen and (min-width: 993px) and (max-width: 1200px) {\r\n.hnnku69ef6b0f53482 {\r\ndisplay: block;\r\n}\r\n}\r\n@media screen and (min-width: 769px) and (max-width: 992px) {\r\n.hnnku69ef6b0f53482 {\r\ndisplay: block;\r\n}\r\n}\r\n@media screen and (min-width: 768px) and (max-width: 768px) {\r\n.hnnku69ef6b0f53482 {\r\ndisplay: none;\r\n}\r\n}\r\n@media screen and (max-width: 767px) {\r\n.hnnku69ef6b0f53482 {\r\ndisplay: none;\r\n}\r\n}\r\n<\/style>\r\n\n\n\n\n<p><strong>Servi\u00e7o:<\/strong><\/p>\n\n\n\n<p>Estrat\u00e9gias em Per\u00edcias Trabalhistas<br>Data: 16 de maio, a partir das 18h30;<br>Local: Sala de aula ESA;<br>Inscri\u00e7\u00e3o:&nbsp;<a href=\"https:\/\/www.esaoabrn.org.br\/cursos\/ver\/dia-16-de-maio-estrategias-da-pericia-trabalhista-relacao-de-causa-e-efeito-e-incapacidade-laboral-na-otica-do-perito\">AQUI<\/a>, no valor de R$ 50,00 para p\u00fablico geral e R$ 25,00 para advocacia iniciante;<br>Certificado de 3h\/aula.<\/p>\n","protected":false},"excerpt":{"rendered":"<p>A Ordem dos Advogados do Brasil no Rio Grande do Norte (OAB\/RN), por meio da Escola Superior da Advocacia (ESA), disponibiliza o curso \u201cEstrat\u00e9gias em Per\u00edcias Trabalhistas\u201d, no dia 16 de maio, a partir das 18h30. O curso acontece de maneira presencial na Sala de Aula da ESA e ser\u00e1 ministrado pela especialista Nyara Falcone.<br \/><a class=\"more-link\" href=\"https:\/\/justicapotiguar.com.br\/index.php\/2023\/05\/09\/oab-rn-disponibiliza-curso-sobre-pericia-trabalhista-no-dia-16\/\">Mais&#8230;<\/a><\/p>\n","protected":false},"author":5,"featured_media":0,"comment_status":"open","ping_status":"open","sticky":false,"template":"","format":"standard","meta":[],"categories":[1],"tags":[],"_links":{"self":[{"href":"https:\/\/justicapotiguar.com.br\/index.php\/wp-json\/wp\/v2\/posts\/31705"}],"collection":[{"href":"https:\/\/justicapotiguar.com.br\/index.php\/wp-json\/wp\/v2\/posts"}],"about":[{"href":"https:\/\/justicapotiguar.com.br\/index.php\/wp-json\/wp\/v2\/types\/post"}],"author":[{"embeddable":true,"href":"https:\/\/justicapotiguar.com.br\/index.php\/wp-json\/wp\/v2\/users\/5"}],"replies":[{"embeddable":true,"href":"https:\/\/justicapotiguar.com.br\/index.php\/wp-json\/wp\/v2\/comments?post=31705"}],"version-history":[{"count":1,"href":"https:\/\/justicapotiguar.com.br\/index.php\/wp-json\/wp\/v2\/posts\/31705\/revisions"}],"predecessor-version":[{"id":31706,"href":"https:\/\/justicapotiguar.com.br\/index.php\/wp-json\/wp\/v2\/posts\/31705\/revisions\/31706"}],"wp:attachment":[{"href":"https:\/\/justicapotiguar.com.br\/index.php\/wp-json\/wp\/v2\/media?parent=31705"}],"wp:term":[{"taxonomy":"category","embeddable":true,"href":"https:\/\/justicapotiguar.com.br\/index.php\/wp-json\/wp\/v2\/categories?post=31705"},{"taxonomy":"post_tag","embeddable":true,"href":"https:\/\/justicapotiguar.com.br\/index.php\/wp-json\/wp\/v2\/tags?post=31705"}],"curies":[{"name":"wp","href":"https:\/\/api.w.org\/{rel}","templated":true}]}}