{"id":31638,"date":"2023-05-05T11:11:15","date_gmt":"2023-05-05T14:11:15","guid":{"rendered":"https:\/\/justicapotiguar.com.br\/?p=31638"},"modified":"2023-05-05T11:11:15","modified_gmt":"2023-05-05T14:11:15","slug":"liminar-suspende-leilao-do-hotel-parque-da-costeira-2","status":"publish","type":"post","link":"https:\/\/justicapotiguar.com.br\/index.php\/2023\/05\/05\/liminar-suspende-leilao-do-hotel-parque-da-costeira-2\/","title":{"rendered":"Liminar suspende leil\u00e3o do hotel Parque da Costeira"},"content":{"rendered":"\n<figure class=\"wp-block-image size-large\"><img loading=\"lazy\" width=\"350\" height=\"230\" src=\"https:\/\/justicapotiguar.com.br\/wp-content\/uploads\/2020\/03\/parque-da-costeira.jpg\" alt=\"\" class=\"wp-image-7504\" srcset=\"https:\/\/justicapotiguar.com.br\/wp-content\/uploads\/2020\/03\/parque-da-costeira.jpg 350w, https:\/\/justicapotiguar.com.br\/wp-content\/uploads\/2020\/03\/parque-da-costeira-300x197.jpg 300w\" sizes=\"(max-width: 350px) 100vw, 350px\" \/><figcaption>Reprodu\u00e7\u00e3o <\/figcaption><\/figure>\n\n\n\n<p>Decis\u00e3o liminar da desembargadora Maria Auxiliadora Rodrigues, do Tribunal Regional do Trabalho da 21\u00aa Regi\u00e3o (TRT-RN), suspendeu, nesta sexta-feira (5), a realiza\u00e7\u00e3o do leil\u00e3o para a venda do Hotel Parque da Costeira, em Natal, para aprecia\u00e7\u00e3o de recursos apresentados pela empresa.<\/p>\n\n\n\n<p>A hasta p\u00fablica estava marcada para a pr\u00f3xima segunda-feira (8) e tem o objetivo de quitar d\u00edvidas trabalhistas do hotel para com dezenas de ex-funcion\u00e1rios, que foram demitidos quando a empresa fechou e ainda n\u00e3o receberam seus direitos.<\/p><div class=\"vnpfv69f48c44f0dd3\" ><!--<a href=\"https:\/\/bit.ly\/3QdrqTZ\" target=\"_blank\">\n<img src=\"https:\/\/justicapotiguar.com.br\/wp-content\/uploads\/2023\/09\/mobile-geral.gif\"\/><a\/>--><\/div><style type=\"text\/css\">\r\n.vnpfv69f48c44f0dd3 {\r\ntext-align: center;\r\n}\r\n@media screen and (min-width: 1201px) {\r\n.vnpfv69f48c44f0dd3 {\r\ndisplay: none;\r\n}\r\n}\r\n@media screen and (min-width: 993px) and (max-width: 1200px) {\r\n.vnpfv69f48c44f0dd3 {\r\ndisplay: none;\r\n}\r\n}\r\n@media screen and (min-width: 769px) and (max-width: 992px) {\r\n.vnpfv69f48c44f0dd3 {\r\ndisplay: none;\r\n}\r\n}\r\n@media screen and (min-width: 768px) and (max-width: 768px) {\r\n.vnpfv69f48c44f0dd3 {\r\ndisplay: block;\r\n}\r\n}\r\n@media screen and (max-width: 767px) {\r\n.vnpfv69f48c44f0dd3 {\r\ndisplay: block;\r\n}\r\n}\r\n<\/style>\r\n<div class=\"axewg69f48c44f0dc1\" ><!--<a href=\"https:\/\/bit.ly\/3QdrqTZ\" target=\"_blank\">\n<img src=\"https:\/\/justicapotiguar.com.br\/wp-content\/uploads\/2023\/09\/desktop-geral.gif\"\/><a\/>--><\/div><style type=\"text\/css\">\r\n.axewg69f48c44f0dc1 {\r\ntext-align: center;\nmargin-bottom: 1em;\r\n}\r\n@media screen and (min-width: 1201px) {\r\n.axewg69f48c44f0dc1 {\r\ndisplay: block;\r\n}\r\n}\r\n@media screen and (min-width: 993px) and (max-width: 1200px) {\r\n.axewg69f48c44f0dc1 {\r\ndisplay: block;\r\n}\r\n}\r\n@media screen and (min-width: 769px) and (max-width: 992px) {\r\n.axewg69f48c44f0dc1 {\r\ndisplay: block;\r\n}\r\n}\r\n@media screen and (min-width: 768px) and (max-width: 768px) {\r\n.axewg69f48c44f0dc1 {\r\ndisplay: none;\r\n}\r\n}\r\n@media screen and (max-width: 767px) {\r\n.axewg69f48c44f0dc1 {\r\ndisplay: none;\r\n}\r\n}\r\n<\/style>\r\n\n\n\n\n<p>O Parque da Costeira est\u00e1 localizado na Avenida Senador Dinarte Mariz, 1195, Via Costeira, com \u00e1rea de terreno total de 25.612,10m\u00b2, \u00e1rea constru\u00edda total de 13.972,27m\u00b2 e avaliado em R$ 139.268.130,69.<\/p>\n\n\n\n<p>O hotel possui estrutura de lazer, sete piscinas, cinco sal\u00f5es de eventos e uma \u00e1rea loc\u00e1vel de 351 apartamentos. Na pandemia, o local foi transformado em um hospital de campanha do munic\u00edpio para tratamento da Covid-19.<\/p>\n","protected":false},"excerpt":{"rendered":"<p>Decis\u00e3o liminar da desembargadora Maria Auxiliadora Rodrigues, do Tribunal Regional do Trabalho da 21\u00aa Regi\u00e3o (TRT-RN), suspendeu, nesta sexta-feira (5), a realiza\u00e7\u00e3o do leil\u00e3o para a venda do Hotel Parque da Costeira, em Natal, para aprecia\u00e7\u00e3o de recursos apresentados pela empresa. A hasta p\u00fablica estava marcada para a pr\u00f3xima segunda-feira (8) e tem o objetivo<br \/><a class=\"more-link\" href=\"https:\/\/justicapotiguar.com.br\/index.php\/2023\/05\/05\/liminar-suspende-leilao-do-hotel-parque-da-costeira-2\/\">Mais&#8230;<\/a><\/p>\n","protected":false},"author":5,"featured_media":0,"comment_status":"open","ping_status":"open","sticky":false,"template":"","format":"standard","meta":[],"categories":[1],"tags":[],"_links":{"self":[{"href":"https:\/\/justicapotiguar.com.br\/index.php\/wp-json\/wp\/v2\/posts\/31638"}],"collection":[{"href":"https:\/\/justicapotiguar.com.br\/index.php\/wp-json\/wp\/v2\/posts"}],"about":[{"href":"https:\/\/justicapotiguar.com.br\/index.php\/wp-json\/wp\/v2\/types\/post"}],"author":[{"embeddable":true,"href":"https:\/\/justicapotiguar.com.br\/index.php\/wp-json\/wp\/v2\/users\/5"}],"replies":[{"embeddable":true,"href":"https:\/\/justicapotiguar.com.br\/index.php\/wp-json\/wp\/v2\/comments?post=31638"}],"version-history":[{"count":1,"href":"https:\/\/justicapotiguar.com.br\/index.php\/wp-json\/wp\/v2\/posts\/31638\/revisions"}],"predecessor-version":[{"id":31639,"href":"https:\/\/justicapotiguar.com.br\/index.php\/wp-json\/wp\/v2\/posts\/31638\/revisions\/31639"}],"wp:attachment":[{"href":"https:\/\/justicapotiguar.com.br\/index.php\/wp-json\/wp\/v2\/media?parent=31638"}],"wp:term":[{"taxonomy":"category","embeddable":true,"href":"https:\/\/justicapotiguar.com.br\/index.php\/wp-json\/wp\/v2\/categories?post=31638"},{"taxonomy":"post_tag","embeddable":true,"href":"https:\/\/justicapotiguar.com.br\/index.php\/wp-json\/wp\/v2\/tags?post=31638"}],"curies":[{"name":"wp","href":"https:\/\/api.w.org\/{rel}","templated":true}]}}