{"id":31560,"date":"2023-04-30T11:26:00","date_gmt":"2023-04-30T14:26:00","guid":{"rendered":"https:\/\/justicapotiguar.com.br\/?p=31560"},"modified":"2023-04-29T21:28:40","modified_gmt":"2023-04-30T00:28:40","slug":"ministro-do-stj-rejeita-prisao-antes-do-esgotamento-dos-recursos","status":"publish","type":"post","link":"https:\/\/justicapotiguar.com.br\/index.php\/2023\/04\/30\/ministro-do-stj-rejeita-prisao-antes-do-esgotamento-dos-recursos\/","title":{"rendered":"Ministro do STJ rejeita pris\u00e3o antes do esgotamento dos recursos"},"content":{"rendered":"\n<p>A pris\u00e3o antes do esgotamento dos recursos somente poder\u00e1 ser efetivada em car\u00e1ter cautelar, de forma individualizada, com a demonstra\u00e7\u00e3o da presen\u00e7a dos requisitos autorizadores do artigo 312 do C\u00f3digo de Processo Penal.<ins><\/ins><\/p>\n\n\n\n<figure class=\"wp-block-image\"><img src=\"https:\/\/www.conjur.com.br\/img\/b\/grade-prisao-preso.jpeg\" alt=\"\"\/><figcaption><sup>Fifaliana Joy\/Pixabay<\/sup>Homem \u00e9 acusado de ser o<br>mandante de um homic\u00eddio<\/figcaption><\/figure>\n\n\n\n<p>Assim, o ministro Reynaldo Soares da Fonseca, do Superior Tribunal de Justi\u00e7a, revogou a pris\u00e3o preventiva e concedeu liberdade provis\u00f3ria a um empres\u00e1rio de Sete Lagoas (MG) acusado de ser o mandante de um homic\u00eddio.<\/p>\n\n\n\n<p>Em j\u00fari popular, o r\u00e9u foi condenado a 28 anos de pris\u00e3o, em regime inicialmente fechado. Ao STJ, a defesa argumentou que n\u00e3o ficou clara na senten\u00e7a se foi decretada a pris\u00e3o preventiva ou se instaurada a execu\u00e7\u00e3o provis\u00f3ria da pena, sustentando que nenhuma das duas hip\u00f3teses seria cab\u00edvel.<\/p>\n\n\n\n<p>Na an\u00e1lise do pedido, o ministro lembrou que a pris\u00e3o preventiva \u00e9 uma medida excepcional, de natureza cautelar, que autoriza o Estado a<br>restringir a liberdade de um cidad\u00e3o antes de eventual condena\u00e7\u00e3o com tr\u00e2nsito em julgado, observando as balizas legais e demonstrada a absoluta necessidade de ela ser tomada. Al\u00e9m disso, a decis\u00e3o deve estar pautada em motiva\u00e7\u00e3o concreta de fatos novos ou contempor\u00e2neos.<ins><\/ins><\/p>\n\n\n\n<p>&#8220;Para a priva\u00e7\u00e3o desse direito fundamental da pessoa humana, \u00e9 indispens\u00e1vel a demonstra\u00e7\u00e3o da exist\u00eancia da prova da materialidade do crime, da presen\u00e7a de ind\u00edcios suficientes da autoria e do perigo gerado pelo estado de liberdade do imputado, bem como a ocorr\u00eancia de um ou mais pressupostos do artigo 312 do C\u00f3digo de Processo Penal.&#8221;<\/p><div class=\"ufkua69f2c3f7b083e\" ><!--<a href=\"https:\/\/bit.ly\/3QdrqTZ\" target=\"_blank\">\n<img src=\"https:\/\/justicapotiguar.com.br\/wp-content\/uploads\/2023\/09\/mobile-geral.gif\"\/><a\/>--><\/div><style type=\"text\/css\">\r\n.ufkua69f2c3f7b083e {\r\ntext-align: center;\r\n}\r\n@media screen and (min-width: 1201px) {\r\n.ufkua69f2c3f7b083e {\r\ndisplay: none;\r\n}\r\n}\r\n@media screen and (min-width: 993px) and (max-width: 1200px) {\r\n.ufkua69f2c3f7b083e {\r\ndisplay: none;\r\n}\r\n}\r\n@media screen and (min-width: 769px) and (max-width: 992px) {\r\n.ufkua69f2c3f7b083e {\r\ndisplay: none;\r\n}\r\n}\r\n@media screen and (min-width: 768px) and (max-width: 768px) {\r\n.ufkua69f2c3f7b083e {\r\ndisplay: block;\r\n}\r\n}\r\n@media screen and (max-width: 767px) {\r\n.ufkua69f2c3f7b083e {\r\ndisplay: block;\r\n}\r\n}\r\n<\/style>\r\n<div class=\"eifco69f2c3f7b082a\" ><!--<a href=\"https:\/\/bit.ly\/3QdrqTZ\" target=\"_blank\">\n<img src=\"https:\/\/justicapotiguar.com.br\/wp-content\/uploads\/2023\/09\/desktop-geral.gif\"\/><a\/>--><\/div><style type=\"text\/css\">\r\n.eifco69f2c3f7b082a {\r\ntext-align: center;\nmargin-bottom: 1em;\r\n}\r\n@media screen and (min-width: 1201px) {\r\n.eifco69f2c3f7b082a {\r\ndisplay: block;\r\n}\r\n}\r\n@media screen and (min-width: 993px) and (max-width: 1200px) {\r\n.eifco69f2c3f7b082a {\r\ndisplay: block;\r\n}\r\n}\r\n@media screen and (min-width: 769px) and (max-width: 992px) {\r\n.eifco69f2c3f7b082a {\r\ndisplay: block;\r\n}\r\n}\r\n@media screen and (min-width: 768px) and (max-width: 768px) {\r\n.eifco69f2c3f7b082a {\r\ndisplay: none;\r\n}\r\n}\r\n@media screen and (max-width: 767px) {\r\n.eifco69f2c3f7b082a {\r\ndisplay: none;\r\n}\r\n}\r\n<\/style>\r\n\n\n\n\n<p>Fonseca tamb\u00e9m considerou que a execu\u00e7\u00e3o provis\u00f3ria da pena antes do tr\u00e2nsito em julgado da condena\u00e7\u00e3o, inclusive a&nbsp;decorrente&nbsp;do Tribunal do J\u00fari, viola o princ\u00edpio constitucional da presun\u00e7\u00e3o de inoc\u00eancia.<\/p>\n\n\n\n<p>Para o advogado que representou o empres\u00e1rio no caso,&nbsp;<strong>Berlinque Cantelmo<\/strong>, s\u00f3cio do escrit\u00f3rio Cantelmo Advogados Associados, o STJ vem reafirmando entendimento de que a execu\u00e7\u00e3o provis\u00f3ria da pena antes do tr\u00e2nsito em julgado afronta o princ\u00edpio constitucional da presun\u00e7\u00e3o de inoc\u00eancia.<\/p>\n\n\n\n<p>&#8220;Os requisitos para manuten\u00e7\u00e3o ou decreta\u00e7\u00e3o do acautelamento preventivo precisam obrigatoriamente ser observados, sob pena da materializa\u00e7\u00e3o de constrangimento ilegal, considerando ser a pris\u00e3o medida extrema e que possa ser relativizada atrav\u00e9s de medidas cautelares diversas&#8221;, destaca o defensor.<\/p>\n\n\n\n<p><strong>Clique&nbsp;<a href=\"https:\/\/www.conjur.com.br\/dl\/prisao-antes-esgotamento-recursos.pdf\" target=\"_blank\" rel=\"noreferrer noopener\">aqui<\/a>&nbsp;para ler a decis\u00e3o<br>HC 808.366<\/strong><\/p>\n","protected":false},"excerpt":{"rendered":"<p>A pris\u00e3o antes do esgotamento dos recursos somente poder\u00e1 ser efetivada em car\u00e1ter cautelar, de forma individualizada, com a demonstra\u00e7\u00e3o da presen\u00e7a dos requisitos autorizadores do artigo 312 do C\u00f3digo de Processo Penal. Assim, o ministro Reynaldo Soares da Fonseca, do Superior Tribunal de Justi\u00e7a, revogou a pris\u00e3o preventiva e concedeu liberdade provis\u00f3ria a um<br \/><a class=\"more-link\" href=\"https:\/\/justicapotiguar.com.br\/index.php\/2023\/04\/30\/ministro-do-stj-rejeita-prisao-antes-do-esgotamento-dos-recursos\/\">Mais&#8230;<\/a><\/p>\n","protected":false},"author":5,"featured_media":0,"comment_status":"open","ping_status":"open","sticky":false,"template":"","format":"standard","meta":[],"categories":[1],"tags":[],"_links":{"self":[{"href":"https:\/\/justicapotiguar.com.br\/index.php\/wp-json\/wp\/v2\/posts\/31560"}],"collection":[{"href":"https:\/\/justicapotiguar.com.br\/index.php\/wp-json\/wp\/v2\/posts"}],"about":[{"href":"https:\/\/justicapotiguar.com.br\/index.php\/wp-json\/wp\/v2\/types\/post"}],"author":[{"embeddable":true,"href":"https:\/\/justicapotiguar.com.br\/index.php\/wp-json\/wp\/v2\/users\/5"}],"replies":[{"embeddable":true,"href":"https:\/\/justicapotiguar.com.br\/index.php\/wp-json\/wp\/v2\/comments?post=31560"}],"version-history":[{"count":1,"href":"https:\/\/justicapotiguar.com.br\/index.php\/wp-json\/wp\/v2\/posts\/31560\/revisions"}],"predecessor-version":[{"id":31561,"href":"https:\/\/justicapotiguar.com.br\/index.php\/wp-json\/wp\/v2\/posts\/31560\/revisions\/31561"}],"wp:attachment":[{"href":"https:\/\/justicapotiguar.com.br\/index.php\/wp-json\/wp\/v2\/media?parent=31560"}],"wp:term":[{"taxonomy":"category","embeddable":true,"href":"https:\/\/justicapotiguar.com.br\/index.php\/wp-json\/wp\/v2\/categories?post=31560"},{"taxonomy":"post_tag","embeddable":true,"href":"https:\/\/justicapotiguar.com.br\/index.php\/wp-json\/wp\/v2\/tags?post=31560"}],"curies":[{"name":"wp","href":"https:\/\/api.w.org\/{rel}","templated":true}]}}