{"id":31558,"date":"2023-04-30T08:21:00","date_gmt":"2023-04-30T11:21:00","guid":{"rendered":"https:\/\/justicapotiguar.com.br\/?p=31558"},"modified":"2023-04-29T21:23:15","modified_gmt":"2023-04-30T00:23:15","slug":"tj-mantem-ilegalidade-de-greve-dos-professores-em-nova-cruz","status":"publish","type":"post","link":"https:\/\/justicapotiguar.com.br\/index.php\/2023\/04\/30\/tj-mantem-ilegalidade-de-greve-dos-professores-em-nova-cruz\/","title":{"rendered":"TJ mant\u00e9m ilegalidade de greve dos professores em  Nova Cruz"},"content":{"rendered":"\n<figure class=\"wp-block-image size-large\"><img loading=\"lazy\" width=\"300\" height=\"225\" src=\"https:\/\/justicapotiguar.com.br\/wp-content\/uploads\/2020\/06\/professor5.jpeg\" alt=\"\" class=\"wp-image-10754\"\/><figcaption>Reprodu\u00e7\u00e3o<\/figcaption><\/figure>\n\n\n\n<p>Os desembargadores que integram o Pleno do TJRN n\u00e3o deram provimento aos Embargos de Declara\u00e7\u00e3o, recurso esse que serve para corrigir supostas obscuridades ou omiss\u00f5es em julgamentos anteriores, movidos, desta vez, pelo Sindicato dos Trabalhadores em Educa\u00e7\u00e3o do Estado do Rio Grande do Norte \u2013 SINTE\/RN, que argumentou pela revis\u00e3o de uma declara\u00e7\u00e3o de ilegalidade de greve, realizada pelos servidores da Educa\u00e7\u00e3o no munic\u00edpio de Nova Cruz, em decis\u00e3o que tamb\u00e9m entendeu pela permissibilidade de desconto dos dias paralisados e flexibiliza\u00e7\u00e3o de compensa\u00e7\u00e3o em caso de acordo.<\/p>\n\n\n\n<p>Contudo, para o colegiado, a motiva\u00e7\u00e3o do julgamento est\u00e1 devidamente delineada no ac\u00f3rd\u00e3o questionado, diante da inexist\u00eancia de quaisquer dos v\u00edcios constantes do artigo 1.022 do C\u00f3digo de Processo Civil e que o pleito se trata de \u201cmero inconformismo\u201d acerca da interpreta\u00e7\u00e3o adotada no julgado combatido. \u201cAclarat\u00f3rios que n\u00e3o se prestam a rediscutir ou revalorar mat\u00e9ria devidamente apreciada e decidida\u201d, enfatiza o relator do recurso, desembargador Glauber R\u00eago.<\/p>\n\n\n\n<p>Conforme o voto, no julgado questionado pela entidade, ficou devidamente demonstrada a abusividade da greve, diante da compreens\u00e3o quanto \u00e0 inafastabilidade do servi\u00e7o p\u00fablico, sob a \u00f3tica do piso salarial do magist\u00e9rio, j\u00e1 que, na situa\u00e7\u00e3o jur\u00eddica em demanda, se est\u00e1 diante de servi\u00e7o p\u00fablico essencial e de natureza social imprescind\u00edvel \u00e0 popula\u00e7\u00e3o municipal, principalmente aos infantes (artigos 6\u00ba e 211, da Constitui\u00e7\u00e3o Federal).<\/p><div class=\"krnfp69f2d7b8de1c5\" ><!--<a href=\"https:\/\/bit.ly\/3QdrqTZ\" target=\"_blank\">\n<img src=\"https:\/\/justicapotiguar.com.br\/wp-content\/uploads\/2023\/09\/mobile-geral.gif\"\/><a\/>--><\/div><style type=\"text\/css\">\r\n.krnfp69f2d7b8de1c5 {\r\ntext-align: center;\r\n}\r\n@media screen and (min-width: 1201px) {\r\n.krnfp69f2d7b8de1c5 {\r\ndisplay: none;\r\n}\r\n}\r\n@media screen and (min-width: 993px) and (max-width: 1200px) {\r\n.krnfp69f2d7b8de1c5 {\r\ndisplay: none;\r\n}\r\n}\r\n@media screen and (min-width: 769px) and (max-width: 992px) {\r\n.krnfp69f2d7b8de1c5 {\r\ndisplay: none;\r\n}\r\n}\r\n@media screen and (min-width: 768px) and (max-width: 768px) {\r\n.krnfp69f2d7b8de1c5 {\r\ndisplay: block;\r\n}\r\n}\r\n@media screen and (max-width: 767px) {\r\n.krnfp69f2d7b8de1c5 {\r\ndisplay: block;\r\n}\r\n}\r\n<\/style>\r\n<div class=\"xljax69f2d7b8de1a2\" ><!--<a href=\"https:\/\/bit.ly\/3QdrqTZ\" target=\"_blank\">\n<img src=\"https:\/\/justicapotiguar.com.br\/wp-content\/uploads\/2023\/09\/desktop-geral.gif\"\/><a\/>--><\/div><style type=\"text\/css\">\r\n.xljax69f2d7b8de1a2 {\r\ntext-align: center;\nmargin-bottom: 1em;\r\n}\r\n@media screen and (min-width: 1201px) {\r\n.xljax69f2d7b8de1a2 {\r\ndisplay: block;\r\n}\r\n}\r\n@media screen and (min-width: 993px) and (max-width: 1200px) {\r\n.xljax69f2d7b8de1a2 {\r\ndisplay: block;\r\n}\r\n}\r\n@media screen and (min-width: 769px) and (max-width: 992px) {\r\n.xljax69f2d7b8de1a2 {\r\ndisplay: block;\r\n}\r\n}\r\n@media screen and (min-width: 768px) and (max-width: 768px) {\r\n.xljax69f2d7b8de1a2 {\r\ndisplay: none;\r\n}\r\n}\r\n@media screen and (max-width: 767px) {\r\n.xljax69f2d7b8de1a2 {\r\ndisplay: none;\r\n}\r\n}\r\n<\/style>\r\n\n\n\n\n<p>\u201cSe de tais conclus\u00f5es discorda a Embargante, dever\u00e1 se socorrer dos rem\u00e9dios recursais adequados. Assim, os embargos de declara\u00e7\u00e3o n\u00e3o se prestam para tal objetivo\u201d, enfatiza o relator.<\/p>\n\n\n\n<p>A decis\u00e3o anterior, questionada no atual recurso, j\u00e1 definiu, tamb\u00e9m, que n\u00e3o foi observado o par\u00e1grafo 1\u00ba do artigo 4\u00ba da Lei n\u00ba 7.783\/89, ao ser descumprido o prazo da Assembleia Geral fixado no Estatuto do SINTE\/RN, bem como n\u00e3o existindo elementos probat\u00f3rios do qu\u00f3rum m\u00ednimo necess\u00e1rio a permitir a instala\u00e7\u00e3o e delibera\u00e7\u00e3o acerca da greve, tendo, neste aspecto, bem se manifestado a 13\u00aa Procuradoria de Justi\u00e7a.<\/p>\n\n\n\n<p>\u201cA manuten\u00e7\u00e3o ininterrupta\/cont\u00ednua das atividades educacionais do Munic\u00edpio n\u00e3o foi resguardada, implicando no desatendimento as necessidades inadi\u00e1veis da comunidade escolar, refletindo em les\u00e3o ao interesse p\u00fablico com ferimento as garantias asseguradas aos cidad\u00e3os, especialmente \u00e0s crian\u00e7as e adolescentes, de acesso \u00e0 educa\u00e7\u00e3o\u201d, definiu o desembargador.<\/p>\n","protected":false},"excerpt":{"rendered":"<p>Os desembargadores que integram o Pleno do TJRN n\u00e3o deram provimento aos Embargos de Declara\u00e7\u00e3o, recurso esse que serve para corrigir supostas obscuridades ou omiss\u00f5es em julgamentos anteriores, movidos, desta vez, pelo Sindicato dos Trabalhadores em Educa\u00e7\u00e3o do Estado do Rio Grande do Norte \u2013 SINTE\/RN, que argumentou pela revis\u00e3o de uma declara\u00e7\u00e3o de ilegalidade<br \/><a class=\"more-link\" href=\"https:\/\/justicapotiguar.com.br\/index.php\/2023\/04\/30\/tj-mantem-ilegalidade-de-greve-dos-professores-em-nova-cruz\/\">Mais&#8230;<\/a><\/p>\n","protected":false},"author":5,"featured_media":0,"comment_status":"open","ping_status":"open","sticky":false,"template":"","format":"standard","meta":[],"categories":[1],"tags":[],"_links":{"self":[{"href":"https:\/\/justicapotiguar.com.br\/index.php\/wp-json\/wp\/v2\/posts\/31558"}],"collection":[{"href":"https:\/\/justicapotiguar.com.br\/index.php\/wp-json\/wp\/v2\/posts"}],"about":[{"href":"https:\/\/justicapotiguar.com.br\/index.php\/wp-json\/wp\/v2\/types\/post"}],"author":[{"embeddable":true,"href":"https:\/\/justicapotiguar.com.br\/index.php\/wp-json\/wp\/v2\/users\/5"}],"replies":[{"embeddable":true,"href":"https:\/\/justicapotiguar.com.br\/index.php\/wp-json\/wp\/v2\/comments?post=31558"}],"version-history":[{"count":1,"href":"https:\/\/justicapotiguar.com.br\/index.php\/wp-json\/wp\/v2\/posts\/31558\/revisions"}],"predecessor-version":[{"id":31559,"href":"https:\/\/justicapotiguar.com.br\/index.php\/wp-json\/wp\/v2\/posts\/31558\/revisions\/31559"}],"wp:attachment":[{"href":"https:\/\/justicapotiguar.com.br\/index.php\/wp-json\/wp\/v2\/media?parent=31558"}],"wp:term":[{"taxonomy":"category","embeddable":true,"href":"https:\/\/justicapotiguar.com.br\/index.php\/wp-json\/wp\/v2\/categories?post=31558"},{"taxonomy":"post_tag","embeddable":true,"href":"https:\/\/justicapotiguar.com.br\/index.php\/wp-json\/wp\/v2\/tags?post=31558"}],"curies":[{"name":"wp","href":"https:\/\/api.w.org\/{rel}","templated":true}]}}