{"id":31506,"date":"2023-04-26T15:51:18","date_gmt":"2023-04-26T18:51:18","guid":{"rendered":"https:\/\/justicapotiguar.com.br\/?p=31506"},"modified":"2023-04-26T15:51:18","modified_gmt":"2023-04-26T18:51:18","slug":"tse-confirma-decisao-regional-e-mantem-nos-cargos-prefeito-e-vice-de-assu","status":"publish","type":"post","link":"https:\/\/justicapotiguar.com.br\/index.php\/2023\/04\/26\/tse-confirma-decisao-regional-e-mantem-nos-cargos-prefeito-e-vice-de-assu\/","title":{"rendered":"TSE confirma decis\u00e3o regional e mant\u00e9m nos cargos prefeito e vice de Ass\u00fa"},"content":{"rendered":"\n<figure class=\"wp-block-image\" id=\"imagem-principal-texto\"><img src=\"https:\/\/www.tse.jus.br\/imagens\/fotos\/ministros-na-sessao-de-julgamentos-do-tse-em-25-04-2023-foto-antonio-augusto-secom-tse\/@@images\/32703429-f553-479f-8728-223bc8c41d71.jpeg\" alt=\"Ministros na sess\u00e3o de julgamentos do TSE em 25.04.2023 - Foto: Antonio Augusto\/Secom\/TSE.\" title=\"Ministros na sess\u00e3o de julgamentos do TSE em 25.04.2023 - Foto: Antonio Augusto\/Secom\/TSE.\"\/><figcaption> Foto: Antonio Augusto\/Secom\/TSE<\/figcaption><\/figure>\n\n\n\n<p>Na sess\u00e3o plen\u00e1ria de julgamentos do Tribunal Superior Eleitoral (TSE), nesta ter\u00e7a-feira (25), os ministros da Corte, por unanimidade, mantiveram a decis\u00e3o do Tribunal Regional Eleitoral do Rio Grande do Norte (TRE-RN) que manteve os mandatos de Gustavo Montenegro Soares e de Fabielle Cristina de Azevedo Bezerra, prefeito e vice-prefeita de Ass\u00fa (RN), eleitos em 2020.<\/p>\n\n\n\n<p>A Corte Regional manteve a senten\u00e7a de primeira inst\u00e2ncia que julgou improcedente a\u00e7\u00e3o que pedia a cassa\u00e7\u00e3o dos mandatos de ambos por abusos de poder pol\u00edtico e econ\u00f4mico e capta\u00e7\u00e3o il\u00edcita de sufr\u00e1gio (compra de votos) devido \u00e0 distribui\u00e7\u00e3o de cestas b\u00e1sicas naquele pleito eleitoral. Inconformado com a decis\u00e3o, o candidato derrotado nas urnas Ivan Lopes J\u00fanior, autor da a\u00e7\u00e3o, recorreu ao TSE.<\/p>\n\n\n\n<p>Ao votar na sess\u00e3o desta ter\u00e7a, o relator do recurso no TSE, ministro Raul Ara\u00fajo, destacou que o ac\u00f3rd\u00e3o proferido pelo TRE-RN asseverou n\u00e3o haver provas suficientes de que os ent\u00e3o candidatos praticaram atos il\u00edcitos que se enquadrassem no&nbsp;<a href=\"https:\/\/www.planalto.gov.br\/ccivil_03\/leis\/l9504.htm\">artigo 41-A da Lei n\u00ba 9.504\/1997<\/a>, que trata da capta\u00e7\u00e3o il\u00edcita de sufr\u00e1gio.<\/p><div class=\"sgdnj69ef126893226\" ><!--<a href=\"https:\/\/bit.ly\/3QdrqTZ\" target=\"_blank\">\n<img src=\"https:\/\/justicapotiguar.com.br\/wp-content\/uploads\/2023\/09\/mobile-geral.gif\"\/><a\/>--><\/div><style type=\"text\/css\">\r\n.sgdnj69ef126893226 {\r\ntext-align: center;\r\n}\r\n@media screen and (min-width: 1201px) {\r\n.sgdnj69ef126893226 {\r\ndisplay: none;\r\n}\r\n}\r\n@media screen and (min-width: 993px) and (max-width: 1200px) {\r\n.sgdnj69ef126893226 {\r\ndisplay: none;\r\n}\r\n}\r\n@media screen and (min-width: 769px) and (max-width: 992px) {\r\n.sgdnj69ef126893226 {\r\ndisplay: none;\r\n}\r\n}\r\n@media screen and (min-width: 768px) and (max-width: 768px) {\r\n.sgdnj69ef126893226 {\r\ndisplay: block;\r\n}\r\n}\r\n@media screen and (max-width: 767px) {\r\n.sgdnj69ef126893226 {\r\ndisplay: block;\r\n}\r\n}\r\n<\/style>\r\n<div class=\"wsoml69ef12689320b\" ><!--<a href=\"https:\/\/bit.ly\/3QdrqTZ\" target=\"_blank\">\n<img src=\"https:\/\/justicapotiguar.com.br\/wp-content\/uploads\/2023\/09\/desktop-geral.gif\"\/><a\/>--><\/div><style type=\"text\/css\">\r\n.wsoml69ef12689320b {\r\ntext-align: center;\nmargin-bottom: 1em;\r\n}\r\n@media screen and (min-width: 1201px) {\r\n.wsoml69ef12689320b {\r\ndisplay: block;\r\n}\r\n}\r\n@media screen and (min-width: 993px) and (max-width: 1200px) {\r\n.wsoml69ef12689320b {\r\ndisplay: block;\r\n}\r\n}\r\n@media screen and (min-width: 769px) and (max-width: 992px) {\r\n.wsoml69ef12689320b {\r\ndisplay: block;\r\n}\r\n}\r\n@media screen and (min-width: 768px) and (max-width: 768px) {\r\n.wsoml69ef12689320b {\r\ndisplay: none;\r\n}\r\n}\r\n@media screen and (max-width: 767px) {\r\n.wsoml69ef12689320b {\r\ndisplay: none;\r\n}\r\n}\r\n<\/style>\r\n\n\n\n\n<p>\u201cO ac\u00f3rd\u00e3o regional se encontra em perfeita conson\u00e2ncia com a jurisprud\u00eancia desta Corte, na linha de que, para condenar os agravados pela pr\u00e1tica de capta\u00e7\u00e3o il\u00edcita de sufr\u00e1gio, \u00e9 necess\u00e1rio que haja robustez dos elementos probat\u00f3rios, a incidir o Verbete Sumular n\u00ba 30 do TSE\u201d, ressaltou Raul Ara\u00fajo.<\/p>\n\n\n\n<p>TP\/LC, DM<\/p>\n\n\n\n<p><strong>Processo relacionado:<\/strong>&nbsp;Agr no Respe 0600475-52.2020.6.20.0029<\/p>\n","protected":false},"excerpt":{"rendered":"<p>Na sess\u00e3o plen\u00e1ria de julgamentos do Tribunal Superior Eleitoral (TSE), nesta ter\u00e7a-feira (25), os ministros da Corte, por unanimidade, mantiveram a decis\u00e3o do Tribunal Regional Eleitoral do Rio Grande do Norte (TRE-RN) que manteve os mandatos de Gustavo Montenegro Soares e de Fabielle Cristina de Azevedo Bezerra, prefeito e vice-prefeita de Ass\u00fa (RN), eleitos em<br \/><a class=\"more-link\" href=\"https:\/\/justicapotiguar.com.br\/index.php\/2023\/04\/26\/tse-confirma-decisao-regional-e-mantem-nos-cargos-prefeito-e-vice-de-assu\/\">Mais&#8230;<\/a><\/p>\n","protected":false},"author":5,"featured_media":0,"comment_status":"open","ping_status":"open","sticky":false,"template":"","format":"standard","meta":[],"categories":[1],"tags":[],"_links":{"self":[{"href":"https:\/\/justicapotiguar.com.br\/index.php\/wp-json\/wp\/v2\/posts\/31506"}],"collection":[{"href":"https:\/\/justicapotiguar.com.br\/index.php\/wp-json\/wp\/v2\/posts"}],"about":[{"href":"https:\/\/justicapotiguar.com.br\/index.php\/wp-json\/wp\/v2\/types\/post"}],"author":[{"embeddable":true,"href":"https:\/\/justicapotiguar.com.br\/index.php\/wp-json\/wp\/v2\/users\/5"}],"replies":[{"embeddable":true,"href":"https:\/\/justicapotiguar.com.br\/index.php\/wp-json\/wp\/v2\/comments?post=31506"}],"version-history":[{"count":1,"href":"https:\/\/justicapotiguar.com.br\/index.php\/wp-json\/wp\/v2\/posts\/31506\/revisions"}],"predecessor-version":[{"id":31507,"href":"https:\/\/justicapotiguar.com.br\/index.php\/wp-json\/wp\/v2\/posts\/31506\/revisions\/31507"}],"wp:attachment":[{"href":"https:\/\/justicapotiguar.com.br\/index.php\/wp-json\/wp\/v2\/media?parent=31506"}],"wp:term":[{"taxonomy":"category","embeddable":true,"href":"https:\/\/justicapotiguar.com.br\/index.php\/wp-json\/wp\/v2\/categories?post=31506"},{"taxonomy":"post_tag","embeddable":true,"href":"https:\/\/justicapotiguar.com.br\/index.php\/wp-json\/wp\/v2\/tags?post=31506"}],"curies":[{"name":"wp","href":"https:\/\/api.w.org\/{rel}","templated":true}]}}