{"id":31504,"date":"2023-04-26T15:49:49","date_gmt":"2023-04-26T18:49:49","guid":{"rendered":"https:\/\/justicapotiguar.com.br\/?p=31504"},"modified":"2023-04-26T15:49:49","modified_gmt":"2023-04-26T18:49:49","slug":"apos-juiz-depreciar-norte-e-nordeste-oab-quer-que-tribunais-gravem-sessoes","status":"publish","type":"post","link":"https:\/\/justicapotiguar.com.br\/index.php\/2023\/04\/26\/apos-juiz-depreciar-norte-e-nordeste-oab-quer-que-tribunais-gravem-sessoes\/","title":{"rendered":"Ap\u00f3s juiz depreciar Norte e Nordeste, OAB quer que tribunais gravem sess\u00f5es"},"content":{"rendered":"\n<figure class=\"wp-block-image size-large\"><img loading=\"lazy\" width=\"525\" height=\"350\" src=\"https:\/\/justicapotiguar.com.br\/wp-content\/uploads\/2019\/09\/FED223243646EB8BFFDA1E6BAC851C6D3206_oabcf.jpg\" alt=\"\" class=\"wp-image-2689\" srcset=\"https:\/\/justicapotiguar.com.br\/wp-content\/uploads\/2019\/09\/FED223243646EB8BFFDA1E6BAC851C6D3206_oabcf.jpg 525w, https:\/\/justicapotiguar.com.br\/wp-content\/uploads\/2019\/09\/FED223243646EB8BFFDA1E6BAC851C6D3206_oabcf-300x200.jpg 300w\" sizes=\"(max-width: 525px) 100vw, 525px\" \/><figcaption>Reprodu\u00e7\u00e3o<\/figcaption><\/figure>\n\n\n\n<p>A OAB (Ordem dos Advogados do Brasil) protocolou no CNJ (Conselho Nacional de Justi\u00e7a) uma proposta de resolu\u00e7\u00e3o para que todos os atos processuais sejam gravados por tribunais. A iniciativa \u00e9 uma resposta \u00e0s declara\u00e7\u00f5es do desembargador federal M\u00e1rio Helton Jorge, que disse que o Paran\u00e1 tem &#8220;n\u00edvel cultural superior&#8221; ao das regi\u00f5es Norte e Nordeste. O objetivo da medida \u00e9 identificar eventuais viola\u00e7\u00f5es ocorridas em audi\u00eancias durante os processos. Atualmente, a grava\u00e7\u00e3o dos procedimentos \u00e9 recomendada, mas n\u00e3o \u00e9 obrigat\u00f3ria.<\/p>\n\n\n\n<p>&#8220;As grava\u00e7\u00f5es em todos os tribunais n\u00e3o s\u00e3o uma garantia apenas para a advocacia, cidad\u00e3os ou magistrados. \u00c9 a certeza de que teremos direitos e garantias atendidos em plenitude e uma maior efetividade nos julgamentos&#8221;, diz o presidente da OAB, Beto Simonetti. &#8220;Queremos que a ferramenta chegue a todos os tribunais. A grava\u00e7\u00e3o \u00e9 uma garantia ao advogado, \u00e0 maior civilidade do Sistema de Justi\u00e7a e \u00e0 cidadania&#8221;, diz Rafael Horn, vice-presidente da OAB e autor da proposta.<\/p><div class=\"xspqy69ef144b93e32\" ><!--<a href=\"https:\/\/bit.ly\/3QdrqTZ\" target=\"_blank\">\n<img src=\"https:\/\/justicapotiguar.com.br\/wp-content\/uploads\/2023\/09\/mobile-geral.gif\"\/><a\/>--><\/div><style type=\"text\/css\">\r\n.xspqy69ef144b93e32 {\r\ntext-align: center;\r\n}\r\n@media screen and (min-width: 1201px) {\r\n.xspqy69ef144b93e32 {\r\ndisplay: none;\r\n}\r\n}\r\n@media screen and (min-width: 993px) and (max-width: 1200px) {\r\n.xspqy69ef144b93e32 {\r\ndisplay: none;\r\n}\r\n}\r\n@media screen and (min-width: 769px) and (max-width: 992px) {\r\n.xspqy69ef144b93e32 {\r\ndisplay: none;\r\n}\r\n}\r\n@media screen and (min-width: 768px) and (max-width: 768px) {\r\n.xspqy69ef144b93e32 {\r\ndisplay: block;\r\n}\r\n}\r\n@media screen and (max-width: 767px) {\r\n.xspqy69ef144b93e32 {\r\ndisplay: block;\r\n}\r\n}\r\n<\/style>\r\n<div class=\"cyifu69ef144b93e15\" ><!--<a href=\"https:\/\/bit.ly\/3QdrqTZ\" target=\"_blank\">\n<img src=\"https:\/\/justicapotiguar.com.br\/wp-content\/uploads\/2023\/09\/desktop-geral.gif\"\/><a\/>--><\/div><style type=\"text\/css\">\r\n.cyifu69ef144b93e15 {\r\ntext-align: center;\nmargin-bottom: 1em;\r\n}\r\n@media screen and (min-width: 1201px) {\r\n.cyifu69ef144b93e15 {\r\ndisplay: block;\r\n}\r\n}\r\n@media screen and (min-width: 993px) and (max-width: 1200px) {\r\n.cyifu69ef144b93e15 {\r\ndisplay: block;\r\n}\r\n}\r\n@media screen and (min-width: 769px) and (max-width: 992px) {\r\n.cyifu69ef144b93e15 {\r\ndisplay: block;\r\n}\r\n}\r\n@media screen and (min-width: 768px) and (max-width: 768px) {\r\n.cyifu69ef144b93e15 {\r\ndisplay: none;\r\n}\r\n}\r\n@media screen and (max-width: 767px) {\r\n.cyifu69ef144b93e15 {\r\ndisplay: none;\r\n}\r\n}\r\n<\/style>\r\n\n\n\n\n<p>Carolina Br\u00edgido, UOL<\/p>\n","protected":false},"excerpt":{"rendered":"<p>A OAB (Ordem dos Advogados do Brasil) protocolou no CNJ (Conselho Nacional de Justi\u00e7a) uma proposta de resolu\u00e7\u00e3o para que todos os atos processuais sejam gravados por tribunais. A iniciativa \u00e9 uma resposta \u00e0s declara\u00e7\u00f5es do desembargador federal M\u00e1rio Helton Jorge, que disse que o Paran\u00e1 tem &#8220;n\u00edvel cultural superior&#8221; ao das regi\u00f5es Norte e<br \/><a class=\"more-link\" href=\"https:\/\/justicapotiguar.com.br\/index.php\/2023\/04\/26\/apos-juiz-depreciar-norte-e-nordeste-oab-quer-que-tribunais-gravem-sessoes\/\">Mais&#8230;<\/a><\/p>\n","protected":false},"author":5,"featured_media":0,"comment_status":"open","ping_status":"open","sticky":false,"template":"","format":"standard","meta":[],"categories":[1],"tags":[],"_links":{"self":[{"href":"https:\/\/justicapotiguar.com.br\/index.php\/wp-json\/wp\/v2\/posts\/31504"}],"collection":[{"href":"https:\/\/justicapotiguar.com.br\/index.php\/wp-json\/wp\/v2\/posts"}],"about":[{"href":"https:\/\/justicapotiguar.com.br\/index.php\/wp-json\/wp\/v2\/types\/post"}],"author":[{"embeddable":true,"href":"https:\/\/justicapotiguar.com.br\/index.php\/wp-json\/wp\/v2\/users\/5"}],"replies":[{"embeddable":true,"href":"https:\/\/justicapotiguar.com.br\/index.php\/wp-json\/wp\/v2\/comments?post=31504"}],"version-history":[{"count":1,"href":"https:\/\/justicapotiguar.com.br\/index.php\/wp-json\/wp\/v2\/posts\/31504\/revisions"}],"predecessor-version":[{"id":31505,"href":"https:\/\/justicapotiguar.com.br\/index.php\/wp-json\/wp\/v2\/posts\/31504\/revisions\/31505"}],"wp:attachment":[{"href":"https:\/\/justicapotiguar.com.br\/index.php\/wp-json\/wp\/v2\/media?parent=31504"}],"wp:term":[{"taxonomy":"category","embeddable":true,"href":"https:\/\/justicapotiguar.com.br\/index.php\/wp-json\/wp\/v2\/categories?post=31504"},{"taxonomy":"post_tag","embeddable":true,"href":"https:\/\/justicapotiguar.com.br\/index.php\/wp-json\/wp\/v2\/tags?post=31504"}],"curies":[{"name":"wp","href":"https:\/\/api.w.org\/{rel}","templated":true}]}}