{"id":31500,"date":"2023-04-26T13:56:02","date_gmt":"2023-04-26T16:56:02","guid":{"rendered":"https:\/\/justicapotiguar.com.br\/?p=31500"},"modified":"2023-04-26T13:56:02","modified_gmt":"2023-04-26T16:56:02","slug":"santa-cruz-defensoria-publica-do-rn-promove-mutirao-de-conciliacao-em-demandas-de-familia-nos-dias-03-e-04-de-maio","status":"publish","type":"post","link":"https:\/\/justicapotiguar.com.br\/index.php\/2023\/04\/26\/santa-cruz-defensoria-publica-do-rn-promove-mutirao-de-conciliacao-em-demandas-de-familia-nos-dias-03-e-04-de-maio\/","title":{"rendered":"SANTA CRUZ: Defensoria P\u00fablica do RN promove mutir\u00e3o de concilia\u00e7\u00e3o em demandas de fam\u00edlia nos dias 03 e 04 de maio"},"content":{"rendered":"\n<figure class=\"wp-block-image size-large\"><img loading=\"lazy\" width=\"1024\" height=\"681\" src=\"https:\/\/justicapotiguar.com.br\/wp-content\/uploads\/2019\/08\/def-1024x681.jpg\" alt=\"\" class=\"wp-image-988\" srcset=\"https:\/\/justicapotiguar.com.br\/wp-content\/uploads\/2019\/08\/def-1024x681.jpg 1024w, https:\/\/justicapotiguar.com.br\/wp-content\/uploads\/2019\/08\/def-300x199.jpg 300w, https:\/\/justicapotiguar.com.br\/wp-content\/uploads\/2019\/08\/def-768x511.jpg 768w, https:\/\/justicapotiguar.com.br\/wp-content\/uploads\/2019\/08\/def.jpg 1280w\" sizes=\"(max-width: 1024px) 100vw, 1024px\" \/><figcaption>Reprodu\u00e7\u00e3o<\/figcaption><\/figure>\n\n\n\n<p>A Defensoria P\u00fablica do Estado do Rio Grande do Norte (DPE\/RN), por meio do N\u00facleo de Santa Cruz, ir\u00e1 promover um grande mutir\u00e3o de concilia\u00e7\u00e3o para demandas envolvendo Direito da fam\u00edlia. A a\u00e7\u00e3o ir\u00e1 acontecer nos dias 03 e 04 de maio de 2023, das 8h \u00e0s 14h, na sede da institui\u00e7\u00e3o na cidade, localizada na rua Cel. Ivo Furtado, no Centro de Santa Cruz. Os atendimentos podem ser agendados via telefone ou WhatsApp e tamb\u00e9m ser\u00e3o atendidas orienta\u00e7\u00f5es espont\u00e2neas.<\/p><div class=\"mkjjq69ef1491d3092\" ><!--<a href=\"https:\/\/bit.ly\/3QdrqTZ\" target=\"_blank\">\n<img src=\"https:\/\/justicapotiguar.com.br\/wp-content\/uploads\/2023\/09\/mobile-geral.gif\"\/><a\/>--><\/div><style type=\"text\/css\">\r\n.mkjjq69ef1491d3092 {\r\ntext-align: center;\r\n}\r\n@media screen and (min-width: 1201px) {\r\n.mkjjq69ef1491d3092 {\r\ndisplay: none;\r\n}\r\n}\r\n@media screen and (min-width: 993px) and (max-width: 1200px) {\r\n.mkjjq69ef1491d3092 {\r\ndisplay: none;\r\n}\r\n}\r\n@media screen and (min-width: 769px) and (max-width: 992px) {\r\n.mkjjq69ef1491d3092 {\r\ndisplay: none;\r\n}\r\n}\r\n@media screen and (min-width: 768px) and (max-width: 768px) {\r\n.mkjjq69ef1491d3092 {\r\ndisplay: block;\r\n}\r\n}\r\n@media screen and (max-width: 767px) {\r\n.mkjjq69ef1491d3092 {\r\ndisplay: block;\r\n}\r\n}\r\n<\/style>\r\n<div class=\"eifne69ef1491d307f\" ><!--<a href=\"https:\/\/bit.ly\/3QdrqTZ\" target=\"_blank\">\n<img src=\"https:\/\/justicapotiguar.com.br\/wp-content\/uploads\/2023\/09\/desktop-geral.gif\"\/><a\/>--><\/div><style type=\"text\/css\">\r\n.eifne69ef1491d307f {\r\ntext-align: center;\nmargin-bottom: 1em;\r\n}\r\n@media screen and (min-width: 1201px) {\r\n.eifne69ef1491d307f {\r\ndisplay: block;\r\n}\r\n}\r\n@media screen and (min-width: 993px) and (max-width: 1200px) {\r\n.eifne69ef1491d307f {\r\ndisplay: block;\r\n}\r\n}\r\n@media screen and (min-width: 769px) and (max-width: 992px) {\r\n.eifne69ef1491d307f {\r\ndisplay: block;\r\n}\r\n}\r\n@media screen and (min-width: 768px) and (max-width: 768px) {\r\n.eifne69ef1491d307f {\r\ndisplay: none;\r\n}\r\n}\r\n@media screen and (max-width: 767px) {\r\n.eifne69ef1491d307f {\r\ndisplay: none;\r\n}\r\n}\r\n<\/style>\r\n\n\n\n\n<p>A a\u00e7\u00e3o busca promover concilia\u00e7\u00e3o e evitar a\u00e7\u00f5es como div\u00f3rcio, reconhecimento e dissolu\u00e7\u00e3o de uni\u00e3o est\u00e1vel, defini\u00e7\u00e3o de guarda de filhos, defini\u00e7\u00e3o de pens\u00e3o e direito de conviv\u00eancia. Os interessados em agendar o atendimento podem marcar previamente atrav\u00e9s dos n\u00fameros (84) 99695-3657 (whatsapp) ou (84) 98153-5695 (liga\u00e7\u00e3o). Os telefones est\u00e3o dispon\u00edveis tamb\u00e9m para quem desejar tirar d\u00favidas.<\/p>\n","protected":false},"excerpt":{"rendered":"<p>A Defensoria P\u00fablica do Estado do Rio Grande do Norte (DPE\/RN), por meio do N\u00facleo de Santa Cruz, ir\u00e1 promover um grande mutir\u00e3o de concilia\u00e7\u00e3o para demandas envolvendo Direito da fam\u00edlia. A a\u00e7\u00e3o ir\u00e1 acontecer nos dias 03 e 04 de maio de 2023, das 8h \u00e0s 14h, na sede da institui\u00e7\u00e3o na cidade, localizada<br \/><a class=\"more-link\" href=\"https:\/\/justicapotiguar.com.br\/index.php\/2023\/04\/26\/santa-cruz-defensoria-publica-do-rn-promove-mutirao-de-conciliacao-em-demandas-de-familia-nos-dias-03-e-04-de-maio\/\">Mais&#8230;<\/a><\/p>\n","protected":false},"author":5,"featured_media":0,"comment_status":"open","ping_status":"open","sticky":false,"template":"","format":"standard","meta":[],"categories":[1],"tags":[],"_links":{"self":[{"href":"https:\/\/justicapotiguar.com.br\/index.php\/wp-json\/wp\/v2\/posts\/31500"}],"collection":[{"href":"https:\/\/justicapotiguar.com.br\/index.php\/wp-json\/wp\/v2\/posts"}],"about":[{"href":"https:\/\/justicapotiguar.com.br\/index.php\/wp-json\/wp\/v2\/types\/post"}],"author":[{"embeddable":true,"href":"https:\/\/justicapotiguar.com.br\/index.php\/wp-json\/wp\/v2\/users\/5"}],"replies":[{"embeddable":true,"href":"https:\/\/justicapotiguar.com.br\/index.php\/wp-json\/wp\/v2\/comments?post=31500"}],"version-history":[{"count":1,"href":"https:\/\/justicapotiguar.com.br\/index.php\/wp-json\/wp\/v2\/posts\/31500\/revisions"}],"predecessor-version":[{"id":31501,"href":"https:\/\/justicapotiguar.com.br\/index.php\/wp-json\/wp\/v2\/posts\/31500\/revisions\/31501"}],"wp:attachment":[{"href":"https:\/\/justicapotiguar.com.br\/index.php\/wp-json\/wp\/v2\/media?parent=31500"}],"wp:term":[{"taxonomy":"category","embeddable":true,"href":"https:\/\/justicapotiguar.com.br\/index.php\/wp-json\/wp\/v2\/categories?post=31500"},{"taxonomy":"post_tag","embeddable":true,"href":"https:\/\/justicapotiguar.com.br\/index.php\/wp-json\/wp\/v2\/tags?post=31500"}],"curies":[{"name":"wp","href":"https:\/\/api.w.org\/{rel}","templated":true}]}}