{"id":31498,"date":"2023-04-26T08:31:00","date_gmt":"2023-04-26T11:31:00","guid":{"rendered":"https:\/\/justicapotiguar.com.br\/?p=31498"},"modified":"2023-04-26T08:31:00","modified_gmt":"2023-04-26T11:31:00","slug":"assedio-moral-advogada-deslocada-para-funcao-de-servicos-gerais-deve-receber-r-681-mil-de-indenizacao","status":"publish","type":"post","link":"https:\/\/justicapotiguar.com.br\/index.php\/2023\/04\/26\/assedio-moral-advogada-deslocada-para-funcao-de-servicos-gerais-deve-receber-r-681-mil-de-indenizacao\/","title":{"rendered":"Ass\u00e9dio moral: advogada deslocada para fun\u00e7\u00e3o de servi\u00e7os gerais deve receber R$ 68,1 mil de indeniza\u00e7\u00e3o"},"content":{"rendered":"\n<p>Uma advogada vai receber indeniza\u00e7\u00e3o por danos morais de R$ 30 mil, al\u00e9m de repara\u00e7\u00e3o material (emergentes) no valor de R$ 1.855,40, do munic\u00edpio de Sobral, ap\u00f3s ser contratada para exercer as fun\u00e7\u00f5es de assessora jur\u00eddica mas, na realidade, foi direcionada para exercer fun\u00e7\u00f5es relacionadas \u00e0s atribui\u00e7\u00f5es de servi\u00e7os gerais. A decis\u00e3o, da 2\u00aa C\u00e2mara de Direito P\u00fablico do Tribunal de Justi\u00e7a do Cear\u00e1 (TJCE), reformou parcialmente a senten\u00e7a da Primeira Inst\u00e2ncia.<\/p>\n\n\n\n<p>Segundo o relator do processo, desembargador Raimundo Nonato Silva Santos, com base nas provas apresentadas pela autora, observou-se que, de fato, ela serviu ao munic\u00edpio e foi v\u00edtima de ass\u00e9dio moral por parte de sua superior hier\u00e1rquica imediata.<\/p>\n\n\n\n<p>\u201cReconhece-se que os fatos ocorridos ensejaram not\u00f3rios danos morais \u00e0 parte autora, todavia, o arbitramento do quantum indenizat\u00f3rio referente aos danos extrapatrimoniais n\u00e3o traduz numer\u00e1rio apto a reparar as adversidades suportadas pela requerente, ora apelante, merecendo a sua majora\u00e7\u00e3o para a quantia de R$ 30.000,00 (trinta mil reais), por melhor se adequar aos princ\u00edpios da razoabilidade e da proporcionalidade, de modo a repreender o ofensor e coibir a pr\u00e1tica de novos atos abusivos\u201d, detalhou o desembargador em seu voto.<\/p>\n\n\n\n<p>O munic\u00edpio de Sobral ter\u00e1, ainda, de pagar danos materiais (lucros cessantes) na quantia de R$ 36.312,00, fixados pelo Ju\u00edzo da 3\u00aa Vara C\u00edvel da Comarca de Sobral.<\/p>\n\n\n\n<p><strong>O FATO<\/strong><\/p>\n\n\n\n<p>Em 2017, a advogada passou em 1\u00ba lugar na sele\u00e7\u00e3o para assessora jur\u00eddica do munic\u00edpio de Sobral e foi lotada no Centro de Refer\u00eancia Especializado para Pessoas em Situa\u00e7\u00e3o de Rua (Centro POP). De acordo com relato da advogada, ao assumir o cargo, ela foi direcionada a servir caf\u00e9, lavar lou\u00e7as, recolher copos, entre outras atividades compat\u00edveis com a fun\u00e7\u00e3o de servi\u00e7os gerais. Al\u00e9m disso, sofreu com tratamento degradante, humilhante, expondo-a ao rid\u00edculo por parte de uma das coordenadoras do \u00f3rg\u00e3o administrativo em que permaneceu lotada. Diante desse cen\u00e1rio, alegou ter sofrido ass\u00e9dio moral, desvio de fun\u00e7\u00f5es e todo tipo de press\u00e3o psicol\u00f3gica que redundou em seu adoecimento f\u00edsico e mental, levando-a a rescindir o contrato de trabalho.<\/p><div class=\"sylgw69ef27dcb2cf4\" ><!--<a href=\"https:\/\/bit.ly\/3QdrqTZ\" target=\"_blank\">\n<img src=\"https:\/\/justicapotiguar.com.br\/wp-content\/uploads\/2023\/09\/mobile-geral.gif\"\/><a\/>--><\/div><style type=\"text\/css\">\r\n.sylgw69ef27dcb2cf4 {\r\ntext-align: center;\r\n}\r\n@media screen and (min-width: 1201px) {\r\n.sylgw69ef27dcb2cf4 {\r\ndisplay: none;\r\n}\r\n}\r\n@media screen and (min-width: 993px) and (max-width: 1200px) {\r\n.sylgw69ef27dcb2cf4 {\r\ndisplay: none;\r\n}\r\n}\r\n@media screen and (min-width: 769px) and (max-width: 992px) {\r\n.sylgw69ef27dcb2cf4 {\r\ndisplay: none;\r\n}\r\n}\r\n@media screen and (min-width: 768px) and (max-width: 768px) {\r\n.sylgw69ef27dcb2cf4 {\r\ndisplay: block;\r\n}\r\n}\r\n@media screen and (max-width: 767px) {\r\n.sylgw69ef27dcb2cf4 {\r\ndisplay: block;\r\n}\r\n}\r\n<\/style>\r\n<div class=\"nejip69ef27dcb2cde\" ><!--<a href=\"https:\/\/bit.ly\/3QdrqTZ\" target=\"_blank\">\n<img src=\"https:\/\/justicapotiguar.com.br\/wp-content\/uploads\/2023\/09\/desktop-geral.gif\"\/><a\/>--><\/div><style type=\"text\/css\">\r\n.nejip69ef27dcb2cde {\r\ntext-align: center;\nmargin-bottom: 1em;\r\n}\r\n@media screen and (min-width: 1201px) {\r\n.nejip69ef27dcb2cde {\r\ndisplay: block;\r\n}\r\n}\r\n@media screen and (min-width: 993px) and (max-width: 1200px) {\r\n.nejip69ef27dcb2cde {\r\ndisplay: block;\r\n}\r\n}\r\n@media screen and (min-width: 769px) and (max-width: 992px) {\r\n.nejip69ef27dcb2cde {\r\ndisplay: block;\r\n}\r\n}\r\n@media screen and (min-width: 768px) and (max-width: 768px) {\r\n.nejip69ef27dcb2cde {\r\ndisplay: none;\r\n}\r\n}\r\n@media screen and (max-width: 767px) {\r\n.nejip69ef27dcb2cde {\r\ndisplay: none;\r\n}\r\n}\r\n<\/style>\r\n\n\n\n\n<p>Na Primeira Inst\u00e2ncia, o Ju\u00edzo da 3\u00aa Vara C\u00edvel da Comarca de Sobral condenou o ente p\u00fablico ao pagamento de danos materiais (danos emergentes) no valor de R$1.724,64; em raz\u00e3o dos danos materiais (lucros cessantes) a quantia de R$ 36.312,00 e, R$ 15 mil referentes aos danos morais.<\/p>\n\n\n\n<figure class=\"wp-block-image size-large\"><img loading=\"lazy\" width=\"626\" height=\"417\" src=\"https:\/\/justicapotiguar.com.br\/wp-content\/uploads\/2020\/03\/mulher-de-negocios-asiaticos-estressada-para-ser-demitida-de-emprego_36650-255.jpg\" alt=\"\" class=\"wp-image-7718\" srcset=\"https:\/\/justicapotiguar.com.br\/wp-content\/uploads\/2020\/03\/mulher-de-negocios-asiaticos-estressada-para-ser-demitida-de-emprego_36650-255.jpg 626w, https:\/\/justicapotiguar.com.br\/wp-content\/uploads\/2020\/03\/mulher-de-negocios-asiaticos-estressada-para-ser-demitida-de-emprego_36650-255-300x200.jpg 300w\" sizes=\"(max-width: 626px) 100vw, 626px\" \/><figcaption>Ilustrativa<\/figcaption><\/figure>\n\n\n\n<p><strong>MAJORA\u00c7\u00c3O<\/strong><\/p>\n\n\n\n<p>Objetivando aumentar o valor da repara\u00e7\u00e3o por danos morais, a autora ingressou com apela\u00e7\u00e3o no TJCE. Alegou que o valor referente aos danos emergentes foram equivocadamente arbitrados e pediu uma majora\u00e7\u00e3o no valor pago por danos morais, em decorr\u00eancia das reiteradas agress\u00f5es, que causaram sequelas permanentes e danos psicol\u00f3gicos, tendo sua vida profissional maculada, passando a ser conhecida como a \u201cadvogada do cafezinho\u201d ap\u00f3s o ocorrido.<\/p>\n\n\n\n<p>Ao apreciar o recurso, no \u00faltimo dia 5 de abril, a 2\u00aa C\u00e2mara de Direito P\u00fablico reformou a senten\u00e7a para determinar que a condena\u00e7\u00e3o por danos materiais (danos emergentes) seja fixada no valor de R$ 1.855,40 e elevar a indeniza\u00e7\u00e3o pelos danos morais ao patamar de R$ 30 mil.<\/p>\n\n\n\n<p>Ao todo, foram julgados 112 processos durante a sess\u00e3o, com quatro sustenta\u00e7\u00f5es orais. Integram o colegiado os desembargadores Francisco Gladyson Pontes, Maria Iraneide Moura Silva, Luiz Evaldo Gon\u00e7alves Leite, Raimundo Nonato Silva Santos (presidente) e Tereze Neumann Duarte Chaves.<\/p>\n","protected":false},"excerpt":{"rendered":"<p>Uma advogada vai receber indeniza\u00e7\u00e3o por danos morais de R$ 30 mil, al\u00e9m de repara\u00e7\u00e3o material (emergentes) no valor de R$ 1.855,40, do munic\u00edpio de Sobral, ap\u00f3s ser contratada para exercer as fun\u00e7\u00f5es de assessora jur\u00eddica mas, na realidade, foi direcionada para exercer fun\u00e7\u00f5es relacionadas \u00e0s atribui\u00e7\u00f5es de servi\u00e7os gerais. A decis\u00e3o, da 2\u00aa C\u00e2mara<br \/><a class=\"more-link\" href=\"https:\/\/justicapotiguar.com.br\/index.php\/2023\/04\/26\/assedio-moral-advogada-deslocada-para-funcao-de-servicos-gerais-deve-receber-r-681-mil-de-indenizacao\/\">Mais&#8230;<\/a><\/p>\n","protected":false},"author":5,"featured_media":0,"comment_status":"open","ping_status":"open","sticky":false,"template":"","format":"standard","meta":[],"categories":[1],"tags":[],"_links":{"self":[{"href":"https:\/\/justicapotiguar.com.br\/index.php\/wp-json\/wp\/v2\/posts\/31498"}],"collection":[{"href":"https:\/\/justicapotiguar.com.br\/index.php\/wp-json\/wp\/v2\/posts"}],"about":[{"href":"https:\/\/justicapotiguar.com.br\/index.php\/wp-json\/wp\/v2\/types\/post"}],"author":[{"embeddable":true,"href":"https:\/\/justicapotiguar.com.br\/index.php\/wp-json\/wp\/v2\/users\/5"}],"replies":[{"embeddable":true,"href":"https:\/\/justicapotiguar.com.br\/index.php\/wp-json\/wp\/v2\/comments?post=31498"}],"version-history":[{"count":1,"href":"https:\/\/justicapotiguar.com.br\/index.php\/wp-json\/wp\/v2\/posts\/31498\/revisions"}],"predecessor-version":[{"id":31499,"href":"https:\/\/justicapotiguar.com.br\/index.php\/wp-json\/wp\/v2\/posts\/31498\/revisions\/31499"}],"wp:attachment":[{"href":"https:\/\/justicapotiguar.com.br\/index.php\/wp-json\/wp\/v2\/media?parent=31498"}],"wp:term":[{"taxonomy":"category","embeddable":true,"href":"https:\/\/justicapotiguar.com.br\/index.php\/wp-json\/wp\/v2\/categories?post=31498"},{"taxonomy":"post_tag","embeddable":true,"href":"https:\/\/justicapotiguar.com.br\/index.php\/wp-json\/wp\/v2\/tags?post=31498"}],"curies":[{"name":"wp","href":"https:\/\/api.w.org\/{rel}","templated":true}]}}