{"id":31495,"date":"2023-04-26T09:29:00","date_gmt":"2023-04-26T12:29:00","guid":{"rendered":"https:\/\/justicapotiguar.com.br\/?p=31495"},"modified":"2023-04-26T00:11:06","modified_gmt":"2023-04-26T03:11:06","slug":"parnamirim-mprn-quer-que-municipio-garanta-6-horario-em-escolas-da-rede-estadual","status":"publish","type":"post","link":"https:\/\/justicapotiguar.com.br\/index.php\/2023\/04\/26\/parnamirim-mprn-quer-que-municipio-garanta-6-horario-em-escolas-da-rede-estadual\/","title":{"rendered":"Parnamirim: MPRN quer que Munic\u00edpio garanta 6\u00b0 hor\u00e1rio em escolas da rede estadual"},"content":{"rendered":"\n<figure class=\"wp-block-image\"><img src=\"https:\/\/www.mprn.mp.br\/wp-content\/uploads\/2023\/04\/empty-modern-classroom-2021-08-26-15-32-55-utc.jpg\" alt=\"\" class=\"wp-image-14577\"\/><\/figure>\n\n\n\n<p>O Minist\u00e9rio P\u00fablico do Rio Grande do Norte (MPRN) recomendou que a Prefeitura de Parnamirim disponibilize transporte escolar para unidades escolares que ofertam o 6\u00b0 hor\u00e1rio para os alunos da rede p\u00fablica estadual. Essa medida, em espec\u00edfico, \u00e9 direcionada ao prefeito e ao secret\u00e1rio de Educa\u00e7\u00e3o do Munic\u00edpio.<br><br>Para publicar a recomenda\u00e7\u00e3o, o Minist\u00e9rio P\u00fablico levou em considera\u00e7\u00e3o a informa\u00e7\u00e3o de que as escolas estaduais situadas em Parnamirim n\u00e3o desenvolvem o 6\u00ba hor\u00e1rio em raz\u00e3o do transporte escolar n\u00e3o ter sido organizado para apanhar os alunos ap\u00f3s esse hor\u00e1rio.<br><br>Assim, o objetivo do MPRN \u00e9 garantir aos estudantes a frequ\u00eancia das aulas ministradas no hor\u00e1rio mencionado e o efetivo\/regular cumprimento da carga hor\u00e1ria exigido para esses alunos.<br><br>A recomenda\u00e7\u00e3o tamb\u00e9m foi direcionada \u00e0 governadora e ao secret\u00e1rio de Educa\u00e7\u00e3o e Cultura do Rio Grande do Norte. Para ambos, o MPRN orienta que, no prazo m\u00e1ximo de 60 dias, adotem medidas para fiscalizar, monitorar e acompanhar a execu\u00e7\u00e3o dos servi\u00e7os de transporte escolar prestados pelo Munic\u00edpio de Parnamirim.<br><br>Caso a recomenda\u00e7\u00e3o n\u00e3o seja acatada, o Minist\u00e9rio P\u00fablico adotar\u00e1 medidas legais necess\u00e1rias para assegurar sua implementa\u00e7\u00e3o.<br><br>Clique&nbsp;<a href=\"https:\/\/drive.google.com\/file\/d\/19JQdR-fc8hhbZqzvNEXcabs1N2uTivLG\/view?usp=share_link\">aqui&nbsp;<\/a>e leia a recomenda\u00e7\u00e3o na \u00edntegra<\/p>\n","protected":false},"excerpt":{"rendered":"<p>O Minist\u00e9rio P\u00fablico do Rio Grande do Norte (MPRN) recomendou que a Prefeitura de Parnamirim disponibilize transporte escolar para unidades escolares que ofertam o 6\u00b0 hor\u00e1rio para os alunos da rede p\u00fablica estadual. Essa medida, em espec\u00edfico, \u00e9 direcionada ao prefeito e ao secret\u00e1rio de Educa\u00e7\u00e3o do Munic\u00edpio. Para publicar a recomenda\u00e7\u00e3o, o Minist\u00e9rio P\u00fablico<br \/><a class=\"more-link\" href=\"https:\/\/justicapotiguar.com.br\/index.php\/2023\/04\/26\/parnamirim-mprn-quer-que-municipio-garanta-6-horario-em-escolas-da-rede-estadual\/\">Mais&#8230;<\/a><\/p>\n","protected":false},"author":5,"featured_media":0,"comment_status":"open","ping_status":"open","sticky":false,"template":"","format":"standard","meta":[],"categories":[1],"tags":[],"_links":{"self":[{"href":"https:\/\/justicapotiguar.com.br\/index.php\/wp-json\/wp\/v2\/posts\/31495"}],"collection":[{"href":"https:\/\/justicapotiguar.com.br\/index.php\/wp-json\/wp\/v2\/posts"}],"about":[{"href":"https:\/\/justicapotiguar.com.br\/index.php\/wp-json\/wp\/v2\/types\/post"}],"author":[{"embeddable":true,"href":"https:\/\/justicapotiguar.com.br\/index.php\/wp-json\/wp\/v2\/users\/5"}],"replies":[{"embeddable":true,"href":"https:\/\/justicapotiguar.com.br\/index.php\/wp-json\/wp\/v2\/comments?post=31495"}],"version-history":[{"count":1,"href":"https:\/\/justicapotiguar.com.br\/index.php\/wp-json\/wp\/v2\/posts\/31495\/revisions"}],"predecessor-version":[{"id":31496,"href":"https:\/\/justicapotiguar.com.br\/index.php\/wp-json\/wp\/v2\/posts\/31495\/revisions\/31496"}],"wp:attachment":[{"href":"https:\/\/justicapotiguar.com.br\/index.php\/wp-json\/wp\/v2\/media?parent=31495"}],"wp:term":[{"taxonomy":"category","embeddable":true,"href":"https:\/\/justicapotiguar.com.br\/index.php\/wp-json\/wp\/v2\/categories?post=31495"},{"taxonomy":"post_tag","embeddable":true,"href":"https:\/\/justicapotiguar.com.br\/index.php\/wp-json\/wp\/v2\/tags?post=31495"}],"curies":[{"name":"wp","href":"https:\/\/api.w.org\/{rel}","templated":true}]}}