{"id":31493,"date":"2023-04-26T10:05:00","date_gmt":"2023-04-26T13:05:00","guid":{"rendered":"https:\/\/justicapotiguar.com.br\/?p=31493"},"modified":"2023-04-26T08:29:31","modified_gmt":"2023-04-26T11:29:31","slug":"decisao-determina-que-plano-realize-procedimentos-decorrentes-de-cirurgia-bariatrica-no-rn","status":"publish","type":"post","link":"https:\/\/justicapotiguar.com.br\/index.php\/2023\/04\/26\/decisao-determina-que-plano-realize-procedimentos-decorrentes-de-cirurgia-bariatrica-no-rn\/","title":{"rendered":"Decis\u00e3o determina que plano realize procedimentos decorrentes de cirurgia bari\u00e1trica no RN"},"content":{"rendered":"\n<p>A 4\u00aa Vara C\u00edvel da Comarca de Mossor\u00f3 determinou a um plano de sa\u00fade, por meio de decis\u00e3o interlocut\u00f3ria de antecipa\u00e7\u00e3o de tutela, o custeio de procedimentos cir\u00fargicos para uma paciente que teve sequelas ap\u00f3s realizar uma cirurgia bari\u00e1trica.<\/p>\n\n\n\n<p>Conforme consta no processo, a paciente demandante pesava 122 quilos e passou a pesar 75 quilos ap\u00f3s o procedimento cir\u00fargico. Todavia, passou a apresentar \u201cintensa flacidez, sinais de envelhecimento precoce, dificuldade de higiene, assaduras nas dobras das peles, bem como, ansiedade, altera\u00e7\u00f5es relacionadas ao humor, altera\u00e7\u00f5es relacionadas ao sono, dificuldades de controle emocional, baixa autoestima\u201d, de modo que esses \u00faltimos seriam sintomas de \u201ctranstorno dism\u00f3rfico corporal\u201d.<\/p>\n\n\n\n<p>Em raz\u00e3o disso, o m\u00e9dico que assiste a demandante prescreveu a realiza\u00e7\u00e3o de procedimentos cir\u00fargicos reparadores como \u201cdermolipectomia abdominal para corre\u00e7\u00e3o de abdome em avental e corre\u00e7\u00e3o de lipodistrofia e pl\u00e1stica para reconstru\u00e7\u00e3o da mama com pr\u00f3teses\u201d. Entretanto, o plano demandado n\u00e3o autorizou a realiza\u00e7\u00e3o das indica\u00e7\u00f5es m\u00e9dicas.<\/p>\n\n\n\n<figure class=\"wp-block-image size-large\"><img loading=\"lazy\" width=\"1024\" height=\"683\" src=\"https:\/\/justicapotiguar.com.br\/wp-content\/uploads\/2019\/10\/cirurgia-002-1024x683.jpg\" alt=\"\" class=\"wp-image-3305\" srcset=\"https:\/\/justicapotiguar.com.br\/wp-content\/uploads\/2019\/10\/cirurgia-002-1024x683.jpg 1024w, https:\/\/justicapotiguar.com.br\/wp-content\/uploads\/2019\/10\/cirurgia-002-300x200.jpg 300w, https:\/\/justicapotiguar.com.br\/wp-content\/uploads\/2019\/10\/cirurgia-002-768x512.jpg 768w, https:\/\/justicapotiguar.com.br\/wp-content\/uploads\/2019\/10\/cirurgia-002.jpg 1125w\" sizes=\"(max-width: 1024px) 100vw, 1024px\" \/><figcaption>Ilustrativa <\/figcaption><\/figure>\n\n\n\n<p>Ao analisar o processo, o magistrado Manoel Padre destacou inicialmente o artigo 300 do C\u00f3digo de Processo Civil estabelecendo que a \u201ctutela de urg\u00eancia ser\u00e1 concedida quando houver elementos que evidenciem a probabilidade do direito e o perigo de dano ou o risco ao resultado \u00fatil do processo\u201d.<\/p><div class=\"ctoyq69ef12169aef9\" ><!--<a href=\"https:\/\/bit.ly\/3QdrqTZ\" target=\"_blank\">\n<img src=\"https:\/\/justicapotiguar.com.br\/wp-content\/uploads\/2023\/09\/mobile-geral.gif\"\/><a\/>--><\/div><style type=\"text\/css\">\r\n.ctoyq69ef12169aef9 {\r\ntext-align: center;\r\n}\r\n@media screen and (min-width: 1201px) {\r\n.ctoyq69ef12169aef9 {\r\ndisplay: none;\r\n}\r\n}\r\n@media screen and (min-width: 993px) and (max-width: 1200px) {\r\n.ctoyq69ef12169aef9 {\r\ndisplay: none;\r\n}\r\n}\r\n@media screen and (min-width: 769px) and (max-width: 992px) {\r\n.ctoyq69ef12169aef9 {\r\ndisplay: none;\r\n}\r\n}\r\n@media screen and (min-width: 768px) and (max-width: 768px) {\r\n.ctoyq69ef12169aef9 {\r\ndisplay: block;\r\n}\r\n}\r\n@media screen and (max-width: 767px) {\r\n.ctoyq69ef12169aef9 {\r\ndisplay: block;\r\n}\r\n}\r\n<\/style>\r\n<div class=\"hqwau69ef12169aee0\" ><!--<a href=\"https:\/\/bit.ly\/3QdrqTZ\" target=\"_blank\">\n<img src=\"https:\/\/justicapotiguar.com.br\/wp-content\/uploads\/2023\/09\/desktop-geral.gif\"\/><a\/>--><\/div><style type=\"text\/css\">\r\n.hqwau69ef12169aee0 {\r\ntext-align: center;\nmargin-bottom: 1em;\r\n}\r\n@media screen and (min-width: 1201px) {\r\n.hqwau69ef12169aee0 {\r\ndisplay: block;\r\n}\r\n}\r\n@media screen and (min-width: 993px) and (max-width: 1200px) {\r\n.hqwau69ef12169aee0 {\r\ndisplay: block;\r\n}\r\n}\r\n@media screen and (min-width: 769px) and (max-width: 992px) {\r\n.hqwau69ef12169aee0 {\r\ndisplay: block;\r\n}\r\n}\r\n@media screen and (min-width: 768px) and (max-width: 768px) {\r\n.hqwau69ef12169aee0 {\r\ndisplay: none;\r\n}\r\n}\r\n@media screen and (max-width: 767px) {\r\n.hqwau69ef12169aee0 {\r\ndisplay: none;\r\n}\r\n}\r\n<\/style>\r\n\n\n\n\n<p>Em seguida, o juiz apontou que a documenta\u00e7\u00e3o trazida aos autos \u201ccomprova tanto a exist\u00eancia de rela\u00e7\u00e3o contratual firmada entre as partes, quanto a prescri\u00e7\u00e3o atrav\u00e9s da qual o m\u00e9dico que assiste a autora atestou a necessidade da realiza\u00e7\u00e3o das cirurgias indicadas\u201d. E acrescentou que vem sendo firmado o entendimento nos tribunais de que as cirurgias, quando necess\u00e1rias ap\u00f3s a realiza\u00e7\u00e3o de cirurgia bari\u00e1trica, \u201cdevem ser entendidas como continuidade do tratamento da obesidade e devem ser custeadas pelo plano de sa\u00fade\u201d.<\/p>\n\n\n\n<p>Nesse sentido o magistrado acrescentou que h\u00e1 situa\u00e7\u00f5es em que a cirurgia pl\u00e1stica \u201cn\u00e3o se limita a aperfei\u00e7oar a beleza, mas se destina, primordialmente, a reparar ou a reconstruir parte do organismo humano, ou, ainda, prevenir males de sa\u00fade\u201d, n\u00e3o bastando \u00e0 operadora se limitar ao custeio da cirurgia bari\u00e1trica.<\/p>\n\n\n\n<p>E, dessa forma, foi concedida a decis\u00e3o provis\u00f3ria de antecipa\u00e7\u00e3o de tutela a ser cumprida pelo plano de sa\u00fade demandado no prazo de 48 horas, sob pena de bloqueio de suas contas banc\u00e1rias, em rela\u00e7\u00e3o \u00e0s despesas realizadas pela paciente com sua sa\u00fade.<\/p>\n","protected":false},"excerpt":{"rendered":"<p>A 4\u00aa Vara C\u00edvel da Comarca de Mossor\u00f3 determinou a um plano de sa\u00fade, por meio de decis\u00e3o interlocut\u00f3ria de antecipa\u00e7\u00e3o de tutela, o custeio de procedimentos cir\u00fargicos para uma paciente que teve sequelas ap\u00f3s realizar uma cirurgia bari\u00e1trica. Conforme consta no processo, a paciente demandante pesava 122 quilos e passou a pesar 75 quilos<br \/><a class=\"more-link\" href=\"https:\/\/justicapotiguar.com.br\/index.php\/2023\/04\/26\/decisao-determina-que-plano-realize-procedimentos-decorrentes-de-cirurgia-bariatrica-no-rn\/\">Mais&#8230;<\/a><\/p>\n","protected":false},"author":5,"featured_media":0,"comment_status":"open","ping_status":"open","sticky":false,"template":"","format":"standard","meta":[],"categories":[1],"tags":[],"_links":{"self":[{"href":"https:\/\/justicapotiguar.com.br\/index.php\/wp-json\/wp\/v2\/posts\/31493"}],"collection":[{"href":"https:\/\/justicapotiguar.com.br\/index.php\/wp-json\/wp\/v2\/posts"}],"about":[{"href":"https:\/\/justicapotiguar.com.br\/index.php\/wp-json\/wp\/v2\/types\/post"}],"author":[{"embeddable":true,"href":"https:\/\/justicapotiguar.com.br\/index.php\/wp-json\/wp\/v2\/users\/5"}],"replies":[{"embeddable":true,"href":"https:\/\/justicapotiguar.com.br\/index.php\/wp-json\/wp\/v2\/comments?post=31493"}],"version-history":[{"count":1,"href":"https:\/\/justicapotiguar.com.br\/index.php\/wp-json\/wp\/v2\/posts\/31493\/revisions"}],"predecessor-version":[{"id":31494,"href":"https:\/\/justicapotiguar.com.br\/index.php\/wp-json\/wp\/v2\/posts\/31493\/revisions\/31494"}],"wp:attachment":[{"href":"https:\/\/justicapotiguar.com.br\/index.php\/wp-json\/wp\/v2\/media?parent=31493"}],"wp:term":[{"taxonomy":"category","embeddable":true,"href":"https:\/\/justicapotiguar.com.br\/index.php\/wp-json\/wp\/v2\/categories?post=31493"},{"taxonomy":"post_tag","embeddable":true,"href":"https:\/\/justicapotiguar.com.br\/index.php\/wp-json\/wp\/v2\/tags?post=31493"}],"curies":[{"name":"wp","href":"https:\/\/api.w.org\/{rel}","templated":true}]}}