{"id":31491,"date":"2023-04-25T18:12:32","date_gmt":"2023-04-25T21:12:32","guid":{"rendered":"https:\/\/justicapotiguar.com.br\/?p=31491"},"modified":"2023-04-25T18:12:32","modified_gmt":"2023-04-25T21:12:32","slug":"oab-nao-e-obrigada-a-prestar-contas-para-o-tcu-decide-supremo","status":"publish","type":"post","link":"https:\/\/justicapotiguar.com.br\/index.php\/2023\/04\/25\/oab-nao-e-obrigada-a-prestar-contas-para-o-tcu-decide-supremo\/","title":{"rendered":"OAB n\u00e3o \u00e9 obrigada a prestar contas para o TCU, decide Supremo"},"content":{"rendered":"\n<p>&#8220;O Conselho Federal e os Conselhos Seccionais da Ordem dos Advogados do Brasil n\u00e3o est\u00e3o obrigados a prestar contas ao Tribunal de Contas da Uni\u00e3o nem a qualquer outra entidade externa.&#8221;<ins><\/ins><\/p>\n\n\n\n<div class=\"wp-block-image\"><figure class=\"aligncenter size-large\"><img loading=\"lazy\" width=\"300\" height=\"200\" src=\"https:\/\/justicapotiguar.com.br\/wp-content\/uploads\/2019\/07\/Conselho-OAB-300x200.jpg\" alt=\"\" class=\"wp-image-33\"\/><figcaption>Reprodu\u00e7\u00e3o<\/figcaption><\/figure><\/div>\n\n\n\n<p>Essa foi a tese fixada, por maioria, pelo Supremo Tribunal Federal em julgamento virtual finalizado nesta segunda-feira (24\/4), sob o Tema 1.054 da repercuss\u00e3o geral. Os ministros acompanharam a\u00a0<a rel=\"noreferrer noopener\" href=\"https:\/\/www.conjur.com.br\/2020-out-09\/fachin-vota-submissao-oab-fiscalizacao-tcu\" target=\"_blank\">diverg\u00eancia aberta por Luiz Edson Fachin<\/a>; ficou\u00a0<a rel=\"noreferrer noopener\" href=\"https:\/\/www.conjur.com.br\/2020-set-30\/marco-aurelio-defende-oab-submeta-fiscalizacao-tcu\" target=\"_blank\">vencido apenas o relator<\/a>, o ministro aposentado Marco Aur\u00e9lio.<\/p>\n\n\n\n<p>Em recurso extraordin\u00e1rio, o Minist\u00e9rio P\u00fablico Federal questionava decis\u00e3o da 7\u00aa Turma do Tribunal Regional Federal da 1\u00aa Regi\u00e3o, que reiterou que a OAB n\u00e3o tem&nbsp;obriga\u00e7\u00e3o de prestar contas ao TCU. O MPF argumentava viola\u00e7\u00e3o do artigo 70 da Constitui\u00e7\u00e3o Federal, apontando para a natureza jur\u00eddica da OAB, que a obrigaria a prestar contas.<\/p>\n\n\n\n<p>Em seu voto, Fachin lembrou que a OAB, apesar de criada por um ato oficial, foi engendrada por um movimento organizado de juristas; e que a controv\u00e9rsia sobre a necessidade de presta\u00e7\u00e3o de contas ao poder p\u00fablico remete a 1951.<ins><\/ins><\/p>\n\n\n\n<p>A Ordem&nbsp;exerce servi\u00e7o p\u00fablico, &#8220;que n\u00e3o se confunde com servi\u00e7o estatal, cujo controle pode ser realizado por vias outras que n\u00e3o o TCU&#8221;. Segundo o ministro, para cumprir suas finalidades institucionais, a entidade n\u00e3o pode estar submetida ao Estado, pois a atividade da advocacia envolve sempre a possibilidade de conflito com o poder p\u00fablico.<\/p>\n\n\n\n<p>Fachin destacou que a OAB demanda &#8220;o mais alto grau de liberdade&#8221; para cumprir sua fun\u00e7\u00e3o expressa no artigo 133 da Constitui\u00e7\u00e3o. O pr\u00f3prio Supremo j\u00e1 decidiu, na ADI 3.026, que a entidade&nbsp;\u00e9 institui\u00e7\u00e3o com natureza jur\u00eddica pr\u00f3pria, dotada de autonomia e independ\u00eancia e, por isso, n\u00e3o se confunde com os demais conselhos de fiscaliza\u00e7\u00e3o profissional.<\/p>\n\n\n\n<p>Por fim, o ministro tamb\u00e9m recha\u00e7ou o argumento do MPF de submiss\u00e3o ao TCU com base no fato de as anuidades serem compuls\u00f3rias. Os bens e valores arrecadados pela OAB n\u00e3o s\u00e3o p\u00fablicos nem&nbsp;se confundem com qualquer esp\u00e9cie tribut\u00e1ria. &#8220;A OAB caracteriza-se como entidade \u00edmpar no ordenamento jur\u00eddico, figura&nbsp;<em>sui generis<\/em>, cujas finan\u00e7as n\u00e3o se submetem ao controle estatal, nem se enquadra no conceito jur\u00eddico de Fazenda P\u00fablica, submetido ao controle da Lei 4.320\/1964.&#8221;<\/p>\n\n\n\n<p><strong>Fundamenta\u00e7\u00e3o de peso<\/strong><br>O ministro Fachin&nbsp;fundamentou seu voto em diversos pareceres de juristas levados aos autos. De um deles, apresentado pelo advogado e professor&nbsp;<strong>Lenio Streck<\/strong>, o ministro citou doutrina de Paulo L\u00f4bo que disp\u00f5e que a fun\u00e7\u00e3o institucional exercida pela OAB &#8220;n\u00e3o autoriza confus\u00e3o do exerc\u00edcio de tal m\u00fanus p\u00fablico com fun\u00e7\u00e3o pr\u00f3pria de ente estatal&#8221;.<\/p><div class=\"mzfun69ef125e3d801\" ><!--<a href=\"https:\/\/bit.ly\/3QdrqTZ\" target=\"_blank\">\n<img src=\"https:\/\/justicapotiguar.com.br\/wp-content\/uploads\/2023\/09\/mobile-geral.gif\"\/><a\/>--><\/div><style type=\"text\/css\">\r\n.mzfun69ef125e3d801 {\r\ntext-align: center;\r\n}\r\n@media screen and (min-width: 1201px) {\r\n.mzfun69ef125e3d801 {\r\ndisplay: none;\r\n}\r\n}\r\n@media screen and (min-width: 993px) and (max-width: 1200px) {\r\n.mzfun69ef125e3d801 {\r\ndisplay: none;\r\n}\r\n}\r\n@media screen and (min-width: 769px) and (max-width: 992px) {\r\n.mzfun69ef125e3d801 {\r\ndisplay: none;\r\n}\r\n}\r\n@media screen and (min-width: 768px) and (max-width: 768px) {\r\n.mzfun69ef125e3d801 {\r\ndisplay: block;\r\n}\r\n}\r\n@media screen and (max-width: 767px) {\r\n.mzfun69ef125e3d801 {\r\ndisplay: block;\r\n}\r\n}\r\n<\/style>\r\n<div class=\"cwofd69ef125e3d7ed\" ><!--<a href=\"https:\/\/bit.ly\/3QdrqTZ\" target=\"_blank\">\n<img src=\"https:\/\/justicapotiguar.com.br\/wp-content\/uploads\/2023\/09\/desktop-geral.gif\"\/><a\/>--><\/div><style type=\"text\/css\">\r\n.cwofd69ef125e3d7ed {\r\ntext-align: center;\nmargin-bottom: 1em;\r\n}\r\n@media screen and (min-width: 1201px) {\r\n.cwofd69ef125e3d7ed {\r\ndisplay: block;\r\n}\r\n}\r\n@media screen and (min-width: 993px) and (max-width: 1200px) {\r\n.cwofd69ef125e3d7ed {\r\ndisplay: block;\r\n}\r\n}\r\n@media screen and (min-width: 769px) and (max-width: 992px) {\r\n.cwofd69ef125e3d7ed {\r\ndisplay: block;\r\n}\r\n}\r\n@media screen and (min-width: 768px) and (max-width: 768px) {\r\n.cwofd69ef125e3d7ed {\r\ndisplay: none;\r\n}\r\n}\r\n@media screen and (max-width: 767px) {\r\n.cwofd69ef125e3d7ed {\r\ndisplay: none;\r\n}\r\n}\r\n<\/style>\r\n\n\n\n\n<p>De&nbsp;<strong>Egon Bockmann Moreira<\/strong>&nbsp;ele citou o entendimento de que a OAB &#8220;pauta-se pela mais absoluta liberdade&#8221;. Por isso, n\u00e3o se aplicam a ela os artigo 70 e 71 da Constitui\u00e7\u00e3o, j\u00e1 que o exerc\u00edcio da liberdade n\u00e3o se submete \u00e0 aprova\u00e7\u00e3o &#8220;de quem quer que seja&#8221;.<\/p>\n\n\n\n<p><strong>Maria Pia Guerra<\/strong>&nbsp;e&nbsp;<strong>Ana Carolina Couto<\/strong>&nbsp;tamb\u00e9m foram citadas pelo ministro ao fazer o resgate hist\u00f3rico da quest\u00e3o. Em ensaio, as autoras narraram que o Plen\u00e1rio da OAB, em 1976, deliberou por unanimidade que n\u00e3o se submetia \u00e0 presta\u00e7\u00e3o de contas ao TCU. &#8220;Tamb\u00e9m a VI Confer\u00eancia Nacional da Ordem dos Advogados, realizada em outubro de 1976, incluiu entre suas diretrizes a desvincula\u00e7\u00e3o definitiva ao TCU e ao Minist\u00e9rio do Trabalho&#8221;, completam.<\/p>\n\n\n\n<p>Do parecer do ministro aposentado&nbsp;<strong>Eros Grau<\/strong>, Fachin destacou o entendimento de que &#8220;a contribui\u00e7\u00e3o devida \u00e0 Ordem pelos advogados consubstancia um \u00f4nus, confirmando essa minha conclus\u00e3o a leitura do artigo 46 e seu paragrafo \u00fanico e dos artigos 58, IX e 34, XXIII da Lei n. 8.906\/94&#8221;.<\/p>\n\n\n\n<p>&#8220;O que gera a obriga\u00e7\u00e3o de prestar contas por qualquer entidade, p\u00fablica ou privada, \u00e9 o fato de utilizar, arrecadar, guardar, gerenciar ou administrar dinheiros, bens ou valores p\u00fablicos ou pelos quais a Uni\u00e3o responda, ou que, em nome dela, assuma obriga\u00e7\u00e3o de natureza pecuni\u00e1ria&#8221;, completou o professor&nbsp;<strong>Jos\u00e9 Afonso da Silva<\/strong>.<\/p>\n\n\n\n<p><strong>Voto vencido<\/strong><br>Para o ministro aposentado Marco Aur\u00e9lio, que ficou vencido, embora a Ordem dos Advogados do Brasil n\u00e3o seja ente estatal, \u00e9 entidade p\u00fablica, de natureza aut\u00e1rquica e, portanto, deve se submeter \u00e0 fiscaliza\u00e7\u00e3o do Tribunal de Contas da Uni\u00e3o (TCU).<\/p>\n\n\n\n<p>Para o ministro, o car\u00e1ter especial e corporativista da OAB, al\u00e9m do fato de que a entidade arrecada contribui\u00e7\u00f5es de \u00edndole tribut\u00e1ria, justificam a submiss\u00e3o ao controle externo. Ele prop\u00f4s a fixa\u00e7\u00e3o da tese: &#8220;A Ordem dos Advogados do Brasil est\u00e1 submetida a fiscaliza\u00e7\u00e3o pelo Tribunal de Contas da Uni\u00e3o&#8221;.<\/p>\n\n\n\n<p><strong>Clique&nbsp;<a href=\"https:\/\/www.conjur.com.br\/dl\/voto-divergente-fachin-oab-nao-submete.pdf\" target=\"_blank\" rel=\"noreferrer noopener\">aqui<\/a>&nbsp;para ler o voto de Fachin<br>Clique&nbsp;<a href=\"https:\/\/www.conjur.com.br\/dl\/voto-marco-aurelio-oab-prestar-contas.pdf\" target=\"_blank\" rel=\"noreferrer noopener\">aqui<\/a>&nbsp;para ler o voto de Marco Aur\u00e9lio<br>RE&nbsp;1.182.189<\/strong><\/p>\n","protected":false},"excerpt":{"rendered":"<p>&#8220;O Conselho Federal e os Conselhos Seccionais da Ordem dos Advogados do Brasil n\u00e3o est\u00e3o obrigados a prestar contas ao Tribunal de Contas da Uni\u00e3o nem a qualquer outra entidade externa.&#8221; Essa foi a tese fixada, por maioria, pelo Supremo Tribunal Federal em julgamento virtual finalizado nesta segunda-feira (24\/4), sob o Tema 1.054 da repercuss\u00e3o<br \/><a class=\"more-link\" href=\"https:\/\/justicapotiguar.com.br\/index.php\/2023\/04\/25\/oab-nao-e-obrigada-a-prestar-contas-para-o-tcu-decide-supremo\/\">Mais&#8230;<\/a><\/p>\n","protected":false},"author":5,"featured_media":0,"comment_status":"open","ping_status":"open","sticky":false,"template":"","format":"standard","meta":[],"categories":[1],"tags":[],"_links":{"self":[{"href":"https:\/\/justicapotiguar.com.br\/index.php\/wp-json\/wp\/v2\/posts\/31491"}],"collection":[{"href":"https:\/\/justicapotiguar.com.br\/index.php\/wp-json\/wp\/v2\/posts"}],"about":[{"href":"https:\/\/justicapotiguar.com.br\/index.php\/wp-json\/wp\/v2\/types\/post"}],"author":[{"embeddable":true,"href":"https:\/\/justicapotiguar.com.br\/index.php\/wp-json\/wp\/v2\/users\/5"}],"replies":[{"embeddable":true,"href":"https:\/\/justicapotiguar.com.br\/index.php\/wp-json\/wp\/v2\/comments?post=31491"}],"version-history":[{"count":1,"href":"https:\/\/justicapotiguar.com.br\/index.php\/wp-json\/wp\/v2\/posts\/31491\/revisions"}],"predecessor-version":[{"id":31492,"href":"https:\/\/justicapotiguar.com.br\/index.php\/wp-json\/wp\/v2\/posts\/31491\/revisions\/31492"}],"wp:attachment":[{"href":"https:\/\/justicapotiguar.com.br\/index.php\/wp-json\/wp\/v2\/media?parent=31491"}],"wp:term":[{"taxonomy":"category","embeddable":true,"href":"https:\/\/justicapotiguar.com.br\/index.php\/wp-json\/wp\/v2\/categories?post=31491"},{"taxonomy":"post_tag","embeddable":true,"href":"https:\/\/justicapotiguar.com.br\/index.php\/wp-json\/wp\/v2\/tags?post=31491"}],"curies":[{"name":"wp","href":"https:\/\/api.w.org\/{rel}","templated":true}]}}