{"id":31487,"date":"2023-04-25T16:09:58","date_gmt":"2023-04-25T19:09:58","guid":{"rendered":"https:\/\/justicapotiguar.com.br\/?p=31487"},"modified":"2023-04-25T16:09:58","modified_gmt":"2023-04-25T19:09:58","slug":"mantida-condenacao-de-municipio-por-contratacao-de-pessoal-sem-concurso-publico-no-rn","status":"publish","type":"post","link":"https:\/\/justicapotiguar.com.br\/index.php\/2023\/04\/25\/mantida-condenacao-de-municipio-por-contratacao-de-pessoal-sem-concurso-publico-no-rn\/","title":{"rendered":"Mantida condena\u00e7\u00e3o de munic\u00edpio por contrata\u00e7\u00e3o de pessoal sem concurso p\u00fablico no RN"},"content":{"rendered":"\n<figure class=\"wp-block-image size-large\"><img loading=\"lazy\" width=\"1024\" height=\"678\" src=\"https:\/\/justicapotiguar.com.br\/wp-content\/uploads\/2020\/03\/iStock-638601140_justica-1024x678-1-1024x678.jpg\" alt=\"\" class=\"wp-image-7129\" srcset=\"https:\/\/justicapotiguar.com.br\/wp-content\/uploads\/2020\/03\/iStock-638601140_justica-1024x678-1.jpg 1024w, https:\/\/justicapotiguar.com.br\/wp-content\/uploads\/2020\/03\/iStock-638601140_justica-1024x678-1-300x199.jpg 300w, https:\/\/justicapotiguar.com.br\/wp-content\/uploads\/2020\/03\/iStock-638601140_justica-1024x678-1-768x509.jpg 768w\" sizes=\"(max-width: 1024px) 100vw, 1024px\" \/><figcaption>Reprodu\u00e7\u00e3o<\/figcaption><\/figure>\n\n\n\n<p>&nbsp;A 3\u00aa C\u00e2mara C\u00edvel do Tribunal de Justi\u00e7a do Estado do Rio Grande do Norte negou recurso e manteve senten\u00e7a que condenou o Munic\u00edpio de Touros, em uma A\u00e7\u00e3o Civil P\u00fabica ajuizada pelo Minist\u00e9rio P\u00fablico Estadual, em virtude da realiza\u00e7\u00e3o de contrata\u00e7\u00e3o de pessoal feita sem obedecer o car\u00e1ter excepcional e tempor\u00e1rio. Na a\u00e7\u00e3o, o MP tamb\u00e9m denunciou n\u00e3o ficou comprovado o v\u00ednculo laboral mediante pr\u00e9via aprova\u00e7\u00e3o em concurso p\u00fablico e que o limite de gastos foi ultrapassado.<\/p>\n\n\n\n<p>A decis\u00e3o do \u00f3rg\u00e3o julgador ocorreu \u00e0 unanimidade. Entre as condena\u00e7\u00f5es, mantidas pelo Tribunal de Justi\u00e7a, est\u00e1 a que determina que o ente p\u00fablico local se abstenha de celebrar novos contratos tempor\u00e1rios e a renovar os contratos que se vencerem, bem como realizar processos seletivos, quando n\u00e3o se tratar de necessidade comprovadamente tempor\u00e1ria.<\/p>\n\n\n\n<p>Ficou determinado ainda que, no prazo de 180 dias, o Munic\u00edpio de Touros adote as medidas de redu\u00e7\u00e3o de despesas com pessoal previstas no art. 169, \u00a7\u00a7 3\u00ba e 4\u00ba, da Constitui\u00e7\u00e3o Federal, especialmente a redu\u00e7\u00e3o em, pelo menos, 20% das despesas com cargos em comiss\u00e3o, contratos tempor\u00e1rios e fun\u00e7\u00f5es de confian\u00e7a.<\/p>\n\n\n\n<p><strong>Decis\u00e3o<\/strong><\/p>\n\n\n\n<p>Os desembargadores que comp\u00f5em a 3\u00aa C\u00e2mara C\u00edvel tamb\u00e9m mantiveram a determina\u00e7\u00e3o para que o Munic\u00edpio a realizar a contrata\u00e7\u00e3o de pessoal com observ\u00e2ncia da Constitui\u00e7\u00e3o Federal, em especial, a realiza\u00e7\u00e3o de concurso p\u00fablico, nos termos do art. 37 da CF.<\/p><div class=\"zzijc69ef13ef02ece\" ><!--<a href=\"https:\/\/bit.ly\/3QdrqTZ\" target=\"_blank\">\n<img src=\"https:\/\/justicapotiguar.com.br\/wp-content\/uploads\/2023\/09\/mobile-geral.gif\"\/><a\/>--><\/div><style type=\"text\/css\">\r\n.zzijc69ef13ef02ece {\r\ntext-align: center;\r\n}\r\n@media screen and (min-width: 1201px) {\r\n.zzijc69ef13ef02ece {\r\ndisplay: none;\r\n}\r\n}\r\n@media screen and (min-width: 993px) and (max-width: 1200px) {\r\n.zzijc69ef13ef02ece {\r\ndisplay: none;\r\n}\r\n}\r\n@media screen and (min-width: 769px) and (max-width: 992px) {\r\n.zzijc69ef13ef02ece {\r\ndisplay: none;\r\n}\r\n}\r\n@media screen and (min-width: 768px) and (max-width: 768px) {\r\n.zzijc69ef13ef02ece {\r\ndisplay: block;\r\n}\r\n}\r\n@media screen and (max-width: 767px) {\r\n.zzijc69ef13ef02ece {\r\ndisplay: block;\r\n}\r\n}\r\n<\/style>\r\n<div class=\"rgejb69ef13ef02eb7\" ><!--<a href=\"https:\/\/bit.ly\/3QdrqTZ\" target=\"_blank\">\n<img src=\"https:\/\/justicapotiguar.com.br\/wp-content\/uploads\/2023\/09\/desktop-geral.gif\"\/><a\/>--><\/div><style type=\"text\/css\">\r\n.rgejb69ef13ef02eb7 {\r\ntext-align: center;\nmargin-bottom: 1em;\r\n}\r\n@media screen and (min-width: 1201px) {\r\n.rgejb69ef13ef02eb7 {\r\ndisplay: block;\r\n}\r\n}\r\n@media screen and (min-width: 993px) and (max-width: 1200px) {\r\n.rgejb69ef13ef02eb7 {\r\ndisplay: block;\r\n}\r\n}\r\n@media screen and (min-width: 769px) and (max-width: 992px) {\r\n.rgejb69ef13ef02eb7 {\r\ndisplay: block;\r\n}\r\n}\r\n@media screen and (min-width: 768px) and (max-width: 768px) {\r\n.rgejb69ef13ef02eb7 {\r\ndisplay: none;\r\n}\r\n}\r\n@media screen and (max-width: 767px) {\r\n.rgejb69ef13ef02eb7 {\r\ndisplay: none;\r\n}\r\n}\r\n<\/style>\r\n\n\n\n\n<p>Durante o julgamento, foi considerado as informa\u00e7\u00f5es de um Inqu\u00e9rito Civil contendo: diversos contratos tempor\u00e1rios para diferentes \u00e1reas de atua\u00e7\u00e3o; v\u00e1rios of\u00edcios requisitando informa\u00e7\u00f5es ao Munic\u00edpio de Touros; relat\u00f3rio fornecido com nomes de pessoas contratadas temporariamente; Relat\u00f3rio do Tribunal de Contas do Estado do RN indicando que o Munic\u00edpio ultrapassou limites de gasto com pessoal em 2015 a 2018, inclusive do segundo bimestre de 2019 e termo de alerta de responsabilidade fiscal do Tribunal de Contas do Estado (TCE).<\/p>\n\n\n\n<p>O relator do processo no TJ, juiz convocado Diego Cabral, explicou que o contrato tempor\u00e1rio tem o objetivo de suprir, a t\u00edtulo emergencial, o interesse p\u00fablico. No entanto, ele observou nos autos como n\u00edtida a ilegalidade das contrata\u00e7\u00f5es, pois n\u00e3o ficou evidenciada a situa\u00e7\u00e3o excepcional necess\u00e1ria para o ajuste, da\u00ed estar configurada, com clareza, uma necessidade permanente, a qual deve ser suprida por concurso p\u00fablico o que, na sua vis\u00e3o, n\u00e3o ocorreu.<\/p>\n\n\n\n<p>\u201cNo munic\u00edpio de Touros h\u00e1 diversos processos propostos em desfavor do Munic\u00edpio objetivando recebimentos de verbas n\u00e3o pagas oriundo de contratos tempor\u00e1rios renovados por v\u00e1rios anos, caracterizando a aus\u00eancia da temporariedade dos referidos contratos de trabalho\u201d, diz um trecho do voto do relator, mantendo a senten\u00e7a da Comarca de Touros.<\/p>\n\n\n\n<p><strong>(Processo n\u00ba 0800374-36.2019.8.20.5158)<\/strong><\/p>\n","protected":false},"excerpt":{"rendered":"<p>&nbsp;A 3\u00aa C\u00e2mara C\u00edvel do Tribunal de Justi\u00e7a do Estado do Rio Grande do Norte negou recurso e manteve senten\u00e7a que condenou o Munic\u00edpio de Touros, em uma A\u00e7\u00e3o Civil P\u00fabica ajuizada pelo Minist\u00e9rio P\u00fablico Estadual, em virtude da realiza\u00e7\u00e3o de contrata\u00e7\u00e3o de pessoal feita sem obedecer o car\u00e1ter excepcional e tempor\u00e1rio. Na a\u00e7\u00e3o, o<br \/><a class=\"more-link\" href=\"https:\/\/justicapotiguar.com.br\/index.php\/2023\/04\/25\/mantida-condenacao-de-municipio-por-contratacao-de-pessoal-sem-concurso-publico-no-rn\/\">Mais&#8230;<\/a><\/p>\n","protected":false},"author":5,"featured_media":0,"comment_status":"open","ping_status":"open","sticky":false,"template":"","format":"standard","meta":[],"categories":[1],"tags":[],"_links":{"self":[{"href":"https:\/\/justicapotiguar.com.br\/index.php\/wp-json\/wp\/v2\/posts\/31487"}],"collection":[{"href":"https:\/\/justicapotiguar.com.br\/index.php\/wp-json\/wp\/v2\/posts"}],"about":[{"href":"https:\/\/justicapotiguar.com.br\/index.php\/wp-json\/wp\/v2\/types\/post"}],"author":[{"embeddable":true,"href":"https:\/\/justicapotiguar.com.br\/index.php\/wp-json\/wp\/v2\/users\/5"}],"replies":[{"embeddable":true,"href":"https:\/\/justicapotiguar.com.br\/index.php\/wp-json\/wp\/v2\/comments?post=31487"}],"version-history":[{"count":1,"href":"https:\/\/justicapotiguar.com.br\/index.php\/wp-json\/wp\/v2\/posts\/31487\/revisions"}],"predecessor-version":[{"id":31488,"href":"https:\/\/justicapotiguar.com.br\/index.php\/wp-json\/wp\/v2\/posts\/31487\/revisions\/31488"}],"wp:attachment":[{"href":"https:\/\/justicapotiguar.com.br\/index.php\/wp-json\/wp\/v2\/media?parent=31487"}],"wp:term":[{"taxonomy":"category","embeddable":true,"href":"https:\/\/justicapotiguar.com.br\/index.php\/wp-json\/wp\/v2\/categories?post=31487"},{"taxonomy":"post_tag","embeddable":true,"href":"https:\/\/justicapotiguar.com.br\/index.php\/wp-json\/wp\/v2\/tags?post=31487"}],"curies":[{"name":"wp","href":"https:\/\/api.w.org\/{rel}","templated":true}]}}