{"id":31482,"date":"2023-04-25T09:26:10","date_gmt":"2023-04-25T12:26:10","guid":{"rendered":"https:\/\/justicapotiguar.com.br\/?p=31482"},"modified":"2023-04-25T09:26:10","modified_gmt":"2023-04-25T12:26:10","slug":"governadora-ira-nomear-primeira-mulher-eleita-procuradora-geral-de-justica-do-rn-pela-segunda-vez","status":"publish","type":"post","link":"https:\/\/justicapotiguar.com.br\/index.php\/2023\/04\/25\/governadora-ira-nomear-primeira-mulher-eleita-procuradora-geral-de-justica-do-rn-pela-segunda-vez\/","title":{"rendered":"Governadora ir\u00e1 nomear primeira mulher eleita Procuradora-Geral de Justi\u00e7a do RN pela segunda vez"},"content":{"rendered":"\n<figure class=\"wp-block-image size-large\"><img loading=\"lazy\" width=\"1024\" height=\"683\" src=\"https:\/\/justicapotiguar.com.br\/wp-content\/uploads\/2023\/04\/Governadora-recebe-dr-Elaine_RM-5-1024x683.jpg\" alt=\"\" class=\"wp-image-31483\" srcset=\"https:\/\/justicapotiguar.com.br\/wp-content\/uploads\/2023\/04\/Governadora-recebe-dr-Elaine_RM-5-1024x683.jpg 1024w, https:\/\/justicapotiguar.com.br\/wp-content\/uploads\/2023\/04\/Governadora-recebe-dr-Elaine_RM-5-300x200.jpg 300w, https:\/\/justicapotiguar.com.br\/wp-content\/uploads\/2023\/04\/Governadora-recebe-dr-Elaine_RM-5-768x512.jpg 768w, https:\/\/justicapotiguar.com.br\/wp-content\/uploads\/2023\/04\/Governadora-recebe-dr-Elaine_RM-5.jpg 1500w\" sizes=\"(max-width: 1024px) 100vw, 1024px\" \/><figcaption>Foto: Raiane Miranda<\/figcaption><\/figure>\n\n\n\n<p>\u201cQuero parabenizar a Dra. Elaine e o Dr. Gl\u00e1ucio pela elei\u00e7\u00e3o, o que \u00e9 um reconhecimento de toda uma trajet\u00f3ria pautada por muita dedica\u00e7\u00e3o e esp\u00edrito p\u00fablico, \u00e9 muito saud\u00e1vel o resultado da elei\u00e7\u00e3o. Quero deixar registrado, de cora\u00e7\u00e3o, minha alegria porque, pela segunda vez, vou nomear a primeira mulher a dirigir o Minist\u00e9rio P\u00fablico do Rio Grande do Norte\u201d, disse a governadora F\u00e1tima Bezerra durante a reuni\u00e3o para o ato de nomea\u00e7\u00e3o da Procuradora-Geral de Justi\u00e7a eleita, a promotora Elaine Cardoso, e o Procurador Geral de Justi\u00e7a adjunto, Gl\u00e1ucio Garcia, nesta segunda-feira (24), na Governadoria.<\/p>\n\n\n\n<p>Por sugest\u00e3o da pr\u00f3pria governadora, a assinatura da nomea\u00e7\u00e3o ser\u00e1 no Minist\u00e9rio P\u00fablico, em ato in\u00e9dito, em data a ser definida dentro do prazo previsto.&nbsp;A posse est\u00e1 marcada para o dia 19 de junho.<\/p>\n\n\n\n<p>A promotora de Justi\u00e7a Elaine Cardoso&nbsp;obteve 81,18% do total de votos v\u00e1lidos&nbsp;na elei\u00e7\u00e3o para Procuradora-geral de Justi\u00e7a, realizada no \u00faltimo dia 20. Atual l\u00edder do Minist\u00e9rio P\u00fablico do Rio Grande do Norte (MPRN), e \u00fanico nome apresentado na lista tr\u00edplice, ela ser\u00e1 reconduzida ao cargo para o bi\u00eanio 2023-2025.&nbsp;Ela \u00e9 a primeira mulher a liderar o Minist\u00e9rio P\u00fablico do Rio Grande do Norte (MPRN) e seu primeiro mandato foi para o bi\u00eanio 2021\/2023.<\/p>\n\n\n\n<p>\u201cEssa interlocu\u00e7\u00e3o com o Governo do Estado \u00e9 sempre importante, a gente tem prezado muito por isso, por essa transpar\u00eancia, por esse di\u00e1logo, e pretendemos continuar da mesma forma. Viemos refor\u00e7ar o prop\u00f3sito de trabalho comum em benef\u00edcio da sociedade potiguar\u201d, disse a Procuradora-geral eleita, Elaine Cardoso.<\/p><div class=\"wywzc69eefde500da9\" ><!--<a href=\"https:\/\/bit.ly\/3QdrqTZ\" target=\"_blank\">\n<img src=\"https:\/\/justicapotiguar.com.br\/wp-content\/uploads\/2023\/09\/mobile-geral.gif\"\/><a\/>--><\/div><style type=\"text\/css\">\r\n.wywzc69eefde500da9 {\r\ntext-align: center;\r\n}\r\n@media screen and (min-width: 1201px) {\r\n.wywzc69eefde500da9 {\r\ndisplay: none;\r\n}\r\n}\r\n@media screen and (min-width: 993px) and (max-width: 1200px) {\r\n.wywzc69eefde500da9 {\r\ndisplay: none;\r\n}\r\n}\r\n@media screen and (min-width: 769px) and (max-width: 992px) {\r\n.wywzc69eefde500da9 {\r\ndisplay: none;\r\n}\r\n}\r\n@media screen and (min-width: 768px) and (max-width: 768px) {\r\n.wywzc69eefde500da9 {\r\ndisplay: block;\r\n}\r\n}\r\n@media screen and (max-width: 767px) {\r\n.wywzc69eefde500da9 {\r\ndisplay: block;\r\n}\r\n}\r\n<\/style>\r\n<div class=\"opdfz69eefde500d84\" ><!--<a href=\"https:\/\/bit.ly\/3QdrqTZ\" target=\"_blank\">\n<img src=\"https:\/\/justicapotiguar.com.br\/wp-content\/uploads\/2023\/09\/desktop-geral.gif\"\/><a\/>--><\/div><style type=\"text\/css\">\r\n.opdfz69eefde500d84 {\r\ntext-align: center;\nmargin-bottom: 1em;\r\n}\r\n@media screen and (min-width: 1201px) {\r\n.opdfz69eefde500d84 {\r\ndisplay: block;\r\n}\r\n}\r\n@media screen and (min-width: 993px) and (max-width: 1200px) {\r\n.opdfz69eefde500d84 {\r\ndisplay: block;\r\n}\r\n}\r\n@media screen and (min-width: 769px) and (max-width: 992px) {\r\n.opdfz69eefde500d84 {\r\ndisplay: block;\r\n}\r\n}\r\n@media screen and (min-width: 768px) and (max-width: 768px) {\r\n.opdfz69eefde500d84 {\r\ndisplay: none;\r\n}\r\n}\r\n@media screen and (max-width: 767px) {\r\n.opdfz69eefde500d84 {\r\ndisplay: none;\r\n}\r\n}\r\n<\/style>\r\n\n\n\n\n<p>\u201cQuero destacar a uni\u00e3o das institui\u00e7\u00f5es mais emblem\u00e1ticas e mais representativas do poder constitu\u00eddo, desde o executivo ao judici\u00e1rio, levando em considera\u00e7\u00e3o a defesa inegoci\u00e1vel dos anseios do povo do Rio Grande do Norte. Foi assim na pandemia, por exemplo, que foi o momento de desenvolver um estilo de governan\u00e7a com sentimento de esp\u00edrito p\u00fablico. Evidentemente que cada institui\u00e7\u00e3o tendo a clareza de qual \u00e9 sua tratativa, o seu papel. O Minist\u00e9rio P\u00fablico tem o papel de guardi\u00e3o da sociedade e \u00e9 para isso que ele existe, e tem que exerc\u00ea-lo com compromisso com a sociedade\u201d, elucida a governadora.<\/p>\n\n\n\n<p>\u201cQuero parabenizar Dra. Elaine e o Dr. Glauco pelo trabalho, especialmente pelos momentos dif\u00edceis que voc\u00eas enfrentaram junto com os poderes constitu\u00eddos no que diz respeito \u00e0 pandemia durante a primeira gest\u00e3o\u201d, refor\u00e7a o vice-governador Walter Alves. \u201c\u00c9 importante enfatizar essa unifica\u00e7\u00e3o do Minist\u00e9rio P\u00fablico, essa unidade \u00e9 muito valiosa, isso d\u00e1 velocidade nas decis\u00f5es de gest\u00e3o e nos encaminhamentos, e a sociedade ganha com isso\u201d, complementa o Procurador-Geral do Estado, Antenor Roberto.<\/p>\n\n\n\n<p>Al\u00e9m dos j\u00e1 citados, tamb\u00e9m estiveram presentes Raimundo Alves, secret\u00e1rio-chefe do Gabinete Civil; Luciana Daltro, controladora geral do estado; Altair Rocha, assessor especial do governo e o&nbsp;promotor de justi\u00e7a Clayton Barreto, vice-presidente da Associa\u00e7\u00e3o do MPRN.<\/p>\n","protected":false},"excerpt":{"rendered":"<p>\u201cQuero parabenizar a Dra. Elaine e o Dr. Gl\u00e1ucio pela elei\u00e7\u00e3o, o que \u00e9 um reconhecimento de toda uma trajet\u00f3ria pautada por muita dedica\u00e7\u00e3o e esp\u00edrito p\u00fablico, \u00e9 muito saud\u00e1vel o resultado da elei\u00e7\u00e3o. Quero deixar registrado, de cora\u00e7\u00e3o, minha alegria porque, pela segunda vez, vou nomear a primeira mulher a dirigir o Minist\u00e9rio P\u00fablico<br \/><a class=\"more-link\" href=\"https:\/\/justicapotiguar.com.br\/index.php\/2023\/04\/25\/governadora-ira-nomear-primeira-mulher-eleita-procuradora-geral-de-justica-do-rn-pela-segunda-vez\/\">Mais&#8230;<\/a><\/p>\n","protected":false},"author":5,"featured_media":0,"comment_status":"open","ping_status":"open","sticky":false,"template":"","format":"standard","meta":[],"categories":[1],"tags":[],"_links":{"self":[{"href":"https:\/\/justicapotiguar.com.br\/index.php\/wp-json\/wp\/v2\/posts\/31482"}],"collection":[{"href":"https:\/\/justicapotiguar.com.br\/index.php\/wp-json\/wp\/v2\/posts"}],"about":[{"href":"https:\/\/justicapotiguar.com.br\/index.php\/wp-json\/wp\/v2\/types\/post"}],"author":[{"embeddable":true,"href":"https:\/\/justicapotiguar.com.br\/index.php\/wp-json\/wp\/v2\/users\/5"}],"replies":[{"embeddable":true,"href":"https:\/\/justicapotiguar.com.br\/index.php\/wp-json\/wp\/v2\/comments?post=31482"}],"version-history":[{"count":1,"href":"https:\/\/justicapotiguar.com.br\/index.php\/wp-json\/wp\/v2\/posts\/31482\/revisions"}],"predecessor-version":[{"id":31484,"href":"https:\/\/justicapotiguar.com.br\/index.php\/wp-json\/wp\/v2\/posts\/31482\/revisions\/31484"}],"wp:attachment":[{"href":"https:\/\/justicapotiguar.com.br\/index.php\/wp-json\/wp\/v2\/media?parent=31482"}],"wp:term":[{"taxonomy":"category","embeddable":true,"href":"https:\/\/justicapotiguar.com.br\/index.php\/wp-json\/wp\/v2\/categories?post=31482"},{"taxonomy":"post_tag","embeddable":true,"href":"https:\/\/justicapotiguar.com.br\/index.php\/wp-json\/wp\/v2\/tags?post=31482"}],"curies":[{"name":"wp","href":"https:\/\/api.w.org\/{rel}","templated":true}]}}