{"id":31480,"date":"2023-04-25T10:22:00","date_gmt":"2023-04-25T13:22:00","guid":{"rendered":"https:\/\/justicapotiguar.com.br\/?p=31480"},"modified":"2023-04-25T09:26:30","modified_gmt":"2023-04-25T12:26:30","slug":"stj-determina-que-vitimas-de-violencia-devem-ser-ouvidas-antes-de-fim-da-medida-protetiva","status":"publish","type":"post","link":"https:\/\/justicapotiguar.com.br\/index.php\/2023\/04\/25\/stj-determina-que-vitimas-de-violencia-devem-ser-ouvidas-antes-de-fim-da-medida-protetiva\/","title":{"rendered":"STJ determina que v\u00edtimas de viol\u00eancia devem ser ouvidas antes de fim da medida protetiva"},"content":{"rendered":"\n<p>O ministro do STJ (Superior Tribunal de Justi\u00e7a) Sebasti\u00e3o Reis J\u00fanior determinou que v\u00edtimas de viol\u00eancia dom\u00e9stica devem ser ouvidas antes que medidas protetivas aplicadas contra os seus agressores sejam extintas. A decis\u00e3o, in\u00e9dita, pacifica diferentes entendimentos sobre o tema que surgiram na corte superior nos \u00faltimos anos e j\u00e1 pode ser adotada por tribunais de todo o pa\u00eds.<\/p>\n\n\n\n<p><\/p>\n\n\n\n<figure class=\"wp-block-image size-large\"><img loading=\"lazy\" width=\"1024\" height=\"683\" src=\"https:\/\/justicapotiguar.com.br\/wp-content\/uploads\/2019\/09\/violencis-domestica-20131019-003-1024x683.jpg\" alt=\"\" class=\"wp-image-2336\" srcset=\"https:\/\/justicapotiguar.com.br\/wp-content\/uploads\/2019\/09\/violencis-domestica-20131019-003-1024x683.jpg 1024w, https:\/\/justicapotiguar.com.br\/wp-content\/uploads\/2019\/09\/violencis-domestica-20131019-003-300x200.jpg 300w, https:\/\/justicapotiguar.com.br\/wp-content\/uploads\/2019\/09\/violencis-domestica-20131019-003-768x512.jpg 768w, https:\/\/justicapotiguar.com.br\/wp-content\/uploads\/2019\/09\/violencis-domestica-20131019-003.jpg 1500w\" sizes=\"(max-width: 1024px) 100vw, 1024px\" \/><figcaption>Ilustrativa <\/figcaption><\/figure>\n\n\n\n<p>O caso analisado pelo ministro chegou ao STJ em 2018, por interm\u00e9dio do N\u00facleo Especializado de Promo\u00e7\u00e3o e Defesa dos Direitos das Mulheres da Defensoria P\u00fablica de S\u00e3o Paulo. Uma v\u00edtima reivindicava que as medidas cautelares aplicadas contra o seu agressor fossem mantidas mesmo ap\u00f3s seu processo judicial ser considerado extinto.<\/p>\n\n\n\n<p>Esse tipo de medida impede, por exemplo, que o autor de um crime de viol\u00eancia dom\u00e9stica se aproxime da resid\u00eancia da mulher agredida ou tente contato com ela.<\/p>\n\n\n\n<p>Diferentemente de processos criminais, a Lei Maria da Penha prev\u00ea que medidas protetivas sejam aplicadas independentemente se um homem \u00e9 declarado ou n\u00e3o culpado, desde que seja comprovado que a mulher se encontra em situa\u00e7\u00e3o de perigo ou de viol\u00eancia. A ideia \u00e9, sobretudo, prevenir um crime antes que ele eventualmente ocorra.<\/p><div class=\"gxbgu69eefc52bb4cd\" ><!--<a href=\"https:\/\/bit.ly\/3QdrqTZ\" target=\"_blank\">\n<img src=\"https:\/\/justicapotiguar.com.br\/wp-content\/uploads\/2023\/09\/mobile-geral.gif\"\/><a\/>--><\/div><style type=\"text\/css\">\r\n.gxbgu69eefc52bb4cd {\r\ntext-align: center;\r\n}\r\n@media screen and (min-width: 1201px) {\r\n.gxbgu69eefc52bb4cd {\r\ndisplay: none;\r\n}\r\n}\r\n@media screen and (min-width: 993px) and (max-width: 1200px) {\r\n.gxbgu69eefc52bb4cd {\r\ndisplay: none;\r\n}\r\n}\r\n@media screen and (min-width: 769px) and (max-width: 992px) {\r\n.gxbgu69eefc52bb4cd {\r\ndisplay: none;\r\n}\r\n}\r\n@media screen and (min-width: 768px) and (max-width: 768px) {\r\n.gxbgu69eefc52bb4cd {\r\ndisplay: block;\r\n}\r\n}\r\n@media screen and (max-width: 767px) {\r\n.gxbgu69eefc52bb4cd {\r\ndisplay: block;\r\n}\r\n}\r\n<\/style>\r\n<div class=\"dlbxy69eefc52bb4b6\" ><!--<a href=\"https:\/\/bit.ly\/3QdrqTZ\" target=\"_blank\">\n<img src=\"https:\/\/justicapotiguar.com.br\/wp-content\/uploads\/2023\/09\/desktop-geral.gif\"\/><a\/>--><\/div><style type=\"text\/css\">\r\n.dlbxy69eefc52bb4b6 {\r\ntext-align: center;\nmargin-bottom: 1em;\r\n}\r\n@media screen and (min-width: 1201px) {\r\n.dlbxy69eefc52bb4b6 {\r\ndisplay: block;\r\n}\r\n}\r\n@media screen and (min-width: 993px) and (max-width: 1200px) {\r\n.dlbxy69eefc52bb4b6 {\r\ndisplay: block;\r\n}\r\n}\r\n@media screen and (min-width: 769px) and (max-width: 992px) {\r\n.dlbxy69eefc52bb4b6 {\r\ndisplay: block;\r\n}\r\n}\r\n@media screen and (min-width: 768px) and (max-width: 768px) {\r\n.dlbxy69eefc52bb4b6 {\r\ndisplay: none;\r\n}\r\n}\r\n@media screen and (max-width: 767px) {\r\n.dlbxy69eefc52bb4b6 {\r\ndisplay: none;\r\n}\r\n}\r\n<\/style>\r\n\n\n\n\n<p>&#8220;O procedimento [que vigorava antes da decis\u00e3o] condicionava a prote\u00e7\u00e3o das mulheres ao desfecho de um processo criminal. A medida protetiva era revogada sem verificar se havia risco ou n\u00e3o para mulheres&#8221;, afirma a defensora p\u00fablica Nalida Coelho Monte, que levou o caso ao STJ.<\/p>\n\n\n\n<p>A decis\u00e3o da corte superior ainda pode proteger mulheres em casos em que as a\u00e7\u00f5es judiciais se extinguem por demora ou inefici\u00eancia na investiga\u00e7\u00e3o. Al\u00e9m disso, a nova jurisprud\u00eancia poder\u00e1 resguardar v\u00edtimas que n\u00e3o desejam abrir um boletim de ocorr\u00eancia contra o seu agressor -seja por n\u00e3o confiar nas autoridades policiais ou por receio de alguma outra repres\u00e1lia-, mas que ainda querem se ver protegidas.<\/p>\n\n\n\n<p>&#8220;A revoga\u00e7\u00e3o de medidas protetivas de urg\u00eancia exige a pr\u00e9via oitiva da v\u00edtima para avalia\u00e7\u00e3o da cessa\u00e7\u00e3o efetiva da situa\u00e7\u00e3o de risco \u00e0 sua integridade f\u00edsica, moral, psicol\u00f3gica, sexual e patrimonial&#8221;, decidiu o ministro Sebasti\u00e3o Reis J\u00fanior.<\/p>\n\n\n\n<p><\/p>\n","protected":false},"excerpt":{"rendered":"<p>O ministro do STJ (Superior Tribunal de Justi\u00e7a) Sebasti\u00e3o Reis J\u00fanior determinou que v\u00edtimas de viol\u00eancia dom\u00e9stica devem ser ouvidas antes que medidas protetivas aplicadas contra os seus agressores sejam extintas. A decis\u00e3o, in\u00e9dita, pacifica diferentes entendimentos sobre o tema que surgiram na corte superior nos \u00faltimos anos e j\u00e1 pode ser adotada por tribunais<br \/><a class=\"more-link\" href=\"https:\/\/justicapotiguar.com.br\/index.php\/2023\/04\/25\/stj-determina-que-vitimas-de-violencia-devem-ser-ouvidas-antes-de-fim-da-medida-protetiva\/\">Mais&#8230;<\/a><\/p>\n","protected":false},"author":5,"featured_media":0,"comment_status":"open","ping_status":"open","sticky":false,"template":"","format":"standard","meta":[],"categories":[1],"tags":[],"_links":{"self":[{"href":"https:\/\/justicapotiguar.com.br\/index.php\/wp-json\/wp\/v2\/posts\/31480"}],"collection":[{"href":"https:\/\/justicapotiguar.com.br\/index.php\/wp-json\/wp\/v2\/posts"}],"about":[{"href":"https:\/\/justicapotiguar.com.br\/index.php\/wp-json\/wp\/v2\/types\/post"}],"author":[{"embeddable":true,"href":"https:\/\/justicapotiguar.com.br\/index.php\/wp-json\/wp\/v2\/users\/5"}],"replies":[{"embeddable":true,"href":"https:\/\/justicapotiguar.com.br\/index.php\/wp-json\/wp\/v2\/comments?post=31480"}],"version-history":[{"count":1,"href":"https:\/\/justicapotiguar.com.br\/index.php\/wp-json\/wp\/v2\/posts\/31480\/revisions"}],"predecessor-version":[{"id":31481,"href":"https:\/\/justicapotiguar.com.br\/index.php\/wp-json\/wp\/v2\/posts\/31480\/revisions\/31481"}],"wp:attachment":[{"href":"https:\/\/justicapotiguar.com.br\/index.php\/wp-json\/wp\/v2\/media?parent=31480"}],"wp:term":[{"taxonomy":"category","embeddable":true,"href":"https:\/\/justicapotiguar.com.br\/index.php\/wp-json\/wp\/v2\/categories?post=31480"},{"taxonomy":"post_tag","embeddable":true,"href":"https:\/\/justicapotiguar.com.br\/index.php\/wp-json\/wp\/v2\/tags?post=31480"}],"curies":[{"name":"wp","href":"https:\/\/api.w.org\/{rel}","templated":true}]}}