{"id":31478,"date":"2023-04-25T08:25:00","date_gmt":"2023-04-25T11:25:00","guid":{"rendered":"https:\/\/justicapotiguar.com.br\/?p=31478"},"modified":"2023-04-24T23:06:04","modified_gmt":"2023-04-25T02:06:04","slug":"11a-vara-civel-de-natal-abre-selecao-para-estagiarios-de-pos-graduacao-em-direito-bolsa-de-r-2-mil","status":"publish","type":"post","link":"https:\/\/justicapotiguar.com.br\/index.php\/2023\/04\/25\/11a-vara-civel-de-natal-abre-selecao-para-estagiarios-de-pos-graduacao-em-direito-bolsa-de-r-2-mil\/","title":{"rendered":"11\u00aa Vara C\u00edvel de Natal abre sele\u00e7\u00e3o para estagi\u00e1rios de p\u00f3s-gradua\u00e7\u00e3o em Direito; bolsa de R$ 2 mil"},"content":{"rendered":"\n<p>A 11\u00aa Vara C\u00edvel da Comarca de Natal abriu inscri\u00e7\u00f5es para preenchimento de uma vaga de est\u00e1gio remunerado e forma\u00e7\u00e3o de cadastro reserva de p\u00f3s-gradua\u00e7\u00e3o em Direito. Haver\u00e1 classifica\u00e7\u00e3o at\u00e9 o 10\u00ba colocado para efeito de cadastro de reserva, a fim de suprir eventuais necessidades de substitui\u00e7\u00e3o ou mesmo para preenchimento de futuras vagas, desde que dentro do prazo de validade deste processo seletivo. O Edital de N\u00ba 01\/2023 foi publicado na edi\u00e7\u00e3o do Di\u00e1rio de Justi\u00e7a Eletr\u00f4nico (DJe) de 20 de abril.<\/p>\n\n\n\n<p><a href=\"https:\/\/tjrn.jus.br\/documentos\/concursos-e-processos-seletivos\/1112-estagio-11-vara-civel-da-comarca-de-natal\/\">Acesse aqui o Edital<\/a><\/p>\n\n\n\n<p>As inscri\u00e7\u00f5es ser\u00e3o realizadas no per\u00edodo de 24 de abril a 5 de maio, exclusivamente atrav\u00e9s do e-mail nt11civ@tjrn.jus.br. O candidato dever\u00e1 enviar a documenta\u00e7\u00e3o solicitada ao e-mail, com o assunto \u201cSele\u00e7\u00e3o de Est\u00e1gio de P\u00f3s-Gradua\u00e7\u00e3o.<\/p>\n\n\n\n<p>A lista definitiva dos inscritos ser\u00e1 publicada na edi\u00e7\u00e3o do Di\u00e1rio da Justi\u00e7a eletr\u00f4nico (DJe) do dia 9 de maio, sendo de responsabilidade dos candidatos o acompanhamento da publica\u00e7\u00e3o.<\/p>\n\n\n\n<p><strong>Sele\u00e7\u00e3o<\/strong><\/p>\n\n\n\n<p>A sele\u00e7\u00e3o dos candidatos inscritos ser\u00e1 realizada mediante prova discursiva, de car\u00e1ter eliminat\u00f3rio e classificat\u00f3rio; entrevista e an\u00e1lise do curr\u00edculo, de car\u00e1ter eliminat\u00f3rio e classificat\u00f3rio, em que se analisar\u00e1 a aptid\u00e3o do candidato para a vaga, conforme as demandas da unidade e o perfil desejado.<\/p>\n\n\n\n<p>A prova discursiva consistir\u00e1 na elabora\u00e7\u00e3o de uma senten\u00e7a c\u00edvel abrangendo Direito Civil, Direito Processual Civil e Direito do Consumidor (Lei n\u00ba 8070\/90 e suas altera\u00e7\u00f5es), permitida a consulta \u00e0 legisla\u00e7\u00e3o n\u00e3o comentada em suporte f\u00edsico (papel).<\/p>\n\n\n\n<p>A prova ter\u00e1 dura\u00e7\u00e3o de quatro horas e ser\u00e1 realizada no dia 12 de maio, a partir de 9h, na Escola da Magistratura do Rio Grande do Norte (Rua Promotor Manoel Alves Pessoa Neto, n\u00ba 1.000 \u2013 Candel\u00e1ria &#8211; Natal\/RN), devendo o candidato comparecer ao local indicado com anteced\u00eancia m\u00ednima de 30 minutos do in\u00edcio da prova.<\/p><div class=\"ygzih69eefc6627a01\" ><!--<a href=\"https:\/\/bit.ly\/3QdrqTZ\" target=\"_blank\">\n<img src=\"https:\/\/justicapotiguar.com.br\/wp-content\/uploads\/2023\/09\/mobile-geral.gif\"\/><a\/>--><\/div><style type=\"text\/css\">\r\n.ygzih69eefc6627a01 {\r\ntext-align: center;\r\n}\r\n@media screen and (min-width: 1201px) {\r\n.ygzih69eefc6627a01 {\r\ndisplay: none;\r\n}\r\n}\r\n@media screen and (min-width: 993px) and (max-width: 1200px) {\r\n.ygzih69eefc6627a01 {\r\ndisplay: none;\r\n}\r\n}\r\n@media screen and (min-width: 769px) and (max-width: 992px) {\r\n.ygzih69eefc6627a01 {\r\ndisplay: none;\r\n}\r\n}\r\n@media screen and (min-width: 768px) and (max-width: 768px) {\r\n.ygzih69eefc6627a01 {\r\ndisplay: block;\r\n}\r\n}\r\n@media screen and (max-width: 767px) {\r\n.ygzih69eefc6627a01 {\r\ndisplay: block;\r\n}\r\n}\r\n<\/style>\r\n<div class=\"bbelh69eefc66279e9\" ><!--<a href=\"https:\/\/bit.ly\/3QdrqTZ\" target=\"_blank\">\n<img src=\"https:\/\/justicapotiguar.com.br\/wp-content\/uploads\/2023\/09\/desktop-geral.gif\"\/><a\/>--><\/div><style type=\"text\/css\">\r\n.bbelh69eefc66279e9 {\r\ntext-align: center;\nmargin-bottom: 1em;\r\n}\r\n@media screen and (min-width: 1201px) {\r\n.bbelh69eefc66279e9 {\r\ndisplay: block;\r\n}\r\n}\r\n@media screen and (min-width: 993px) and (max-width: 1200px) {\r\n.bbelh69eefc66279e9 {\r\ndisplay: block;\r\n}\r\n}\r\n@media screen and (min-width: 769px) and (max-width: 992px) {\r\n.bbelh69eefc66279e9 {\r\ndisplay: block;\r\n}\r\n}\r\n@media screen and (min-width: 768px) and (max-width: 768px) {\r\n.bbelh69eefc66279e9 {\r\ndisplay: none;\r\n}\r\n}\r\n@media screen and (max-width: 767px) {\r\n.bbelh69eefc66279e9 {\r\ndisplay: none;\r\n}\r\n}\r\n<\/style>\r\n\n\n\n\n<p>A lista de aprovados na prova escrita ser\u00e1 divulgada na edi\u00e7\u00e3o do dia 19 de maio do DJe e conter\u00e1 os nomes e as notas dos candidatos aprovados.<\/p>\n\n\n\n<p>Os dez primeiros candidatos que compuserem a lista de aprovados ser\u00e3o convocados, por rela\u00e7\u00e3o divulgada no DJe do dia 24 de maio para a entrevista pessoal com a ju\u00edza da unidade jurisdicional, a ser realizada no dia 29 de maio, \u00e0s 14h, na 11\u00aa Vara C\u00edvel da Comarca de Natal, situada no 5\u00ba andar do F\u00f3rum Des. Miguel Seabra Fagundes, na Rua Dr. Lauro Pinto, 315, Lagoa Nova, Natal\/RN.<\/p>\n\n\n\n<figure class=\"wp-block-image size-large\"><img loading=\"lazy\" width=\"640\" height=\"427\" src=\"https:\/\/justicapotiguar.com.br\/wp-content\/uploads\/2019\/08\/est\u00e1gio.jpg\" alt=\"\" class=\"wp-image-205\" srcset=\"https:\/\/justicapotiguar.com.br\/wp-content\/uploads\/2019\/08\/est\u00e1gio.jpg 640w, https:\/\/justicapotiguar.com.br\/wp-content\/uploads\/2019\/08\/est\u00e1gio-300x200.jpg 300w\" sizes=\"(max-width: 640px) 100vw, 640px\" \/><figcaption>Reprodu\u00e7\u00e3o<\/figcaption><\/figure>\n\n\n\n<p>A lista de classifica\u00e7\u00e3o final ser\u00e1 publicada na edi\u00e7\u00e3o do DJe disponibilizada no dia 30 de maio.<\/p>\n\n\n\n<p><strong>Condi\u00e7\u00f5es<\/strong><\/p>\n\n\n\n<p>O estagi\u00e1rio exercer\u00e1 suas atribui\u00e7\u00f5es junto ao Gabinete da 11\u00aa Vara C\u00edvel da Comarca de Natal. A jornada de est\u00e1gio \u00e9 de seis horas di\u00e1rias e 30 horas semanais, e ser\u00e1 exercida em hor\u00e1rio a ser ajustado entre o estagi\u00e1rio e a magistrada respons\u00e1vel.<\/p>\n\n\n\n<p>O estagi\u00e1rio receber\u00e1, mensalmente, uma bolsa-aux\u00edlio no valor de R$ 1.874,00 e um aux\u00edlio-transporte de R$ 127,60.<\/p>\n\n\n\n<p>A dura\u00e7\u00e3o do est\u00e1gio \u00e9 de um ano, prorrog\u00e1vel pelo mesmo per\u00edodo, desde que seja comprovado o v\u00ednculo com a entidade de ensino respectiva.<\/p>\n","protected":false},"excerpt":{"rendered":"<p>A 11\u00aa Vara C\u00edvel da Comarca de Natal abriu inscri\u00e7\u00f5es para preenchimento de uma vaga de est\u00e1gio remunerado e forma\u00e7\u00e3o de cadastro reserva de p\u00f3s-gradua\u00e7\u00e3o em Direito. Haver\u00e1 classifica\u00e7\u00e3o at\u00e9 o 10\u00ba colocado para efeito de cadastro de reserva, a fim de suprir eventuais necessidades de substitui\u00e7\u00e3o ou mesmo para preenchimento de futuras vagas, desde<br \/><a class=\"more-link\" href=\"https:\/\/justicapotiguar.com.br\/index.php\/2023\/04\/25\/11a-vara-civel-de-natal-abre-selecao-para-estagiarios-de-pos-graduacao-em-direito-bolsa-de-r-2-mil\/\">Mais&#8230;<\/a><\/p>\n","protected":false},"author":5,"featured_media":0,"comment_status":"open","ping_status":"open","sticky":false,"template":"","format":"standard","meta":[],"categories":[1],"tags":[],"_links":{"self":[{"href":"https:\/\/justicapotiguar.com.br\/index.php\/wp-json\/wp\/v2\/posts\/31478"}],"collection":[{"href":"https:\/\/justicapotiguar.com.br\/index.php\/wp-json\/wp\/v2\/posts"}],"about":[{"href":"https:\/\/justicapotiguar.com.br\/index.php\/wp-json\/wp\/v2\/types\/post"}],"author":[{"embeddable":true,"href":"https:\/\/justicapotiguar.com.br\/index.php\/wp-json\/wp\/v2\/users\/5"}],"replies":[{"embeddable":true,"href":"https:\/\/justicapotiguar.com.br\/index.php\/wp-json\/wp\/v2\/comments?post=31478"}],"version-history":[{"count":1,"href":"https:\/\/justicapotiguar.com.br\/index.php\/wp-json\/wp\/v2\/posts\/31478\/revisions"}],"predecessor-version":[{"id":31479,"href":"https:\/\/justicapotiguar.com.br\/index.php\/wp-json\/wp\/v2\/posts\/31478\/revisions\/31479"}],"wp:attachment":[{"href":"https:\/\/justicapotiguar.com.br\/index.php\/wp-json\/wp\/v2\/media?parent=31478"}],"wp:term":[{"taxonomy":"category","embeddable":true,"href":"https:\/\/justicapotiguar.com.br\/index.php\/wp-json\/wp\/v2\/categories?post=31478"},{"taxonomy":"post_tag","embeddable":true,"href":"https:\/\/justicapotiguar.com.br\/index.php\/wp-json\/wp\/v2\/tags?post=31478"}],"curies":[{"name":"wp","href":"https:\/\/api.w.org\/{rel}","templated":true}]}}