{"id":31474,"date":"2023-04-24T16:31:43","date_gmt":"2023-04-24T19:31:43","guid":{"rendered":"https:\/\/justicapotiguar.com.br\/?p=31474"},"modified":"2023-04-24T16:31:43","modified_gmt":"2023-04-24T19:31:43","slug":"apos-denuncia-do-mprn-presos-na-operacao-sentinela-viram-reus-por-integrarem-organizacao-criminosa","status":"publish","type":"post","link":"https:\/\/justicapotiguar.com.br\/index.php\/2023\/04\/24\/apos-denuncia-do-mprn-presos-na-operacao-sentinela-viram-reus-por-integrarem-organizacao-criminosa\/","title":{"rendered":"Ap\u00f3s den\u00fancia do MPRN, presos na opera\u00e7\u00e3o Sentinela viram r\u00e9us por integrarem organiza\u00e7\u00e3o criminosa"},"content":{"rendered":"\n<ul><li><a href=\"https:\/\/www.mprn.mp.br\/2023\/04\/24\/\"><\/a><\/li><\/ul>\n\n\n\n<figure class=\"wp-block-image\"><img src=\"https:\/\/www.mprn.mp.br\/wp-content\/uploads\/2023\/04\/WhatsApp-Image-2023-03-22-at-08.38.57.jpeg\" alt=\"\" class=\"wp-image-14526\"\/><figcaption>Reprodu\u00e7\u00e3o<\/figcaption><\/figure>\n\n\n\n<p><\/p>\n\n\n\n<p>Ap\u00f3s den\u00fancia oferecida pelo Minist\u00e9rio P\u00fablico do Rio Grande do Norte (MPRN), sete pessoas viraram r\u00e9s por promoverem e integrarem a organiza\u00e7\u00e3o criminosa Sindicato do Crime do RN. O grupo est\u00e1 entre os presos na opera\u00e7\u00e3o Sentinela, deflagrada pelo MPRN em conjunto com a Pol\u00edcia Federal (PF), a Pol\u00edcia Rodovi\u00e1ria Federal (PRF), a Pol\u00edcia Militar (PM), a Secretaria Estadual da Administra\u00e7\u00e3o Penitenci\u00e1ria (Seap) e da For\u00e7a Nacional (FN) no dia 22 de mar\u00e7o passado.<\/p>\n\n\n\n<p>A a\u00e7\u00e3o teve por objetivo combater a atua\u00e7\u00e3o da organiza\u00e7\u00e3o criminosa que promoveu atos criminosos em todo o Estado. Dos sete r\u00e9us, quatro s\u00e3o mulheres. Todos j\u00e1 vinham sendo investigados desde 2020. Todas as den\u00fancias s\u00e3o referentes ao crime de integrar, promover e constituir organiza\u00e7\u00e3o criminosa.<\/p>\n\n\n\n<p>A opera\u00e7\u00e3o Sentinela cumpriu 13 mandados de pris\u00e3o e outros 26, de busca e apreens\u00e3o, nas cidades de Natal, Parnamirim, S\u00e3o Gon\u00e7alo do Amarante, Maca\u00edba, Canguaretama, Bom Jesus, Santo Ant\u00f4nio, Cai\u00e7ara do Norte, Acari e Macau. Dois homens foram presos em flagrante na a\u00e7\u00e3o. Houve apreens\u00e3o de armas, drogas, aparelhos de telefonia celular, documentos e dinheiro vivo. Cinco mandados de pris\u00e3o n\u00e3o foram cumpridos porque os alvos n\u00e3o foram localizados, totalizando 18 pris\u00f5es decretadas na opera\u00e7\u00e3o Sentinela.<\/p>\n\n\n\n<p>Al\u00e9m das den\u00fancias, o MPRN tamb\u00e9m conseguiu a prorroga\u00e7\u00e3o de cinco pris\u00f5es tempor\u00e1rias por mais 30 dias e, ainda, a convers\u00e3o de outras cinco pris\u00f5es tempor\u00e1rias em preventivas.<\/p><div class=\"zqdco69ef206a48e5a\" ><!--<a href=\"https:\/\/bit.ly\/3QdrqTZ\" target=\"_blank\">\n<img src=\"https:\/\/justicapotiguar.com.br\/wp-content\/uploads\/2023\/09\/mobile-geral.gif\"\/><a\/>--><\/div><style type=\"text\/css\">\r\n.zqdco69ef206a48e5a {\r\ntext-align: center;\r\n}\r\n@media screen and (min-width: 1201px) {\r\n.zqdco69ef206a48e5a {\r\ndisplay: none;\r\n}\r\n}\r\n@media screen and (min-width: 993px) and (max-width: 1200px) {\r\n.zqdco69ef206a48e5a {\r\ndisplay: none;\r\n}\r\n}\r\n@media screen and (min-width: 769px) and (max-width: 992px) {\r\n.zqdco69ef206a48e5a {\r\ndisplay: none;\r\n}\r\n}\r\n@media screen and (min-width: 768px) and (max-width: 768px) {\r\n.zqdco69ef206a48e5a {\r\ndisplay: block;\r\n}\r\n}\r\n@media screen and (max-width: 767px) {\r\n.zqdco69ef206a48e5a {\r\ndisplay: block;\r\n}\r\n}\r\n<\/style>\r\n<div class=\"wxqsm69ef206a48e40\" ><!--<a href=\"https:\/\/bit.ly\/3QdrqTZ\" target=\"_blank\">\n<img src=\"https:\/\/justicapotiguar.com.br\/wp-content\/uploads\/2023\/09\/desktop-geral.gif\"\/><a\/>--><\/div><style type=\"text\/css\">\r\n.wxqsm69ef206a48e40 {\r\ntext-align: center;\nmargin-bottom: 1em;\r\n}\r\n@media screen and (min-width: 1201px) {\r\n.wxqsm69ef206a48e40 {\r\ndisplay: block;\r\n}\r\n}\r\n@media screen and (min-width: 993px) and (max-width: 1200px) {\r\n.wxqsm69ef206a48e40 {\r\ndisplay: block;\r\n}\r\n}\r\n@media screen and (min-width: 769px) and (max-width: 992px) {\r\n.wxqsm69ef206a48e40 {\r\ndisplay: block;\r\n}\r\n}\r\n@media screen and (min-width: 768px) and (max-width: 768px) {\r\n.wxqsm69ef206a48e40 {\r\ndisplay: none;\r\n}\r\n}\r\n@media screen and (max-width: 767px) {\r\n.wxqsm69ef206a48e40 {\r\ndisplay: none;\r\n}\r\n}\r\n<\/style>\r\n\n\n\n\n<p>A opera\u00e7\u00e3o Sentinela contou com a participa\u00e7\u00e3o de tr\u00eas promotores de Justi\u00e7a, 16 servidores do MPRN, 60 policiais federais, 38 policiais rodovi\u00e1rios federais, 96 policiais militares e 24 policiais penais. Dois helic\u00f3pteros das for\u00e7as de seguran\u00e7a do RN prestaram apoio \u00e0 a\u00e7\u00e3o.<\/p>\n\n\n\n<p>A maioria dos presos na opera\u00e7\u00e3o Sentinela j\u00e1 tem condena\u00e7\u00e3o por envolvimento com organiza\u00e7\u00e3o criminosa, tr\u00e1fico de drogas, roubos e homic\u00eddios, sendo que alguns deles cumpriam pena em regime semiaberto, com uso de tornozeleiras eletr\u00f4nicas. J\u00e1 foi apurado que alguns dos presos na opera\u00e7\u00e3o violaram o sistema de monitoramento eletr\u00f4nico, coincidentemente antes e durante ataques registrados em mar\u00e7o de 2023.<\/p>\n\n\n\n<p>Para os investigadores, n\u00e3o existem d\u00favidas sobre o poder de mobiliza\u00e7\u00e3o das centenas de membros da organiza\u00e7\u00e3o criminosa. A sensa\u00e7\u00e3o de terror sentido e presenciado pelos potiguares nos \u00faltimos dias, decorrente dos ataques criminosos perpetrados contra institui\u00e7\u00f5es p\u00fablicas e privadas e contra agentes de seguran\u00e7a p\u00fablica, retrata bem tal panorama.<\/p>\n\n\n\n<p>As investiga\u00e7\u00f5es que resultaram na deflagra\u00e7\u00e3o da opera\u00e7\u00e3o Sentinela apontam que as pessoas presas na a\u00e7\u00e3o desta quarta s\u00e3o lideran\u00e7as da organiza\u00e7\u00e3o criminosa em liberdade que exercem ou exerceram fun\u00e7\u00f5es relevantes para a fac\u00e7\u00e3o.<\/p>\n\n\n\n<p>As pessoas presas na opera\u00e7\u00e3o Sentinela s\u00e3o investigadas por constitu\u00edrem e integrarem organiza\u00e7\u00e3o criminosa, o que tem pena prevista de reclus\u00e3o de 3 a 8 anos. As penas delas, caso condenadas, podem ser aumentadas at\u00e9 a metade por usarem arma de fogo; agravada para as pessoas que forem identificadas como l\u00edderes sobre os demais faccionados; e ainda ampliada pela conex\u00e3o com outras organiza\u00e7\u00f5es criminosas.<\/p>\n","protected":false},"excerpt":{"rendered":"<p>Ap\u00f3s den\u00fancia oferecida pelo Minist\u00e9rio P\u00fablico do Rio Grande do Norte (MPRN), sete pessoas viraram r\u00e9s por promoverem e integrarem a organiza\u00e7\u00e3o criminosa Sindicato do Crime do RN. O grupo est\u00e1 entre os presos na opera\u00e7\u00e3o Sentinela, deflagrada pelo MPRN em conjunto com a Pol\u00edcia Federal (PF), a Pol\u00edcia Rodovi\u00e1ria Federal (PRF), a Pol\u00edcia Militar<br \/><a class=\"more-link\" href=\"https:\/\/justicapotiguar.com.br\/index.php\/2023\/04\/24\/apos-denuncia-do-mprn-presos-na-operacao-sentinela-viram-reus-por-integrarem-organizacao-criminosa\/\">Mais&#8230;<\/a><\/p>\n","protected":false},"author":5,"featured_media":0,"comment_status":"open","ping_status":"open","sticky":false,"template":"","format":"standard","meta":[],"categories":[1],"tags":[],"_links":{"self":[{"href":"https:\/\/justicapotiguar.com.br\/index.php\/wp-json\/wp\/v2\/posts\/31474"}],"collection":[{"href":"https:\/\/justicapotiguar.com.br\/index.php\/wp-json\/wp\/v2\/posts"}],"about":[{"href":"https:\/\/justicapotiguar.com.br\/index.php\/wp-json\/wp\/v2\/types\/post"}],"author":[{"embeddable":true,"href":"https:\/\/justicapotiguar.com.br\/index.php\/wp-json\/wp\/v2\/users\/5"}],"replies":[{"embeddable":true,"href":"https:\/\/justicapotiguar.com.br\/index.php\/wp-json\/wp\/v2\/comments?post=31474"}],"version-history":[{"count":1,"href":"https:\/\/justicapotiguar.com.br\/index.php\/wp-json\/wp\/v2\/posts\/31474\/revisions"}],"predecessor-version":[{"id":31475,"href":"https:\/\/justicapotiguar.com.br\/index.php\/wp-json\/wp\/v2\/posts\/31474\/revisions\/31475"}],"wp:attachment":[{"href":"https:\/\/justicapotiguar.com.br\/index.php\/wp-json\/wp\/v2\/media?parent=31474"}],"wp:term":[{"taxonomy":"category","embeddable":true,"href":"https:\/\/justicapotiguar.com.br\/index.php\/wp-json\/wp\/v2\/categories?post=31474"},{"taxonomy":"post_tag","embeddable":true,"href":"https:\/\/justicapotiguar.com.br\/index.php\/wp-json\/wp\/v2\/tags?post=31474"}],"curies":[{"name":"wp","href":"https:\/\/api.w.org\/{rel}","templated":true}]}}