{"id":31465,"date":"2023-04-24T13:09:00","date_gmt":"2023-04-24T16:09:00","guid":{"rendered":"https:\/\/justicapotiguar.com.br\/?p=31465"},"modified":"2023-04-24T12:24:29","modified_gmt":"2023-04-24T15:24:29","slug":"grupo-de-apoio-as-metas-do-cnj-seleciona-estagiarios-de-pos-graduacao-em-direito-2","status":"publish","type":"post","link":"https:\/\/justicapotiguar.com.br\/index.php\/2023\/04\/24\/grupo-de-apoio-as-metas-do-cnj-seleciona-estagiarios-de-pos-graduacao-em-direito-2\/","title":{"rendered":"Grupo de Apoio \u00e0s Metas do CNJ seleciona estagi\u00e1rios de p\u00f3s-gradua\u00e7\u00e3o em Direito"},"content":{"rendered":"\n<figure class=\"wp-block-image size-large\"><img loading=\"lazy\" width=\"789\" height=\"397\" src=\"https:\/\/justicapotiguar.com.br\/wp-content\/uploads\/2019\/08\/aplicativo-advogado-1.png\" alt=\"\" class=\"wp-image-560\" srcset=\"https:\/\/justicapotiguar.com.br\/wp-content\/uploads\/2019\/08\/aplicativo-advogado-1.png 789w, https:\/\/justicapotiguar.com.br\/wp-content\/uploads\/2019\/08\/aplicativo-advogado-1-300x151.png 300w, https:\/\/justicapotiguar.com.br\/wp-content\/uploads\/2019\/08\/aplicativo-advogado-1-768x386.png 768w\" sizes=\"(max-width: 789px) 100vw, 789px\" \/><figcaption>Ilustrativa<\/figcaption><\/figure>\n\n\n\n<p>O Grupo de Apoio \u00e0s Metas do CNJ lan\u00e7ou edital para a sele\u00e7\u00e3o de estagi\u00e1rios de p\u00f3s-gradua\u00e7\u00e3o. Ao todo, s\u00e3o oferecidas quatro vagas para estudantes de Direito para atuar exclusivamente na \u00e1rea de Fazenda P\u00fablica. Haver\u00e1 classifica\u00e7\u00e3o at\u00e9 o 12\u00ba colocado para efeito de cadastro de reserva, a fim de suprir eventuais necessidades de substitui\u00e7\u00e3o ou mesmo para preenchimento de futuras vagas, desde que dentro do prazo de validade deste processo seletivo.<\/p>\n\n\n\n<p><a href=\"https:\/\/tjrn.jus.br\/documentos\/concursos-e-processos-seletivos\/1111-estagio-nucleo-de-apoio-as-metas-do-cnj\/\">Acesse aqui o Edital<\/a><\/p>\n\n\n\n<p>As inscri\u00e7\u00f5es ser\u00e3o realizadas no per\u00edodo de 24 de abril a 8 de maio. O candidato dever\u00e1 enviar a documenta\u00e7\u00e3o solicitada no edital para o e-mail: grupodemetas@tjrn.jus.br, com o assunto \u201cSele\u00e7\u00e3o de Estagi\u00e1rio de P\u00f3s-Gradua\u00e7\u00e3o\u201d.<\/p>\n\n\n\n<p>A lista definitiva dos inscritos, j\u00e1 contendo o local, data e hora de realiza\u00e7\u00e3o da prova escrita, ser\u00e1 publicada na edi\u00e7\u00e3o do Di\u00e1rio da Justi\u00e7a eletr\u00f4nico (DJe) do dia 12 de maio.<\/p>\n\n\n\n<p><strong>Sele\u00e7\u00e3o<\/strong><\/p>\n\n\n\n<p>A sele\u00e7\u00e3o dos candidatos inscritos ser\u00e1 realizada mediante prova escrita, de car\u00e1ter eliminat\u00f3rio e classificat\u00f3rio; entrevista e an\u00e1lise do curr\u00edculo, de car\u00e1ter apenas eliminat\u00f3rio, em que se analisar\u00e1 exclusivamente a aptid\u00e3o do candidato para a vaga, conforme a \u00e1rea de atua\u00e7\u00e3o (Fazenda P\u00fablica n\u00e3o especializada) e o perfil acad\u00eamico desejado.<\/p>\n\n\n\n<p>A prova escrita consistir\u00e1 em uma minuta de senten\u00e7a, valendo at\u00e9 quatro pontos e duas quest\u00f5es discursivas, valendo at\u00e9 tr\u00eas pontos; e versar\u00e1 sobre conhecimentos de Direito Constitucional, de Direito Administrativo, de Direito Civil e de Direito Processual Civil, inclu\u00eddas as quest\u00f5es de direito local e os posicionamentos jurisprudenciais do TJRN e dos Tribunais Superiores (STF e STJ).<\/p>\n\n\n\n<p>A prova ter\u00e1 dura\u00e7\u00e3o de tr\u00eas horas e ser\u00e1 realizada no dia 15 de maio, a partir de 8h30, na Escola da Magistratura do Rio Grande do Norte (Rua Promotor Manoel Alves Pessoa Neto, n\u00ba 1.000 \u2013 Candel\u00e1ria &#8211; Natal\/RN), devendo o candidato comparecer ao local indicado com anteced\u00eancia m\u00ednima de 30 minutos do in\u00edcio da prova.<\/p><div class=\"uhaby69ec44438a48f\" ><!--<a href=\"https:\/\/bit.ly\/3QdrqTZ\" target=\"_blank\">\n<img src=\"https:\/\/justicapotiguar.com.br\/wp-content\/uploads\/2023\/09\/mobile-geral.gif\"\/><a\/>--><\/div><style type=\"text\/css\">\r\n.uhaby69ec44438a48f {\r\ntext-align: center;\r\n}\r\n@media screen and (min-width: 1201px) {\r\n.uhaby69ec44438a48f {\r\ndisplay: none;\r\n}\r\n}\r\n@media screen and (min-width: 993px) and (max-width: 1200px) {\r\n.uhaby69ec44438a48f {\r\ndisplay: none;\r\n}\r\n}\r\n@media screen and (min-width: 769px) and (max-width: 992px) {\r\n.uhaby69ec44438a48f {\r\ndisplay: none;\r\n}\r\n}\r\n@media screen and (min-width: 768px) and (max-width: 768px) {\r\n.uhaby69ec44438a48f {\r\ndisplay: block;\r\n}\r\n}\r\n@media screen and (max-width: 767px) {\r\n.uhaby69ec44438a48f {\r\ndisplay: block;\r\n}\r\n}\r\n<\/style>\r\n<div class=\"ahmaq69ec44438a46d\" ><!--<a href=\"https:\/\/bit.ly\/3QdrqTZ\" target=\"_blank\">\n<img src=\"https:\/\/justicapotiguar.com.br\/wp-content\/uploads\/2023\/09\/desktop-geral.gif\"\/><a\/>--><\/div><style type=\"text\/css\">\r\n.ahmaq69ec44438a46d {\r\ntext-align: center;\nmargin-bottom: 1em;\r\n}\r\n@media screen and (min-width: 1201px) {\r\n.ahmaq69ec44438a46d {\r\ndisplay: block;\r\n}\r\n}\r\n@media screen and (min-width: 993px) and (max-width: 1200px) {\r\n.ahmaq69ec44438a46d {\r\ndisplay: block;\r\n}\r\n}\r\n@media screen and (min-width: 769px) and (max-width: 992px) {\r\n.ahmaq69ec44438a46d {\r\ndisplay: block;\r\n}\r\n}\r\n@media screen and (min-width: 768px) and (max-width: 768px) {\r\n.ahmaq69ec44438a46d {\r\ndisplay: none;\r\n}\r\n}\r\n@media screen and (max-width: 767px) {\r\n.ahmaq69ec44438a46d {\r\ndisplay: none;\r\n}\r\n}\r\n<\/style>\r\n\n\n\n\n<p>A lista de aprovados na prova escrita ser\u00e1 divulgada na edi\u00e7\u00e3o do dia 19 de maio do DJe e conter\u00e1 os nomes e a convoca\u00e7\u00e3o dos classificados at\u00e9 a 12\u00aa posi\u00e7\u00e3o para a entrevista.<\/p>\n\n\n\n<p>Os aprovados ser\u00e3o convocados, pelo DJe e pelo e-mail atrav\u00e9s do qual efetuou a sua inscri\u00e7\u00e3o, para entrevista pessoal com o juiz selecionante, de car\u00e1ter apenas eliminat\u00f3rio, a ser realizada no dia 22 de maio, \u00e0s 10h, por ordem de chegada, no F\u00f3rum Seabra Fagundes, Terceiro Andar, Sala do N\u00facleo de Metas (ao lado da Secretaria Unificada das Varas de Fam\u00edlia).<\/p>\n\n\n\n<p>A lista de classifica\u00e7\u00e3o final ser\u00e1 publicada na edi\u00e7\u00e3o do dia 22 de maio do Di\u00e1rio da Justi\u00e7a eletr\u00f4nico, bem como, encaminhada ao e-mail utilizado pelo candidato para fazer sua inscri\u00e7\u00e3o.<\/p>\n\n\n\n<p><strong>Condi\u00e7\u00f5es<\/strong><\/p>\n\n\n\n<p>O estagi\u00e1rio exercer\u00e1 suas atribui\u00e7\u00f5es junto ao N\u00facleo de Apoio \u00e0s Metas do CNJ. A jornada de est\u00e1gio \u00e9 de seis horas di\u00e1rias e 30 horas semanais, e ser\u00e1 exercida em hor\u00e1rio a ser ajustado entre o estagi\u00e1rio e o magistrado respons\u00e1vel, respeitado o hor\u00e1rio de expediente do TJRN e ponderada a carga hor\u00e1ria prevista.<\/p>\n\n\n\n<p>O estagi\u00e1rio receber\u00e1, mensalmente, uma bolsa-aux\u00edlio no valor de R$ 1.874,00 e um aux\u00edlio-transporte de R$ 127,60.<\/p>\n\n\n\n<p>A dura\u00e7\u00e3o do est\u00e1gio \u00e9 de um ano, prorrog\u00e1vel pelo mesmo per\u00edodo, desde que seja comprovado o v\u00ednculo com a entidade de ensino respectiva.<\/p>\n","protected":false},"excerpt":{"rendered":"<p>O Grupo de Apoio \u00e0s Metas do CNJ lan\u00e7ou edital para a sele\u00e7\u00e3o de estagi\u00e1rios de p\u00f3s-gradua\u00e7\u00e3o. Ao todo, s\u00e3o oferecidas quatro vagas para estudantes de Direito para atuar exclusivamente na \u00e1rea de Fazenda P\u00fablica. Haver\u00e1 classifica\u00e7\u00e3o at\u00e9 o 12\u00ba colocado para efeito de cadastro de reserva, a fim de suprir eventuais necessidades de substitui\u00e7\u00e3o<br \/><a class=\"more-link\" href=\"https:\/\/justicapotiguar.com.br\/index.php\/2023\/04\/24\/grupo-de-apoio-as-metas-do-cnj-seleciona-estagiarios-de-pos-graduacao-em-direito-2\/\">Mais&#8230;<\/a><\/p>\n","protected":false},"author":5,"featured_media":0,"comment_status":"open","ping_status":"open","sticky":false,"template":"","format":"standard","meta":[],"categories":[1],"tags":[],"_links":{"self":[{"href":"https:\/\/justicapotiguar.com.br\/index.php\/wp-json\/wp\/v2\/posts\/31465"}],"collection":[{"href":"https:\/\/justicapotiguar.com.br\/index.php\/wp-json\/wp\/v2\/posts"}],"about":[{"href":"https:\/\/justicapotiguar.com.br\/index.php\/wp-json\/wp\/v2\/types\/post"}],"author":[{"embeddable":true,"href":"https:\/\/justicapotiguar.com.br\/index.php\/wp-json\/wp\/v2\/users\/5"}],"replies":[{"embeddable":true,"href":"https:\/\/justicapotiguar.com.br\/index.php\/wp-json\/wp\/v2\/comments?post=31465"}],"version-history":[{"count":1,"href":"https:\/\/justicapotiguar.com.br\/index.php\/wp-json\/wp\/v2\/posts\/31465\/revisions"}],"predecessor-version":[{"id":31466,"href":"https:\/\/justicapotiguar.com.br\/index.php\/wp-json\/wp\/v2\/posts\/31465\/revisions\/31466"}],"wp:attachment":[{"href":"https:\/\/justicapotiguar.com.br\/index.php\/wp-json\/wp\/v2\/media?parent=31465"}],"wp:term":[{"taxonomy":"category","embeddable":true,"href":"https:\/\/justicapotiguar.com.br\/index.php\/wp-json\/wp\/v2\/categories?post=31465"},{"taxonomy":"post_tag","embeddable":true,"href":"https:\/\/justicapotiguar.com.br\/index.php\/wp-json\/wp\/v2\/tags?post=31465"}],"curies":[{"name":"wp","href":"https:\/\/api.w.org\/{rel}","templated":true}]}}