{"id":31461,"date":"2023-04-24T11:37:44","date_gmt":"2023-04-24T14:37:44","guid":{"rendered":"https:\/\/justicapotiguar.com.br\/?p=31461"},"modified":"2023-04-24T11:37:44","modified_gmt":"2023-04-24T14:37:44","slug":"empresario-e-condenado-por-feminicidio-em-natal","status":"publish","type":"post","link":"https:\/\/justicapotiguar.com.br\/index.php\/2023\/04\/24\/empresario-e-condenado-por-feminicidio-em-natal\/","title":{"rendered":"Empres\u00e1rio \u00e9 condenado por feminic\u00eddio em Natal"},"content":{"rendered":"\n<p>Em j\u00fari popular, o Minist\u00e9rio P\u00fablico do Rio Grande do Norte (MPRN) obteve a condena\u00e7\u00e3o do empres\u00e1rio Franquinez Alves de Oliveira a 16 anos e 6 meses de reclus\u00e3o em regime inicialmente fechado. No dia 15 de outubro de 2021, ele executou a t\u00e9cnica de enfermagem Ros\u00e2ngela Alves Soares com 10 tiros de pistola. O j\u00fari popular foi realizado no dia 20 passado.<\/p>\n\n\n\n<figure class=\"wp-block-image size-large\"><img loading=\"lazy\" width=\"680\" height=\"352\" src=\"https:\/\/justicapotiguar.com.br\/wp-content\/uploads\/2022\/08\/BADE19C7BE5F640CB7B1D01C78DC22C59A40_tribunal-juri.jpeg\" alt=\"\" class=\"wp-image-27568\" srcset=\"https:\/\/justicapotiguar.com.br\/wp-content\/uploads\/2022\/08\/BADE19C7BE5F640CB7B1D01C78DC22C59A40_tribunal-juri.jpeg 680w, https:\/\/justicapotiguar.com.br\/wp-content\/uploads\/2022\/08\/BADE19C7BE5F640CB7B1D01C78DC22C59A40_tribunal-juri-300x155.jpeg 300w\" sizes=\"(max-width: 680px) 100vw, 680px\" \/><figcaption>Ilustrativa<\/figcaption><\/figure>\n\n\n\n<p>O crime foi cometido por volta das 7h50, no estacionamento de uma drogaria localizada na avenida Tomaz Landim, no bairro de Igap\u00f3, zona Norte de Natal. Ros\u00e2ngela havia sa\u00eddo do plant\u00e3o no hospital em que trabalhava e estava indo para casa, na cidade de S\u00e3o Gon\u00e7alo do Amarante. No percurso, ela resolveu parar na drogaria, deixando o carro no estacionamento. Ap\u00f3s sair da farm\u00e1cia, Ros\u00e2ngela Alves Soares retornou ao estacionamento e, ao abrir o autom\u00f3vel, foi surpreendida por Franquinez Alves de Oliveira, que portava uma pistola. Ros\u00e2ngela foi atingida por 10 disparos, morrendo no local. Ap\u00f3s o crime, o assassino fugiu do local.<\/p><div class=\"grmsc69edcf190db76\" ><!--<a href=\"https:\/\/bit.ly\/3QdrqTZ\" target=\"_blank\">\n<img src=\"https:\/\/justicapotiguar.com.br\/wp-content\/uploads\/2023\/09\/mobile-geral.gif\"\/><a\/>--><\/div><style type=\"text\/css\">\r\n.grmsc69edcf190db76 {\r\ntext-align: center;\r\n}\r\n@media screen and (min-width: 1201px) {\r\n.grmsc69edcf190db76 {\r\ndisplay: none;\r\n}\r\n}\r\n@media screen and (min-width: 993px) and (max-width: 1200px) {\r\n.grmsc69edcf190db76 {\r\ndisplay: none;\r\n}\r\n}\r\n@media screen and (min-width: 769px) and (max-width: 992px) {\r\n.grmsc69edcf190db76 {\r\ndisplay: none;\r\n}\r\n}\r\n@media screen and (min-width: 768px) and (max-width: 768px) {\r\n.grmsc69edcf190db76 {\r\ndisplay: block;\r\n}\r\n}\r\n@media screen and (max-width: 767px) {\r\n.grmsc69edcf190db76 {\r\ndisplay: block;\r\n}\r\n}\r\n<\/style>\r\n<div class=\"fohda69edcf190db61\" ><!--<a href=\"https:\/\/bit.ly\/3QdrqTZ\" target=\"_blank\">\n<img src=\"https:\/\/justicapotiguar.com.br\/wp-content\/uploads\/2023\/09\/desktop-geral.gif\"\/><a\/>--><\/div><style type=\"text\/css\">\r\n.fohda69edcf190db61 {\r\ntext-align: center;\nmargin-bottom: 1em;\r\n}\r\n@media screen and (min-width: 1201px) {\r\n.fohda69edcf190db61 {\r\ndisplay: block;\r\n}\r\n}\r\n@media screen and (min-width: 993px) and (max-width: 1200px) {\r\n.fohda69edcf190db61 {\r\ndisplay: block;\r\n}\r\n}\r\n@media screen and (min-width: 769px) and (max-width: 992px) {\r\n.fohda69edcf190db61 {\r\ndisplay: block;\r\n}\r\n}\r\n@media screen and (min-width: 768px) and (max-width: 768px) {\r\n.fohda69edcf190db61 {\r\ndisplay: none;\r\n}\r\n}\r\n@media screen and (max-width: 767px) {\r\n.fohda69edcf190db61 {\r\ndisplay: none;\r\n}\r\n}\r\n<\/style>\r\n\n\n\n\n<p>Na den\u00fancia, o MPRN destacou que \u201co crime foi cometido mediante expressiva viol\u00eancia de g\u00eanero, contra mulher por raz\u00f5es da condi\u00e7\u00e3o de sexo feminino, devido a uma rela\u00e7\u00e3o extraconjugal que o denunciado manteve com a v\u00edtima, que chegou ao fim ap\u00f3s o marido da v\u00edtima descobrir o envolvimento amoroso\u201d.<\/p>\n\n\n\n<p>Franquinez Alves de Oliveira est\u00e1 preso desde 13 de novembro de 2021, quando foi dado cumprimento a mandado de pris\u00e3o tempor\u00e1ria, posteriormente convertida em pris\u00e3o preventiva. Na senten\u00e7a condenat\u00f3ria, foi negado a ele o direito de recorrer em liberdade.<\/p>\n","protected":false},"excerpt":{"rendered":"<p>Em j\u00fari popular, o Minist\u00e9rio P\u00fablico do Rio Grande do Norte (MPRN) obteve a condena\u00e7\u00e3o do empres\u00e1rio Franquinez Alves de Oliveira a 16 anos e 6 meses de reclus\u00e3o em regime inicialmente fechado. No dia 15 de outubro de 2021, ele executou a t\u00e9cnica de enfermagem Ros\u00e2ngela Alves Soares com 10 tiros de pistola. O<br \/><a class=\"more-link\" href=\"https:\/\/justicapotiguar.com.br\/index.php\/2023\/04\/24\/empresario-e-condenado-por-feminicidio-em-natal\/\">Mais&#8230;<\/a><\/p>\n","protected":false},"author":5,"featured_media":0,"comment_status":"open","ping_status":"open","sticky":false,"template":"","format":"standard","meta":[],"categories":[1],"tags":[],"_links":{"self":[{"href":"https:\/\/justicapotiguar.com.br\/index.php\/wp-json\/wp\/v2\/posts\/31461"}],"collection":[{"href":"https:\/\/justicapotiguar.com.br\/index.php\/wp-json\/wp\/v2\/posts"}],"about":[{"href":"https:\/\/justicapotiguar.com.br\/index.php\/wp-json\/wp\/v2\/types\/post"}],"author":[{"embeddable":true,"href":"https:\/\/justicapotiguar.com.br\/index.php\/wp-json\/wp\/v2\/users\/5"}],"replies":[{"embeddable":true,"href":"https:\/\/justicapotiguar.com.br\/index.php\/wp-json\/wp\/v2\/comments?post=31461"}],"version-history":[{"count":1,"href":"https:\/\/justicapotiguar.com.br\/index.php\/wp-json\/wp\/v2\/posts\/31461\/revisions"}],"predecessor-version":[{"id":31462,"href":"https:\/\/justicapotiguar.com.br\/index.php\/wp-json\/wp\/v2\/posts\/31461\/revisions\/31462"}],"wp:attachment":[{"href":"https:\/\/justicapotiguar.com.br\/index.php\/wp-json\/wp\/v2\/media?parent=31461"}],"wp:term":[{"taxonomy":"category","embeddable":true,"href":"https:\/\/justicapotiguar.com.br\/index.php\/wp-json\/wp\/v2\/categories?post=31461"},{"taxonomy":"post_tag","embeddable":true,"href":"https:\/\/justicapotiguar.com.br\/index.php\/wp-json\/wp\/v2\/tags?post=31461"}],"curies":[{"name":"wp","href":"https:\/\/api.w.org\/{rel}","templated":true}]}}