{"id":31398,"date":"2023-04-18T14:28:19","date_gmt":"2023-04-18T17:28:19","guid":{"rendered":"https:\/\/justicapotiguar.com.br\/?p=31398"},"modified":"2023-04-18T14:28:19","modified_gmt":"2023-04-18T17:28:19","slug":"tjrn-adotara-sistema-pje-para-o-processamento-de-precatorios-a-partir-de-1o-de-maio","status":"publish","type":"post","link":"https:\/\/justicapotiguar.com.br\/index.php\/2023\/04\/18\/tjrn-adotara-sistema-pje-para-o-processamento-de-precatorios-a-partir-de-1o-de-maio\/","title":{"rendered":"TJRN adotar\u00e1 sistema PJe para o processamento de precat\u00f3rios a partir de 1\u00ba de maio"},"content":{"rendered":"\n<p>A partir de 1\u00ba de maio de 2023 o Processo Judicial Eletr\u00f4nico (PJe) ser\u00e1 o sistema utilizado pelo Tribunal de Justi\u00e7a do RN para o processamento dos precat\u00f3rios apresentados \u00e0 institui\u00e7\u00e3o. A determina\u00e7\u00e3o consta da Portaria Conjunta n\u00ba 18\/2023, a qual tamb\u00e9m determinou a digitaliza\u00e7\u00e3o do acervo preexistente da Divis\u00e3o de Precat\u00f3rios at\u00e9 o dia 31 de julho.<\/p>\n\n\n\n<figure class=\"wp-block-image size-large\"><img loading=\"lazy\" width=\"1000\" height=\"598\" src=\"https:\/\/justicapotiguar.com.br\/wp-content\/uploads\/2019\/10\/pje-office.png\" alt=\"\" class=\"wp-image-2880\" srcset=\"https:\/\/justicapotiguar.com.br\/wp-content\/uploads\/2019\/10\/pje-office.png 1000w, https:\/\/justicapotiguar.com.br\/wp-content\/uploads\/2019\/10\/pje-office-300x179.png 300w, https:\/\/justicapotiguar.com.br\/wp-content\/uploads\/2019\/10\/pje-office-768x459.png 768w\" sizes=\"(max-width: 1000px) 100vw, 1000px\" \/><figcaption>Ilusy<\/figcaption><\/figure>\n\n\n\n<p>O juiz auxiliar da Presid\u00eancia do TJRN, Diego Cabral, respons\u00e1vel pela Divis\u00e3o de Precat\u00f3rios, ressalta que a ado\u00e7\u00e3o do PJe \u00e9 a concretiza\u00e7\u00e3o de uma das diretrizes que foi tra\u00e7ada pelo presidente do Tribunal, desembargador Am\u00edlcar Maia, para o bi\u00eanio 2023-2024 e que consiste em consolidar a transforma\u00e7\u00e3o digital pela qual vem passando a Divis\u00e3o de Precat\u00f3rios.<\/p>\n\n\n\n<p>A medida considera que a ado\u00e7\u00e3o de sistema eletr\u00f4nico para precat\u00f3rios facilitar\u00e1 a intera\u00e7\u00e3o dos usu\u00e1rios, permitindo a pr\u00e1tica de atos sob a forma digital e remotamente. \u201cCom a utiliza\u00e7\u00e3o do PJe para o processamento dos precat\u00f3rios, as partes envolvidas &#8211; advogados, credores e entes devedores &#8211; poder\u00e3o ter acesso a uma plataforma intuitiva e amig\u00e1vel que facilitar\u00e1 o protocolo de peti\u00e7\u00f5es e a ci\u00eancia dos atos praticados, pois essas partes poder\u00e3o consultar os precat\u00f3rios eletronicamente\u201d, destaca Diego Cabral.<\/p>\n\n\n\n<p>Conforme a Portaria, o atual sistema de gerenciamento de precat\u00f3rios (SIGPRE) n\u00e3o ser\u00e1 descontinuado, devendo ser compartilhadas as informa\u00e7\u00f5es com o PJe. \u201cEle [SIGPRE] continuar\u00e1, pois haver\u00e1 outras funcionalidades que n\u00e3o poder\u00e3o ser realizadas pelo PJe, como a organiza\u00e7\u00e3o das listas e a realiza\u00e7\u00e3o dos c\u00e1lculos\u201d, explica o juiz.<\/p><div class=\"hmvkj69f2006a8f21e\" ><!--<a href=\"https:\/\/bit.ly\/3QdrqTZ\" target=\"_blank\">\n<img src=\"https:\/\/justicapotiguar.com.br\/wp-content\/uploads\/2023\/09\/mobile-geral.gif\"\/><a\/>--><\/div><style type=\"text\/css\">\r\n.hmvkj69f2006a8f21e {\r\ntext-align: center;\r\n}\r\n@media screen and (min-width: 1201px) {\r\n.hmvkj69f2006a8f21e {\r\ndisplay: none;\r\n}\r\n}\r\n@media screen and (min-width: 993px) and (max-width: 1200px) {\r\n.hmvkj69f2006a8f21e {\r\ndisplay: none;\r\n}\r\n}\r\n@media screen and (min-width: 769px) and (max-width: 992px) {\r\n.hmvkj69f2006a8f21e {\r\ndisplay: none;\r\n}\r\n}\r\n@media screen and (min-width: 768px) and (max-width: 768px) {\r\n.hmvkj69f2006a8f21e {\r\ndisplay: block;\r\n}\r\n}\r\n@media screen and (max-width: 767px) {\r\n.hmvkj69f2006a8f21e {\r\ndisplay: block;\r\n}\r\n}\r\n<\/style>\r\n<div class=\"evesp69f2006a8f206\" ><!--<a href=\"https:\/\/bit.ly\/3QdrqTZ\" target=\"_blank\">\n<img src=\"https:\/\/justicapotiguar.com.br\/wp-content\/uploads\/2023\/09\/desktop-geral.gif\"\/><a\/>--><\/div><style type=\"text\/css\">\r\n.evesp69f2006a8f206 {\r\ntext-align: center;\nmargin-bottom: 1em;\r\n}\r\n@media screen and (min-width: 1201px) {\r\n.evesp69f2006a8f206 {\r\ndisplay: block;\r\n}\r\n}\r\n@media screen and (min-width: 993px) and (max-width: 1200px) {\r\n.evesp69f2006a8f206 {\r\ndisplay: block;\r\n}\r\n}\r\n@media screen and (min-width: 769px) and (max-width: 992px) {\r\n.evesp69f2006a8f206 {\r\ndisplay: block;\r\n}\r\n}\r\n@media screen and (min-width: 768px) and (max-width: 768px) {\r\n.evesp69f2006a8f206 {\r\ndisplay: none;\r\n}\r\n}\r\n@media screen and (max-width: 767px) {\r\n.evesp69f2006a8f206 {\r\ndisplay: none;\r\n}\r\n}\r\n<\/style>\r\n\n\n\n\n<p>Ser\u00e3o migrados para o PJe os precat\u00f3rios autuados no SIGPRE, recebendo numera\u00e7\u00e3o \u00fanica individualizada, na forma Resolu\u00e7\u00e3o do CNJ n\u00ba 65\/2008 e indicando, no campo \u201cProcesso Refer\u00eancia\u201d do PJe, o n\u00famero administrativo do precat\u00f3rio no SIGPRE.<\/p>\n\n\n\n<p>A portaria conjunta ainda disp\u00f5e que os precat\u00f3rios tramitar\u00e3o em segredo de justi\u00e7a e n\u00e3o ser\u00e3o inseridos no PJe os procedimentos arquivados e os finalizados.<\/p>\n\n\n\n<p>Al\u00e9m disso, os alvar\u00e1s de pagamento continuar\u00e3o sendo elaborados exclusivamente por meio do Sistema de Controle de Dep\u00f3sitos Judiciais (SISCONDJ), conforme previsto na Portaria Conjunta n\u00ba 47\/2022.<\/p>\n","protected":false},"excerpt":{"rendered":"<p>A partir de 1\u00ba de maio de 2023 o Processo Judicial Eletr\u00f4nico (PJe) ser\u00e1 o sistema utilizado pelo Tribunal de Justi\u00e7a do RN para o processamento dos precat\u00f3rios apresentados \u00e0 institui\u00e7\u00e3o. A determina\u00e7\u00e3o consta da Portaria Conjunta n\u00ba 18\/2023, a qual tamb\u00e9m determinou a digitaliza\u00e7\u00e3o do acervo preexistente da Divis\u00e3o de Precat\u00f3rios at\u00e9 o dia<br \/><a class=\"more-link\" href=\"https:\/\/justicapotiguar.com.br\/index.php\/2023\/04\/18\/tjrn-adotara-sistema-pje-para-o-processamento-de-precatorios-a-partir-de-1o-de-maio\/\">Mais&#8230;<\/a><\/p>\n","protected":false},"author":5,"featured_media":0,"comment_status":"open","ping_status":"open","sticky":false,"template":"","format":"standard","meta":[],"categories":[1],"tags":[],"_links":{"self":[{"href":"https:\/\/justicapotiguar.com.br\/index.php\/wp-json\/wp\/v2\/posts\/31398"}],"collection":[{"href":"https:\/\/justicapotiguar.com.br\/index.php\/wp-json\/wp\/v2\/posts"}],"about":[{"href":"https:\/\/justicapotiguar.com.br\/index.php\/wp-json\/wp\/v2\/types\/post"}],"author":[{"embeddable":true,"href":"https:\/\/justicapotiguar.com.br\/index.php\/wp-json\/wp\/v2\/users\/5"}],"replies":[{"embeddable":true,"href":"https:\/\/justicapotiguar.com.br\/index.php\/wp-json\/wp\/v2\/comments?post=31398"}],"version-history":[{"count":1,"href":"https:\/\/justicapotiguar.com.br\/index.php\/wp-json\/wp\/v2\/posts\/31398\/revisions"}],"predecessor-version":[{"id":31399,"href":"https:\/\/justicapotiguar.com.br\/index.php\/wp-json\/wp\/v2\/posts\/31398\/revisions\/31399"}],"wp:attachment":[{"href":"https:\/\/justicapotiguar.com.br\/index.php\/wp-json\/wp\/v2\/media?parent=31398"}],"wp:term":[{"taxonomy":"category","embeddable":true,"href":"https:\/\/justicapotiguar.com.br\/index.php\/wp-json\/wp\/v2\/categories?post=31398"},{"taxonomy":"post_tag","embeddable":true,"href":"https:\/\/justicapotiguar.com.br\/index.php\/wp-json\/wp\/v2\/tags?post=31398"}],"curies":[{"name":"wp","href":"https:\/\/api.w.org\/{rel}","templated":true}]}}