{"id":31214,"date":"2023-04-04T15:42:36","date_gmt":"2023-04-04T18:42:36","guid":{"rendered":"https:\/\/justicapotiguar.com.br\/?p=31214"},"modified":"2023-04-04T15:42:36","modified_gmt":"2023-04-04T18:42:36","slug":"sentenca-estabelece-indenizacao-para-homem-atingido-por-bala-perdida-em-parnamirim","status":"publish","type":"post","link":"https:\/\/justicapotiguar.com.br\/index.php\/2023\/04\/04\/sentenca-estabelece-indenizacao-para-homem-atingido-por-bala-perdida-em-parnamirim\/","title":{"rendered":"Senten\u00e7a estabelece indeniza\u00e7\u00e3o para homem atingido por bala perdida, em Parnamirim"},"content":{"rendered":"\n<p>A 4\u00aa Vara da Fazenda P\u00fablica da Comarca de Natal determinou, por meio de senten\u00e7a, ao Estado do Rio Grande do Norte, o pagamento de indeniza\u00e7\u00e3o por danos morais no valor de R$ 25.000,00 para homem atingido por bala perdida em uma a\u00e7\u00e3o da Pol\u00edcia Militar no bairro de Passagem de Areia, em Parnamirim.<\/p>\n\n\n\n<figure class=\"wp-block-image size-large\"><img loading=\"lazy\" width=\"680\" height=\"425\" src=\"https:\/\/justicapotiguar.com.br\/wp-content\/uploads\/2019\/08\/armas-1.jpg\" alt=\"\" class=\"wp-image-467\" srcset=\"https:\/\/justicapotiguar.com.br\/wp-content\/uploads\/2019\/08\/armas-1.jpg 680w, https:\/\/justicapotiguar.com.br\/wp-content\/uploads\/2019\/08\/armas-1-300x188.jpg 300w\" sizes=\"(max-width: 680px) 100vw, 680px\" \/><figcaption>Reprodu\u00e7\u00e3o<\/figcaption><\/figure>\n\n\n\n<p>Conforme consta no processo, sentenciado pela unidade judici\u00e1ria, em outubro de 2016, o demandante estava saindo de sua resid\u00eancia, por volta das 19 horas, quando uma viatura adentrou nas proximidades da casa em persegui\u00e7\u00e3o a uma motocicleta pilotada por um suspeito, que abandonou o ve\u00edculo e correu em dire\u00e7\u00e3o ao local em que estava o autor.<\/p>\n\n\n\n<p>Em seguida, \u201cpoliciais efetuaram disparos de arma de fogo a fim de alvejar o suspeito\u201d. Todavia, acidentalmente, \u201cos tiros atingiram o autor na regi\u00e3o do abd\u00f4men\u201d.<\/p>\n\n\n\n<p>Ao analisar o caso, o juiz Airton Pinheiro ressaltou inicialmente a import\u00e2ncia central do lit\u00edgio de averiguar \u201cse a Policial Militar utilizou de desproporcionalidade no evento em quest\u00e3o\u201d, tendo em vista que nesse tipo de situa\u00e7\u00e3o \u201co Estado do RN deve responsabilizar-se pela atua\u00e7\u00e3o de agentes p\u00fablicos que causem danos a terceiros\u201d.<\/p><div class=\"dlqox69f459784c57a\" ><!--<a href=\"https:\/\/bit.ly\/3QdrqTZ\" target=\"_blank\">\n<img src=\"https:\/\/justicapotiguar.com.br\/wp-content\/uploads\/2023\/09\/mobile-geral.gif\"\/><a\/>--><\/div><style type=\"text\/css\">\r\n.dlqox69f459784c57a {\r\ntext-align: center;\r\n}\r\n@media screen and (min-width: 1201px) {\r\n.dlqox69f459784c57a {\r\ndisplay: none;\r\n}\r\n}\r\n@media screen and (min-width: 993px) and (max-width: 1200px) {\r\n.dlqox69f459784c57a {\r\ndisplay: none;\r\n}\r\n}\r\n@media screen and (min-width: 769px) and (max-width: 992px) {\r\n.dlqox69f459784c57a {\r\ndisplay: none;\r\n}\r\n}\r\n@media screen and (min-width: 768px) and (max-width: 768px) {\r\n.dlqox69f459784c57a {\r\ndisplay: block;\r\n}\r\n}\r\n@media screen and (max-width: 767px) {\r\n.dlqox69f459784c57a {\r\ndisplay: block;\r\n}\r\n}\r\n<\/style>\r\n<div class=\"jgqhs69f459784c560\" ><!--<a href=\"https:\/\/bit.ly\/3QdrqTZ\" target=\"_blank\">\n<img src=\"https:\/\/justicapotiguar.com.br\/wp-content\/uploads\/2023\/09\/desktop-geral.gif\"\/><a\/>--><\/div><style type=\"text\/css\">\r\n.jgqhs69f459784c560 {\r\ntext-align: center;\nmargin-bottom: 1em;\r\n}\r\n@media screen and (min-width: 1201px) {\r\n.jgqhs69f459784c560 {\r\ndisplay: block;\r\n}\r\n}\r\n@media screen and (min-width: 993px) and (max-width: 1200px) {\r\n.jgqhs69f459784c560 {\r\ndisplay: block;\r\n}\r\n}\r\n@media screen and (min-width: 769px) and (max-width: 992px) {\r\n.jgqhs69f459784c560 {\r\ndisplay: block;\r\n}\r\n}\r\n@media screen and (min-width: 768px) and (max-width: 768px) {\r\n.jgqhs69f459784c560 {\r\ndisplay: none;\r\n}\r\n}\r\n@media screen and (max-width: 767px) {\r\n.jgqhs69f459784c560 {\r\ndisplay: none;\r\n}\r\n}\r\n<\/style>\r\n\n\n\n\n<p>Em seguida, na parte final da senten\u00e7a, ao fazer a fixa\u00e7\u00e3o da quantia indenizat\u00f3ria, o magistrado considerou que a indeniza\u00e7\u00e3o por dano moral \u201cn\u00e3o deve importar um enriquecimento sem causa do autor\u201d, mas tamb\u00e9m n\u00e3o pode ser \u00ednfimo, a ponto de deixar de atender ao car\u00e1ter preventivo e repressivo da medida aplicada.<\/p>\n\n\n\n<p>O magistrado tamb\u00e9m trouxe ao processo informa\u00e7\u00f5es do Centro Integrado de Opera\u00e7\u00f5es de Seguran\u00e7a P\u00fablica (CIOSP) e de testemunhas que confirmaram ter ocorrido \u201cuma persegui\u00e7\u00e3o entre a viatura e um homem em uma moto, e que um terceiro foi baleado, sendo depois socorrido para o hospital e ao centro cir\u00fargico\u201d.<\/p>\n\n\n\n<p>Nesse sentido, o julgador apontou que a responsabilidade civil do poder p\u00fablico tem previs\u00e3o estabelecida na Constitui\u00e7\u00e3o da Rep\u00fablica em seu artigo 37, inciso 6\u00ba, contendo o regramento para as pessoas jur\u00eddicas de direito p\u00fablico, as quais \u201cresponder\u00e3o pelos danos que seus agentes, nessa qualidade, causarem a terceiros, assegurado o direito de regresso contra o respons\u00e1vel nos casos de dolo ou culpa.\u201d<\/p>\n\n\n\n<p>E acrescentou que, dessa maneira, as obriga\u00e7\u00f5es da administra\u00e7\u00e3o p\u00fablica s\u00e3o determinadas \u201cde forma objetiva, ou seja, o dever de repara\u00e7\u00e3o depende apenas da exist\u00eancia de uma conduta, um dano e o nexo de causalidade entre ambos\u201d.<\/p>\n","protected":false},"excerpt":{"rendered":"<p>A 4\u00aa Vara da Fazenda P\u00fablica da Comarca de Natal determinou, por meio de senten\u00e7a, ao Estado do Rio Grande do Norte, o pagamento de indeniza\u00e7\u00e3o por danos morais no valor de R$ 25.000,00 para homem atingido por bala perdida em uma a\u00e7\u00e3o da Pol\u00edcia Militar no bairro de Passagem de Areia, em Parnamirim. Conforme<br \/><a class=\"more-link\" href=\"https:\/\/justicapotiguar.com.br\/index.php\/2023\/04\/04\/sentenca-estabelece-indenizacao-para-homem-atingido-por-bala-perdida-em-parnamirim\/\">Mais&#8230;<\/a><\/p>\n","protected":false},"author":5,"featured_media":0,"comment_status":"open","ping_status":"open","sticky":false,"template":"","format":"standard","meta":[],"categories":[1],"tags":[],"_links":{"self":[{"href":"https:\/\/justicapotiguar.com.br\/index.php\/wp-json\/wp\/v2\/posts\/31214"}],"collection":[{"href":"https:\/\/justicapotiguar.com.br\/index.php\/wp-json\/wp\/v2\/posts"}],"about":[{"href":"https:\/\/justicapotiguar.com.br\/index.php\/wp-json\/wp\/v2\/types\/post"}],"author":[{"embeddable":true,"href":"https:\/\/justicapotiguar.com.br\/index.php\/wp-json\/wp\/v2\/users\/5"}],"replies":[{"embeddable":true,"href":"https:\/\/justicapotiguar.com.br\/index.php\/wp-json\/wp\/v2\/comments?post=31214"}],"version-history":[{"count":1,"href":"https:\/\/justicapotiguar.com.br\/index.php\/wp-json\/wp\/v2\/posts\/31214\/revisions"}],"predecessor-version":[{"id":31215,"href":"https:\/\/justicapotiguar.com.br\/index.php\/wp-json\/wp\/v2\/posts\/31214\/revisions\/31215"}],"wp:attachment":[{"href":"https:\/\/justicapotiguar.com.br\/index.php\/wp-json\/wp\/v2\/media?parent=31214"}],"wp:term":[{"taxonomy":"category","embeddable":true,"href":"https:\/\/justicapotiguar.com.br\/index.php\/wp-json\/wp\/v2\/categories?post=31214"},{"taxonomy":"post_tag","embeddable":true,"href":"https:\/\/justicapotiguar.com.br\/index.php\/wp-json\/wp\/v2\/tags?post=31214"}],"curies":[{"name":"wp","href":"https:\/\/api.w.org\/{rel}","templated":true}]}}