{"id":30623,"date":"2023-02-26T07:15:00","date_gmt":"2023-02-26T10:15:00","guid":{"rendered":"https:\/\/justicapotiguar.com.br\/?p=30623"},"modified":"2023-02-25T22:16:36","modified_gmt":"2023-02-26T01:16:36","slug":"estado-deve-pagar-honorarios-advocaticios-a-defensoria-publica","status":"publish","type":"post","link":"https:\/\/justicapotiguar.com.br\/index.php\/2023\/02\/26\/estado-deve-pagar-honorarios-advocaticios-a-defensoria-publica\/","title":{"rendered":"Estado deve pagar honor\u00e1rios advocat\u00edcios \u00e0 Defensoria P\u00fablica"},"content":{"rendered":"\n<p>Embora a Defensoria P\u00fablica n\u00e3o detenha personalidade jur\u00eddica pr\u00f3pria, a jurisprud\u00eancia mais recente vem reconhecendo a possibilidade de condena\u00e7\u00e3o do ente p\u00fablico ao pagamento de honor\u00e1rios advocat\u00edcios \u00e0 institui\u00e7\u00e3o, por causa de sua autonomia financeira e or\u00e7amentaria.<\/p>\n\n\n\n<figure class=\"wp-block-image\"><img src=\"https:\/\/www.conjur.com.br\/img\/b\/dinheiro-moeda-cofrinho-divida-alimentos.jpeg\" alt=\"\"\/><figcaption><sup>Jcomp\/Freepik<\/sup>Estado deve pagar honor\u00e1rios advocat\u00edcios \u00e0 Defensoria P\u00fablica, decide TJ-SP<\/figcaption><\/figure>\n\n\n\n<p>Com esse entendimento, a&nbsp;2\u00aa Turma C\u00edvel do Tribunal de Justi\u00e7a de S\u00e3o Paulo manteve a condena\u00e7\u00e3o&nbsp;da Prefeitura de Mar\u00edlia e da Fazenda Estadual ao pagamento de honor\u00e1rios advocat\u00edcios \u00e0 Defensoria P\u00fablica em um processo de fornecimento de medicamentos&nbsp;que&nbsp;tramitou no Juizado Especial C\u00edvel da cidade.<\/p>\n\n\n\n<p>A a\u00e7\u00e3o foi movida por uma paciente&nbsp;representada pela Defensoria.&nbsp;A senten\u00e7a de primeiro grau acolheu o pedido para obrigar o poder p\u00fablico a fornecer os medicamentos. O recurso da Fazenda P\u00fablica foi negado pela Turma Recursal, que tamb\u00e9m determinou o pagamento de&nbsp;honor\u00e1rios \u00e0 Defensoria,&nbsp;fixados em 10% sobre o valor atualizado da causa.<\/p>\n\n\n\n<p>A Fazenda, ent\u00e3o, op\u00f4s embargos de declara\u00e7\u00e3o contra a ordem para arcar com os honor\u00e1rios. No entanto,&nbsp;os embargos foram rejeitados. O relator,&nbsp;juiz Heitor Moreira de Oliveira, afastou o&nbsp;argumento da Fazenda P\u00fablica de que os&nbsp;honor\u00e1rios n\u00e3o eram devidos, uma vez que a Defensoria \u00e9 um \u00f3rg\u00e3o do pr\u00f3prio Estado.<\/p><div class=\"jrfuc69edcf8fe0c41\" ><!--<a href=\"https:\/\/bit.ly\/3QdrqTZ\" target=\"_blank\">\n<img src=\"https:\/\/justicapotiguar.com.br\/wp-content\/uploads\/2023\/09\/mobile-geral.gif\"\/><a\/>--><\/div><style type=\"text\/css\">\r\n.jrfuc69edcf8fe0c41 {\r\ntext-align: center;\r\n}\r\n@media screen and (min-width: 1201px) {\r\n.jrfuc69edcf8fe0c41 {\r\ndisplay: none;\r\n}\r\n}\r\n@media screen and (min-width: 993px) and (max-width: 1200px) {\r\n.jrfuc69edcf8fe0c41 {\r\ndisplay: none;\r\n}\r\n}\r\n@media screen and (min-width: 769px) and (max-width: 992px) {\r\n.jrfuc69edcf8fe0c41 {\r\ndisplay: none;\r\n}\r\n}\r\n@media screen and (min-width: 768px) and (max-width: 768px) {\r\n.jrfuc69edcf8fe0c41 {\r\ndisplay: block;\r\n}\r\n}\r\n@media screen and (max-width: 767px) {\r\n.jrfuc69edcf8fe0c41 {\r\ndisplay: block;\r\n}\r\n}\r\n<\/style>\r\n<div class=\"wpqvu69edcf8fe0c2d\" ><!--<a href=\"https:\/\/bit.ly\/3QdrqTZ\" target=\"_blank\">\n<img src=\"https:\/\/justicapotiguar.com.br\/wp-content\/uploads\/2023\/09\/desktop-geral.gif\"\/><a\/>--><\/div><style type=\"text\/css\">\r\n.wpqvu69edcf8fe0c2d {\r\ntext-align: center;\nmargin-bottom: 1em;\r\n}\r\n@media screen and (min-width: 1201px) {\r\n.wpqvu69edcf8fe0c2d {\r\ndisplay: block;\r\n}\r\n}\r\n@media screen and (min-width: 993px) and (max-width: 1200px) {\r\n.wpqvu69edcf8fe0c2d {\r\ndisplay: block;\r\n}\r\n}\r\n@media screen and (min-width: 769px) and (max-width: 992px) {\r\n.wpqvu69edcf8fe0c2d {\r\ndisplay: block;\r\n}\r\n}\r\n@media screen and (min-width: 768px) and (max-width: 768px) {\r\n.wpqvu69edcf8fe0c2d {\r\ndisplay: none;\r\n}\r\n}\r\n@media screen and (max-width: 767px) {\r\n.wpqvu69edcf8fe0c2d {\r\ndisplay: none;\r\n}\r\n}\r\n<\/style>\r\n\n\n\n\n<p>&#8220;O&nbsp;Supremo Tribunal Federal reputou constitucional e pass\u00edvel de reaprecia\u00e7\u00e3o a quest\u00e3o relativa ao pagamento de honor\u00e1rios sucumbenciais \u00e0 Defensoria P\u00fablica, quando em lit\u00edgio com ente p\u00fablico ao qual vinculada, ante a&nbsp;superveni\u00eancia das Emendas Constitucionais 74\/2013 e 80\/2014, que asseguraram autonomia administrativa ao \u00f3rg\u00e3o&#8221;, argumentou o relator.&nbsp;<\/p>\n\n\n\n<p>Al\u00e9m disso, conforme o magistrado, h\u00e1 precedentes do pr\u00f3prio TJ-SP reconhecendo a possibilidade de condena\u00e7\u00e3o do ente p\u00fablico ao pagamento de honor\u00e1rios \u00e0 Defensoria P\u00fablica, justamente em raz\u00e3o da autonomia administrativa do \u00f3rg\u00e3o conferida pela&nbsp;EC 80\/2014. A decis\u00e3o foi un\u00e2nime.<\/p>\n\n\n\n<p><strong>Clique\u00a0<a rel=\"noreferrer noopener\" href=\"https:\/\/www.conjur.com.br\/dl\/honorarios-defensoria-publica.pdf\" target=\"_blank\">aqui<\/a>\u00a0para ler o ac\u00f3rd\u00e3o<br>Processo\u00a01019934-30.2021.8.26.0344\/50000<\/strong><\/p>\n\n\n\n<p>Conjur<\/p>\n","protected":false},"excerpt":{"rendered":"<p>Embora a Defensoria P\u00fablica n\u00e3o detenha personalidade jur\u00eddica pr\u00f3pria, a jurisprud\u00eancia mais recente vem reconhecendo a possibilidade de condena\u00e7\u00e3o do ente p\u00fablico ao pagamento de honor\u00e1rios advocat\u00edcios \u00e0 institui\u00e7\u00e3o, por causa de sua autonomia financeira e or\u00e7amentaria. Com esse entendimento, a&nbsp;2\u00aa Turma C\u00edvel do Tribunal de Justi\u00e7a de S\u00e3o Paulo manteve a condena\u00e7\u00e3o&nbsp;da Prefeitura de<br \/><a class=\"more-link\" href=\"https:\/\/justicapotiguar.com.br\/index.php\/2023\/02\/26\/estado-deve-pagar-honorarios-advocaticios-a-defensoria-publica\/\">Mais&#8230;<\/a><\/p>\n","protected":false},"author":5,"featured_media":0,"comment_status":"open","ping_status":"open","sticky":false,"template":"","format":"standard","meta":[],"categories":[1],"tags":[],"_links":{"self":[{"href":"https:\/\/justicapotiguar.com.br\/index.php\/wp-json\/wp\/v2\/posts\/30623"}],"collection":[{"href":"https:\/\/justicapotiguar.com.br\/index.php\/wp-json\/wp\/v2\/posts"}],"about":[{"href":"https:\/\/justicapotiguar.com.br\/index.php\/wp-json\/wp\/v2\/types\/post"}],"author":[{"embeddable":true,"href":"https:\/\/justicapotiguar.com.br\/index.php\/wp-json\/wp\/v2\/users\/5"}],"replies":[{"embeddable":true,"href":"https:\/\/justicapotiguar.com.br\/index.php\/wp-json\/wp\/v2\/comments?post=30623"}],"version-history":[{"count":1,"href":"https:\/\/justicapotiguar.com.br\/index.php\/wp-json\/wp\/v2\/posts\/30623\/revisions"}],"predecessor-version":[{"id":30624,"href":"https:\/\/justicapotiguar.com.br\/index.php\/wp-json\/wp\/v2\/posts\/30623\/revisions\/30624"}],"wp:attachment":[{"href":"https:\/\/justicapotiguar.com.br\/index.php\/wp-json\/wp\/v2\/media?parent=30623"}],"wp:term":[{"taxonomy":"category","embeddable":true,"href":"https:\/\/justicapotiguar.com.br\/index.php\/wp-json\/wp\/v2\/categories?post=30623"},{"taxonomy":"post_tag","embeddable":true,"href":"https:\/\/justicapotiguar.com.br\/index.php\/wp-json\/wp\/v2\/tags?post=30623"}],"curies":[{"name":"wp","href":"https:\/\/api.w.org\/{rel}","templated":true}]}}