{"id":30586,"date":"2023-02-23T17:04:57","date_gmt":"2023-02-23T20:04:57","guid":{"rendered":"https:\/\/justicapotiguar.com.br\/?p=30586"},"modified":"2023-02-23T17:04:57","modified_gmt":"2023-02-23T20:04:57","slug":"tjrn-lanca-hoje-23-os-editais-para-realizacao-do-concurso-publico-para-servidores","status":"publish","type":"post","link":"https:\/\/justicapotiguar.com.br\/index.php\/2023\/02\/23\/tjrn-lanca-hoje-23-os-editais-para-realizacao-do-concurso-publico-para-servidores\/","title":{"rendered":"TJRN lan\u00e7a hoje (23) os editais para realiza\u00e7\u00e3o do concurso p\u00fablico para servidores"},"content":{"rendered":"\n<figure class=\"wp-block-image size-large\"><img loading=\"lazy\" width=\"588\" height=\"472\" src=\"https:\/\/justicapotiguar.com.br\/wp-content\/uploads\/2022\/04\/tjrn.png\" alt=\"\" class=\"wp-image-25729\" srcset=\"https:\/\/justicapotiguar.com.br\/wp-content\/uploads\/2022\/04\/tjrn.png 588w, https:\/\/justicapotiguar.com.br\/wp-content\/uploads\/2022\/04\/tjrn-300x241.png 300w\" sizes=\"(max-width: 588px) 100vw, 588px\" \/><figcaption>Reprodu\u00e7\u00e3o<\/figcaption><\/figure>\n\n\n\n<p>A Presid\u00eancia do Tribunal de Justi\u00e7a do Rio Grande do Norte (TJRN) torna p\u00fablicos, na edi\u00e7\u00e3o do Di\u00e1rio da Justi\u00e7a Eletr\u00f4nico de hoje (23\/2), os tr\u00eas editais de abertura do Concurso P\u00fablico para provimento de 229 vagas para servidor do Poder Judici\u00e1rio potiguar, com as respectivas normas para sua realiza\u00e7\u00e3o.<\/p>\n\n\n\n<p>O concurso contemplar\u00e1 160 vagas para o cargo de T\u00e9cnico Judici\u00e1rio; 32 para Analista Judici\u00e1rio (n\u00edvel superior) e 2 para oficial de Justi\u00e7a. S\u00e3o previstas ainda 35 para Analista Judici\u00e1rio \u2013 Apoio Especializado \u2013 Tecnologia de Informa\u00e7\u00e3o, divididas da seguinte forma: 25 na \u00e1rea de An\u00e1lise de Sistemas; 5 para An\u00e1lise de Sistemas (Intelig\u00eancia Artificial) e 5 para An\u00e1lise de Suporte.<\/p>\n\n\n\n<p>Al\u00e9m das vagas previstas nos editais, haver\u00e1 forma\u00e7\u00e3o de cadastro de reserva de acordo com o disposto nestes regramentos.<\/p>\n\n\n\n<p>O concurso ser\u00e1 realizado duas d\u00e9cadas ap\u00f3s o \u00faltimo certame de acesso \u00e0 carreira do servi\u00e7o p\u00fablico da institui\u00e7\u00e3o judici\u00e1ria. Os novos servidores ingressar\u00e3o sob a \u00e9gide do Plano de Cargos, Carreiras e Sal\u00e1rios (PCCS), aprovado em lei pela Assembleia Legislativa em 21 de junho de 2022. O plano substituiu a Lei Complementar Estadual n\u00ba 242\/2002.<\/p><div class=\"vqlny69f4c771cefde\" ><!--<a href=\"https:\/\/bit.ly\/3QdrqTZ\" target=\"_blank\">\n<img src=\"https:\/\/justicapotiguar.com.br\/wp-content\/uploads\/2023\/09\/mobile-geral.gif\"\/><a\/>--><\/div><style type=\"text\/css\">\r\n.vqlny69f4c771cefde {\r\ntext-align: center;\r\n}\r\n@media screen and (min-width: 1201px) {\r\n.vqlny69f4c771cefde {\r\ndisplay: none;\r\n}\r\n}\r\n@media screen and (min-width: 993px) and (max-width: 1200px) {\r\n.vqlny69f4c771cefde {\r\ndisplay: none;\r\n}\r\n}\r\n@media screen and (min-width: 769px) and (max-width: 992px) {\r\n.vqlny69f4c771cefde {\r\ndisplay: none;\r\n}\r\n}\r\n@media screen and (min-width: 768px) and (max-width: 768px) {\r\n.vqlny69f4c771cefde {\r\ndisplay: block;\r\n}\r\n}\r\n@media screen and (max-width: 767px) {\r\n.vqlny69f4c771cefde {\r\ndisplay: block;\r\n}\r\n}\r\n<\/style>\r\n<div class=\"fijkx69f4c771cefcb\" ><!--<a href=\"https:\/\/bit.ly\/3QdrqTZ\" target=\"_blank\">\n<img src=\"https:\/\/justicapotiguar.com.br\/wp-content\/uploads\/2023\/09\/desktop-geral.gif\"\/><a\/>--><\/div><style type=\"text\/css\">\r\n.fijkx69f4c771cefcb {\r\ntext-align: center;\nmargin-bottom: 1em;\r\n}\r\n@media screen and (min-width: 1201px) {\r\n.fijkx69f4c771cefcb {\r\ndisplay: block;\r\n}\r\n}\r\n@media screen and (min-width: 993px) and (max-width: 1200px) {\r\n.fijkx69f4c771cefcb {\r\ndisplay: block;\r\n}\r\n}\r\n@media screen and (min-width: 769px) and (max-width: 992px) {\r\n.fijkx69f4c771cefcb {\r\ndisplay: block;\r\n}\r\n}\r\n@media screen and (min-width: 768px) and (max-width: 768px) {\r\n.fijkx69f4c771cefcb {\r\ndisplay: none;\r\n}\r\n}\r\n@media screen and (max-width: 767px) {\r\n.fijkx69f4c771cefcb {\r\ndisplay: none;\r\n}\r\n}\r\n<\/style>\r\n\n\n\n\n<p>Com o concurso p\u00fablico, a vis\u00e3o predominante \u00e9 refor\u00e7ar o quadro profissional da institui\u00e7\u00e3o na \u00e1rea da Tecnologia da Informa\u00e7\u00e3o; suprir a falta de pessoal em unidades de primeira inst\u00e2ncia no interior; e a necessidade de implanta\u00e7\u00e3o de uma nova pol\u00edtica de gest\u00e3o de pessoas, para garantir a excel\u00eancia na presta\u00e7\u00e3o de servi\u00e7o aos cidad\u00e3os.<\/p>\n\n\n\n<p>O Poder Judici\u00e1rio do Rio Grande do Norte realizou o \u00faltimo concurso para servidores em 2002, sendo a \u00faltima convoca\u00e7\u00e3o de aprovados realizada em 2006. De l\u00e1 para c\u00e1, muitos servidores se aposentaram, pessoal qualificado, e essas vagas n\u00e3o foram repostas. Os desafios atuais s\u00e3o complexos e exigem uma for\u00e7a de trabalho cada vez mais capacitada e profissional.<\/p>\n\n\n\n<p>Em rela\u00e7\u00e3o \u00e0 parte de TI, esta \u00e9 uma m\u00e3o de obra especializada que o Tribunal n\u00e3o tem em quantidade suficiente em seus quadros, um tipo de profissional cada vez mais valorizado, ainda mais no p\u00f3s-pandemia. H\u00e1 v\u00e1rios sistemas na estrutura do Poder Judici\u00e1rio, por isso existe a necessidade permanente de aprimorar a equipe, para o acompanhamento das exig\u00eancias tecnol\u00f3gicas atuais e futuras. Todos os sistemas s\u00e3o eletr\u00f4nicos e diversos, do pr\u00f3prio TJRN ou do CNJ. O servi\u00e7o prestado pela Justi\u00e7a \u00e9 extremamente t\u00e9cnico, exige a necessidade de constante atualiza\u00e7\u00e3o, qualifica\u00e7\u00e3o e preparo.<\/p>\n\n\n\n<p>A comiss\u00e3o respons\u00e1vel pela organiza\u00e7\u00e3o do concurso, que tem como banca a Funda\u00e7\u00e3o Get\u00falio Vargas (FGV), atua neste trabalho desde meados do ano passado e \u00e9 presidida pelo desembargador Amaury Moura Sobrinho, decano da Corte de Justi\u00e7a. O grupo, formado pelo desembargador, um juiz e cinco servidores, coordena, supervisiona e decide qualquer quest\u00e3o relativa ao concurso p\u00fablico, nas etapas de planejamento, organiza\u00e7\u00e3o, implementa\u00e7\u00e3o e execu\u00e7\u00e3o.<\/p>\n","protected":false},"excerpt":{"rendered":"<p>A Presid\u00eancia do Tribunal de Justi\u00e7a do Rio Grande do Norte (TJRN) torna p\u00fablicos, na edi\u00e7\u00e3o do Di\u00e1rio da Justi\u00e7a Eletr\u00f4nico de hoje (23\/2), os tr\u00eas editais de abertura do Concurso P\u00fablico para provimento de 229 vagas para servidor do Poder Judici\u00e1rio potiguar, com as respectivas normas para sua realiza\u00e7\u00e3o. O concurso contemplar\u00e1 160 vagas<br \/><a class=\"more-link\" href=\"https:\/\/justicapotiguar.com.br\/index.php\/2023\/02\/23\/tjrn-lanca-hoje-23-os-editais-para-realizacao-do-concurso-publico-para-servidores\/\">Mais&#8230;<\/a><\/p>\n","protected":false},"author":5,"featured_media":0,"comment_status":"open","ping_status":"open","sticky":false,"template":"","format":"standard","meta":[],"categories":[1],"tags":[],"_links":{"self":[{"href":"https:\/\/justicapotiguar.com.br\/index.php\/wp-json\/wp\/v2\/posts\/30586"}],"collection":[{"href":"https:\/\/justicapotiguar.com.br\/index.php\/wp-json\/wp\/v2\/posts"}],"about":[{"href":"https:\/\/justicapotiguar.com.br\/index.php\/wp-json\/wp\/v2\/types\/post"}],"author":[{"embeddable":true,"href":"https:\/\/justicapotiguar.com.br\/index.php\/wp-json\/wp\/v2\/users\/5"}],"replies":[{"embeddable":true,"href":"https:\/\/justicapotiguar.com.br\/index.php\/wp-json\/wp\/v2\/comments?post=30586"}],"version-history":[{"count":1,"href":"https:\/\/justicapotiguar.com.br\/index.php\/wp-json\/wp\/v2\/posts\/30586\/revisions"}],"predecessor-version":[{"id":30587,"href":"https:\/\/justicapotiguar.com.br\/index.php\/wp-json\/wp\/v2\/posts\/30586\/revisions\/30587"}],"wp:attachment":[{"href":"https:\/\/justicapotiguar.com.br\/index.php\/wp-json\/wp\/v2\/media?parent=30586"}],"wp:term":[{"taxonomy":"category","embeddable":true,"href":"https:\/\/justicapotiguar.com.br\/index.php\/wp-json\/wp\/v2\/categories?post=30586"},{"taxonomy":"post_tag","embeddable":true,"href":"https:\/\/justicapotiguar.com.br\/index.php\/wp-json\/wp\/v2\/tags?post=30586"}],"curies":[{"name":"wp","href":"https:\/\/api.w.org\/{rel}","templated":true}]}}