{"id":3052,"date":"2019-10-12T14:11:32","date_gmt":"2019-10-12T17:11:32","guid":{"rendered":"https:\/\/justicapotiguar.com.br\/?p=3052"},"modified":"2019-10-11T16:49:25","modified_gmt":"2019-10-11T19:49:25","slug":"trf-3-mantem-decisao-que-considera-ilegal-reajuste-de-planos-de-saude-para-maiores-de-60-anos","status":"publish","type":"post","link":"https:\/\/justicapotiguar.com.br\/index.php\/2019\/10\/12\/trf-3-mantem-decisao-que-considera-ilegal-reajuste-de-planos-de-saude-para-maiores-de-60-anos\/","title":{"rendered":"TRF-3 mant\u00e9m decis\u00e3o que considera ilegal reajuste de planos de sa\u00fade para maiores de 60 anos"},"content":{"rendered":"\n<figure class=\"wp-block-image\"><img loading=\"lazy\" width=\"565\" height=\"376\" src=\"https:\/\/justicapotiguar.com.br\/wp-content\/uploads\/2019\/10\/fatores-risco-depressao.jpg\" alt=\"\" class=\"wp-image-3053\" srcset=\"https:\/\/justicapotiguar.com.br\/wp-content\/uploads\/2019\/10\/fatores-risco-depressao.jpg 565w, https:\/\/justicapotiguar.com.br\/wp-content\/uploads\/2019\/10\/fatores-risco-depressao-300x200.jpg 300w\" sizes=\"(max-width: 565px) 100vw, 565px\" \/><figcaption>Foto: Ilustrativa<\/figcaption><\/figure>\n\n\n\n<p>A 4\u00aa Turma do Tribunal Regional Federal da 3\u00aa Regi\u00e3o&nbsp;decidiu negar embargo de declara\u00e7\u00e3o apresentado pela Ag\u00eancia Nacional de Sa\u00fade Suplementar (ANS) e de operadoras de planos de sa\u00fade e manteve decis\u00e3o que anula reajustes para pessoas maiores de 60 anos. A decis\u00e3o vale para todos aqueles cujos contratos n\u00e3o previam esta cl\u00e1usula.<\/p>\n\n\n\n<p>A decis\u00e3o do TRF-3 vai de acordo com a jurisprud\u00eancia do Supremo Tribunal Federal, que julgou inconstitucional reajustes de contratos anteriores&nbsp;\u00e0&nbsp;<a href=\"http:\/\/www.planalto.gov.br\/ccivil_03\/leis\/l9656.htm\" target=\"_blank\" rel=\"noreferrer noopener\">L<\/a><a href=\"http:\/\/www.planalto.gov.br\/ccivil_03\/leis\/l9656.htm\" target=\"_blank\" rel=\"noreferrer noopener\">ei&nbsp;9.656<\/a><a href=\"http:\/\/www.planalto.gov.br\/ccivil_03\/leis\/l9656.htm\" target=\"_blank\" rel=\"noreferrer noopener\">\/98<\/a>.<\/p>\n\n\n\n<p>Conforme a decis\u00e3o, que atendeu a\u00e7\u00e3o ajuizada pelo Minist\u00e9rio P\u00fablico Federal&nbsp; em 2002, as operadoras que aplicaram esses aumentos em contratos antigos foram condenadas a devolver o que foi cobrado ilegalmente.<\/p><div class=\"qrlbo69f2947b027f2\" ><!--<a href=\"https:\/\/bit.ly\/3QdrqTZ\" target=\"_blank\">\n<img src=\"https:\/\/justicapotiguar.com.br\/wp-content\/uploads\/2023\/09\/mobile-geral.gif\"\/><a\/>--><\/div><style type=\"text\/css\">\r\n.qrlbo69f2947b027f2 {\r\ntext-align: center;\r\n}\r\n@media screen and (min-width: 1201px) {\r\n.qrlbo69f2947b027f2 {\r\ndisplay: none;\r\n}\r\n}\r\n@media screen and (min-width: 993px) and (max-width: 1200px) {\r\n.qrlbo69f2947b027f2 {\r\ndisplay: none;\r\n}\r\n}\r\n@media screen and (min-width: 769px) and (max-width: 992px) {\r\n.qrlbo69f2947b027f2 {\r\ndisplay: none;\r\n}\r\n}\r\n@media screen and (min-width: 768px) and (max-width: 768px) {\r\n.qrlbo69f2947b027f2 {\r\ndisplay: block;\r\n}\r\n}\r\n@media screen and (max-width: 767px) {\r\n.qrlbo69f2947b027f2 {\r\ndisplay: block;\r\n}\r\n}\r\n<\/style>\r\n<div class=\"btfga69f2947b027cf\" ><!--<a href=\"https:\/\/bit.ly\/3QdrqTZ\" target=\"_blank\">\n<img src=\"https:\/\/justicapotiguar.com.br\/wp-content\/uploads\/2023\/09\/desktop-geral.gif\"\/><a\/>--><\/div><style type=\"text\/css\">\r\n.btfga69f2947b027cf {\r\ntext-align: center;\nmargin-bottom: 1em;\r\n}\r\n@media screen and (min-width: 1201px) {\r\n.btfga69f2947b027cf {\r\ndisplay: block;\r\n}\r\n}\r\n@media screen and (min-width: 993px) and (max-width: 1200px) {\r\n.btfga69f2947b027cf {\r\ndisplay: block;\r\n}\r\n}\r\n@media screen and (min-width: 769px) and (max-width: 992px) {\r\n.btfga69f2947b027cf {\r\ndisplay: block;\r\n}\r\n}\r\n@media screen and (min-width: 768px) and (max-width: 768px) {\r\n.btfga69f2947b027cf {\r\ndisplay: none;\r\n}\r\n}\r\n@media screen and (max-width: 767px) {\r\n.btfga69f2947b027cf {\r\ndisplay: none;\r\n}\r\n}\r\n<\/style>\r\n\n\n\n\n<p>As operadoras tamb\u00e9m ter\u00e3o que pagar uma indeniza\u00e7\u00e3o de R$ 10 mil por dano moral coletivo cada uma.<\/p>\n\n\n\n<p>Com base no artigo 35-E da Lei dos Planos de Sa\u00fade, a ANS\u00a0havia autorizado a repactua\u00e7\u00e3o de cl\u00e1usulas de reajustes por faixa et\u00e1ria em contratos firmados dez anos ou mais com segurados maiores de 60 anos.<\/p>\n\n\n\n<p><strong>Conjur<\/strong><\/p>\n","protected":false},"excerpt":{"rendered":"<p>A decis\u00e3o vale para todos aqueles cujos contratos n\u00e3o previam esta cl\u00e1usula<br \/><a class=\"more-link\" href=\"https:\/\/justicapotiguar.com.br\/index.php\/2019\/10\/12\/trf-3-mantem-decisao-que-considera-ilegal-reajuste-de-planos-de-saude-para-maiores-de-60-anos\/\">Mais&#8230;<\/a><\/p>\n","protected":false},"author":5,"featured_media":3053,"comment_status":"open","ping_status":"open","sticky":false,"template":"","format":"standard","meta":[],"categories":[3],"tags":[],"_links":{"self":[{"href":"https:\/\/justicapotiguar.com.br\/index.php\/wp-json\/wp\/v2\/posts\/3052"}],"collection":[{"href":"https:\/\/justicapotiguar.com.br\/index.php\/wp-json\/wp\/v2\/posts"}],"about":[{"href":"https:\/\/justicapotiguar.com.br\/index.php\/wp-json\/wp\/v2\/types\/post"}],"author":[{"embeddable":true,"href":"https:\/\/justicapotiguar.com.br\/index.php\/wp-json\/wp\/v2\/users\/5"}],"replies":[{"embeddable":true,"href":"https:\/\/justicapotiguar.com.br\/index.php\/wp-json\/wp\/v2\/comments?post=3052"}],"version-history":[{"count":1,"href":"https:\/\/justicapotiguar.com.br\/index.php\/wp-json\/wp\/v2\/posts\/3052\/revisions"}],"predecessor-version":[{"id":3054,"href":"https:\/\/justicapotiguar.com.br\/index.php\/wp-json\/wp\/v2\/posts\/3052\/revisions\/3054"}],"wp:featuredmedia":[{"embeddable":true,"href":"https:\/\/justicapotiguar.com.br\/index.php\/wp-json\/wp\/v2\/media\/3053"}],"wp:attachment":[{"href":"https:\/\/justicapotiguar.com.br\/index.php\/wp-json\/wp\/v2\/media?parent=3052"}],"wp:term":[{"taxonomy":"category","embeddable":true,"href":"https:\/\/justicapotiguar.com.br\/index.php\/wp-json\/wp\/v2\/categories?post=3052"},{"taxonomy":"post_tag","embeddable":true,"href":"https:\/\/justicapotiguar.com.br\/index.php\/wp-json\/wp\/v2\/tags?post=3052"}],"curies":[{"name":"wp","href":"https:\/\/api.w.org\/{rel}","templated":true}]}}