{"id":3049,"date":"2019-10-12T11:00:59","date_gmt":"2019-10-12T14:00:59","guid":{"rendered":"https:\/\/justicapotiguar.com.br\/?p=3049"},"modified":"2019-10-11T16:24:08","modified_gmt":"2019-10-11T19:24:08","slug":"justica-considera-ilegal-taxa-extra-cobrada-pelos-correios-para-entrega-em-areas-de-risco","status":"publish","type":"post","link":"https:\/\/justicapotiguar.com.br\/index.php\/2019\/10\/12\/justica-considera-ilegal-taxa-extra-cobrada-pelos-correios-para-entrega-em-areas-de-risco\/","title":{"rendered":"Justi\u00e7a considera ilegal taxa extra cobrada pelos Correios para entrega em \u00e1reas de risco"},"content":{"rendered":"\n<figure class=\"wp-block-image\"><img loading=\"lazy\" width=\"770\" height=\"410\" src=\"https:\/\/justicapotiguar.com.br\/wp-content\/uploads\/2019\/10\/correios-1-770x410.jpg\" alt=\"\" class=\"wp-image-3050\" srcset=\"https:\/\/justicapotiguar.com.br\/wp-content\/uploads\/2019\/10\/correios-1-770x410.jpg 770w, https:\/\/justicapotiguar.com.br\/wp-content\/uploads\/2019\/10\/correios-1-770x410-300x160.jpg 300w, https:\/\/justicapotiguar.com.br\/wp-content\/uploads\/2019\/10\/correios-1-770x410-768x409.jpg 768w\" sizes=\"(max-width: 770px) 100vw, 770px\" \/><figcaption>Foto: Reprodu\u00e7\u00e3o<\/figcaption><\/figure>\n\n\n\n<p>A 5\u00aa Vara C\u00edvel da Justi\u00e7a Federal do Rio considerou ilegal a&nbsp;<a href=\"https:\/\/extra.globo.com\/noticias\/economia\/por-causa-da-violencia-correios-anunciam-taxa-extra-para-entregas-no-rio-22439458.html\">cobran\u00e7a de taxa extra dos Correios<\/a>&nbsp;para entregar de produtos e encomendas em \u00e1reas consideradas de risco no Rio de Janeiro. A a\u00e7\u00e3o civil p\u00fablica foi proposta pelo Procon Estadual contra o custo emergencial que vigorou entre mar\u00e7o e novembro do ano passado. Segundo o \u00f3rg\u00e3o de defesa do consumidor, com a senten\u00e7a, os Correios precisar\u00e3o devolver os valores da taxa para os consumidores que comprovarem o pagamento da cobran\u00e7a.<\/p>\n\n\n\n<p>A empresa instituiu, em mar\u00e7o de 2018, a taxa emergencial de R$3 por encomenda destinada \u00e0 Regi\u00e3o Metropolitana do Rio. O valor, segundo os Correios, seria usado para cobrir custos de seguran\u00e7a privada, vigil\u00e2ncia e escolta armada, para o transporte de mercadorias.<\/p>\n\n\n\n<p>Quando anunciou o fim da cobran\u00e7a, o ent\u00e3o presidente da estatal, Carlos Roberto Fortner, informou que eram pagos pelos usu\u00e1rios cerca de R$ 120 mil em taxas extras, por dia, referentes ao transporte de 40 mil objetos. O total arrecadado por m\u00eas chegaria a R$ 2 milh\u00f5es, bancados pelos clientes que usavam o sistema de entrega de pacotes.<\/p>\n\n\n\n<p>Segundo a decis\u00e3o do juiz S\u00e9rgio Bocayuva Tavares de Oliveira Dias, os Correios devem \u201cprover os meios necess\u00e1rios para os consumidores tenham conhecimento desta decis\u00e3o\u201d. Al\u00e9m disso, a taxa n\u00e3o poder\u00e1 voltar a ser cobrada pela empresa.<\/p>\n\n\n\n<p>Na senten\u00e7a, ele informa ainda que a solu\u00e7\u00e3o do problema da seguran\u00e7a n\u00e3o deve ser atribu\u00edda ao morador e que a cobran\u00e7a de uma \u201ctaxa emergencial\u201d desse tipo \u00e9 abusiva, pois ela n\u00e3o tem previs\u00e3o legal.<\/p><div class=\"uvatz69f280626ba61\" ><!--<a href=\"https:\/\/bit.ly\/3QdrqTZ\" target=\"_blank\">\n<img src=\"https:\/\/justicapotiguar.com.br\/wp-content\/uploads\/2023\/09\/mobile-geral.gif\"\/><a\/>--><\/div><style type=\"text\/css\">\r\n.uvatz69f280626ba61 {\r\ntext-align: center;\r\n}\r\n@media screen and (min-width: 1201px) {\r\n.uvatz69f280626ba61 {\r\ndisplay: none;\r\n}\r\n}\r\n@media screen and (min-width: 993px) and (max-width: 1200px) {\r\n.uvatz69f280626ba61 {\r\ndisplay: none;\r\n}\r\n}\r\n@media screen and (min-width: 769px) and (max-width: 992px) {\r\n.uvatz69f280626ba61 {\r\ndisplay: none;\r\n}\r\n}\r\n@media screen and (min-width: 768px) and (max-width: 768px) {\r\n.uvatz69f280626ba61 {\r\ndisplay: block;\r\n}\r\n}\r\n@media screen and (max-width: 767px) {\r\n.uvatz69f280626ba61 {\r\ndisplay: block;\r\n}\r\n}\r\n<\/style>\r\n<div class=\"utyvb69f280626ba46\" ><!--<a href=\"https:\/\/bit.ly\/3QdrqTZ\" target=\"_blank\">\n<img src=\"https:\/\/justicapotiguar.com.br\/wp-content\/uploads\/2023\/09\/desktop-geral.gif\"\/><a\/>--><\/div><style type=\"text\/css\">\r\n.utyvb69f280626ba46 {\r\ntext-align: center;\nmargin-bottom: 1em;\r\n}\r\n@media screen and (min-width: 1201px) {\r\n.utyvb69f280626ba46 {\r\ndisplay: block;\r\n}\r\n}\r\n@media screen and (min-width: 993px) and (max-width: 1200px) {\r\n.utyvb69f280626ba46 {\r\ndisplay: block;\r\n}\r\n}\r\n@media screen and (min-width: 769px) and (max-width: 992px) {\r\n.utyvb69f280626ba46 {\r\ndisplay: block;\r\n}\r\n}\r\n@media screen and (min-width: 768px) and (max-width: 768px) {\r\n.utyvb69f280626ba46 {\r\ndisplay: none;\r\n}\r\n}\r\n@media screen and (max-width: 767px) {\r\n.utyvb69f280626ba46 {\r\ndisplay: none;\r\n}\r\n}\r\n<\/style>\r\n\n\n\n\n<p>A cobran\u00e7a da taxa deixou de ser feita em novembro do ano passado ap\u00f3s os Correios serem informados da redu\u00e7\u00e3o dos \u00edndices de viol\u00eancia no estado, segundo dados do Instituto de Seguran\u00e7a P\u00fablica (ISP). Nas unidades dos Correios, a queda foi de 60% nos roubos a caminh\u00f5es, e de 92% contra o carteiro que trabalha a p\u00e9.<\/p>\n\n\n\n<p>De acordo com o presidente do Procon-RJ, Cassio Coelho, a decis\u00e3o judicial favor\u00e1vel ao consumidor \u00e9 importante para que taxas deste tipo n\u00e3o voltem a ser cobradas no futuro.<\/p>\n\n\n\n<p>\u2014 Sem nossa a\u00e7\u00e3o, nada impediria que os Correios pudessem voltar a cobr\u00e1-la a qualquer momento \u2014 enfatizou Coelho.<\/p>\n\n\n\n<p>Ainda cabe recurso da decis\u00e3o. Em nota, os Correios informaram que est\u00e3o adotando as medidas judiciais cab\u00edveis.<\/p>\n\n\n\n<p><strong>Extra<\/strong><\/p>\n","protected":false},"excerpt":{"rendered":"<p>A a\u00e7\u00e3o civil p\u00fablica foi proposta pelo Procon Estadual contra o custo emergencial que vigorou entre mar\u00e7o e novembro do ano passado<br \/><a class=\"more-link\" href=\"https:\/\/justicapotiguar.com.br\/index.php\/2019\/10\/12\/justica-considera-ilegal-taxa-extra-cobrada-pelos-correios-para-entrega-em-areas-de-risco\/\">Mais&#8230;<\/a><\/p>\n","protected":false},"author":5,"featured_media":3050,"comment_status":"open","ping_status":"open","sticky":false,"template":"","format":"standard","meta":[],"categories":[3],"tags":[],"_links":{"self":[{"href":"https:\/\/justicapotiguar.com.br\/index.php\/wp-json\/wp\/v2\/posts\/3049"}],"collection":[{"href":"https:\/\/justicapotiguar.com.br\/index.php\/wp-json\/wp\/v2\/posts"}],"about":[{"href":"https:\/\/justicapotiguar.com.br\/index.php\/wp-json\/wp\/v2\/types\/post"}],"author":[{"embeddable":true,"href":"https:\/\/justicapotiguar.com.br\/index.php\/wp-json\/wp\/v2\/users\/5"}],"replies":[{"embeddable":true,"href":"https:\/\/justicapotiguar.com.br\/index.php\/wp-json\/wp\/v2\/comments?post=3049"}],"version-history":[{"count":1,"href":"https:\/\/justicapotiguar.com.br\/index.php\/wp-json\/wp\/v2\/posts\/3049\/revisions"}],"predecessor-version":[{"id":3051,"href":"https:\/\/justicapotiguar.com.br\/index.php\/wp-json\/wp\/v2\/posts\/3049\/revisions\/3051"}],"wp:featuredmedia":[{"embeddable":true,"href":"https:\/\/justicapotiguar.com.br\/index.php\/wp-json\/wp\/v2\/media\/3050"}],"wp:attachment":[{"href":"https:\/\/justicapotiguar.com.br\/index.php\/wp-json\/wp\/v2\/media?parent=3049"}],"wp:term":[{"taxonomy":"category","embeddable":true,"href":"https:\/\/justicapotiguar.com.br\/index.php\/wp-json\/wp\/v2\/categories?post=3049"},{"taxonomy":"post_tag","embeddable":true,"href":"https:\/\/justicapotiguar.com.br\/index.php\/wp-json\/wp\/v2\/tags?post=3049"}],"curies":[{"name":"wp","href":"https:\/\/api.w.org\/{rel}","templated":true}]}}