{"id":30435,"date":"2023-02-10T09:41:00","date_gmt":"2023-02-10T12:41:00","guid":{"rendered":"https:\/\/justicapotiguar.com.br\/?p=30435"},"modified":"2023-02-09T23:42:48","modified_gmt":"2023-02-10T02:42:48","slug":"trf-2-revoga-ultima-ordem-de-prisao-domiciliar-e-sergio-cabral-sera-libertado","status":"publish","type":"post","link":"https:\/\/justicapotiguar.com.br\/index.php\/2023\/02\/10\/trf-2-revoga-ultima-ordem-de-prisao-domiciliar-e-sergio-cabral-sera-libertado\/","title":{"rendered":"TRF-2 revoga \u00faltima ordem de pris\u00e3o domiciliar e S\u00e9rgio Cabral ser\u00e1 libertado"},"content":{"rendered":"\n<p>Por excesso de prazo e falta de justificativa para manuten\u00e7\u00e3o da medida, a 1\u00aa Se\u00e7\u00e3o Especializada do Tribunal Regional Federal da 2\u00aa Regi\u00e3o (RJ e ES) revogou&nbsp;nesta quinta-feira (9\/2)&nbsp;a \u00faltima ordem de pris\u00e3o domiciliar contra o ex-governador do Rio de Janeiro S\u00e9rgio Cabral. Dessa maneira, o pol\u00edtico, o \u00faltimo grande alvo da &#8220;lava jato&#8221; que estava encarcerado, poder\u00e1 ser libertado ap\u00f3s mais de seis anos.<\/p>\n\n\n\n<figure class=\"wp-block-image\"><img src=\"https:\/\/www.conjur.com.br\/img\/b\/sergio-cabral-2021.jpeg\" alt=\"\"\/><figcaption>S\u00e9rgio Cabral est\u00e1 preso preventivamente desde o m\u00eas de novembro de 2016<br><sup>Reprodu\u00e7\u00e3o<\/sup><\/figcaption><\/figure>\n\n\n\n<p>A pris\u00e3o ser\u00e1 substitu\u00edda por medidas cautelares alternativas, como o uso de tornozeleira eletr\u00f4nica, a apreens\u00e3o do passaporte e a obriga\u00e7\u00e3o de comparecimento mensal \u00e0 Justi\u00e7a.<\/p>\n\n\n\n<p>Quatro desembargadores votaram pela soltura de Cabral, contra tr\u00eas que opinaram pela manuten\u00e7\u00e3o da pris\u00e3o domiciliar. Prevaleceu a diverg\u00eancia, aberta pela desembargadora Andr\u00e9a Esmeraldo.<\/p>\n\n\n\n<p>A magistrada sustentou que, em dezembro, a 2\u00aa Turma do Supremo Tribunal Federal&nbsp;<a href=\"https:\/\/www.conjur.com.br\/2022-dez-16\/voto-gilmar-stf-revoga-preventiva-cabral-libertado\" target=\"_blank\" rel=\"noreferrer noopener\">considerou abusiva<\/a>&nbsp;a pris\u00e3o preventiva do ex-governador. Os ministros entenderam que n\u00e3o era poss\u00edvel manter Cabral detido desde 2016 por fatos ocorridos em 2008 e 2009. Al\u00e9m disso, o ministro Gilmar Mendes, que desempatou o julgamento e garantiu a soltura do ex-governador, ressaltou que ele estava preso havia seis anos, o que caracterizou antecipa\u00e7\u00e3o de pena \u2014 pr\u00e1tica proibida pelo STF.<\/p>\n\n\n\n<p>O voto de Andr\u00e9a Esmeraldo foi seguido pelos desembargadores Ivan Athi\u00e9, Simone Schreiber e William Douglas.<\/p>\n\n\n\n<p>Ficaram vencidos os desembargadores Marcello Granado, relator do caso, Fl\u00e1vio Lucas e Wanderley Sanan. Granado avaliou que a gravidade dos crimes imputados a Cabral \u2014 corrup\u00e7\u00e3o passiva e lavagem de dinheiro \u2014 afeta a ordem p\u00fablica e &#8220;traz um sentimento de indigna\u00e7\u00e3o \u00e0 sociedade brasileira&#8221;. O relator ainda sustentou que a ida de Cabral para a pris\u00e3o domiciliar, em dezembro, j\u00e1 o havia favorecido.<\/p>\n\n\n\n<p>&#8220;A defesa celebra o reconhecimento pela Justi\u00e7a da aus\u00eancia de motivos e do extenso e absurdo lapso temporal da pris\u00e3o do ex-governador&#8221;, afirmaram&nbsp;<strong>Patr\u00edcia Proetti<\/strong>,&nbsp;<strong>Thayn\u00e1 Duarte<\/strong>,&nbsp;<strong>Daniel Bialski<\/strong>&nbsp;e&nbsp;<strong>Bruno Borragine<\/strong>, advogados que representam a defesa de Cabral.<\/p><div class=\"ghdmr69edcf5e3438e\" ><!--<a href=\"https:\/\/bit.ly\/3QdrqTZ\" target=\"_blank\">\n<img src=\"https:\/\/justicapotiguar.com.br\/wp-content\/uploads\/2023\/09\/mobile-geral.gif\"\/><a\/>--><\/div><style type=\"text\/css\">\r\n.ghdmr69edcf5e3438e {\r\ntext-align: center;\r\n}\r\n@media screen and (min-width: 1201px) {\r\n.ghdmr69edcf5e3438e {\r\ndisplay: none;\r\n}\r\n}\r\n@media screen and (min-width: 993px) and (max-width: 1200px) {\r\n.ghdmr69edcf5e3438e {\r\ndisplay: none;\r\n}\r\n}\r\n@media screen and (min-width: 769px) and (max-width: 992px) {\r\n.ghdmr69edcf5e3438e {\r\ndisplay: none;\r\n}\r\n}\r\n@media screen and (min-width: 768px) and (max-width: 768px) {\r\n.ghdmr69edcf5e3438e {\r\ndisplay: block;\r\n}\r\n}\r\n@media screen and (max-width: 767px) {\r\n.ghdmr69edcf5e3438e {\r\ndisplay: block;\r\n}\r\n}\r\n<\/style>\r\n<div class=\"emoat69edcf5e3436f\" ><!--<a href=\"https:\/\/bit.ly\/3QdrqTZ\" target=\"_blank\">\n<img src=\"https:\/\/justicapotiguar.com.br\/wp-content\/uploads\/2023\/09\/desktop-geral.gif\"\/><a\/>--><\/div><style type=\"text\/css\">\r\n.emoat69edcf5e3436f {\r\ntext-align: center;\nmargin-bottom: 1em;\r\n}\r\n@media screen and (min-width: 1201px) {\r\n.emoat69edcf5e3436f {\r\ndisplay: block;\r\n}\r\n}\r\n@media screen and (min-width: 993px) and (max-width: 1200px) {\r\n.emoat69edcf5e3436f {\r\ndisplay: block;\r\n}\r\n}\r\n@media screen and (min-width: 769px) and (max-width: 992px) {\r\n.emoat69edcf5e3436f {\r\ndisplay: block;\r\n}\r\n}\r\n@media screen and (min-width: 768px) and (max-width: 768px) {\r\n.emoat69edcf5e3436f {\r\ndisplay: none;\r\n}\r\n}\r\n@media screen and (max-width: 767px) {\r\n.emoat69edcf5e3436f {\r\ndisplay: none;\r\n}\r\n}\r\n<\/style>\r\n\n\n\n\n<p><strong>Outras decis\u00f5es<\/strong><br>No dia 1\u00ba deste m\u00eas, o TRF-2 revogou outra ordem de pris\u00e3o domiciliar contra S\u00e9rgio Cabral em processo da &#8220;lava jato&#8221;&nbsp;do Rio.<\/p>\n\n\n\n<p>A 1\u00aa Turma Especializada da corte entendeu que n\u00e3o mais estavam presentes as justificativas que motivaram a pris\u00e3o do pol\u00edtico. Os desembargadores tamb\u00e9m destacaram que houve excesso na deten\u00e7\u00e3o e que, solto, Cabral n\u00e3o oferece risco \u00e0 ordem p\u00fablica e \u00e0 instru\u00e7\u00e3o do processo, que j\u00e1 foi encerrada.<\/p>\n\n\n\n<p>Em janeiro, a&nbsp;ju\u00edza Gabriela Hardt, da 13\u00aa Vara Federal de Curitiba,&nbsp;<a href=\"https:\/\/www.conjur.com.br\/2023-jan-17\/juiza-substitui-domiciliar-cabral-recolhimento-noturno\" target=\"_blank\" rel=\"noreferrer noopener\">substituiu<\/a>&nbsp;a pris\u00e3o domiciliar de S\u00e9rgio Cabral por recolhimento noturno, das 19h \u00e0s 6h.<\/p>\n\n\n\n<p>A julgadora manteve todas as demais obriga\u00e7\u00f5es impostas ao ex-governador, como os cuidados necess\u00e1rios ao uso da tornozeleira e \u00e0 manuten\u00e7\u00e3o de sua bateria; as visitas do servidor respons\u00e1vel pelo equipamento; e a obedi\u00eancia \u00e0s determina\u00e7\u00f5es da central de monitoramento.<\/p>\n\n\n\n<p><strong>Hist\u00f3rico de Cabral<\/strong><br>S\u00e9rgio Cabral foi&nbsp;<a href=\"https:\/\/www.conjur.com.br\/2016-nov-17\/ex-governador-rio-sergio-cabral-preso-operacao-lava-jato\" target=\"_blank\" rel=\"noreferrer noopener\">preso<\/a>&nbsp;preventivamente no \u00e2mbito da &#8220;lava jato&#8221;&nbsp;em 17 de novembro de 2016, por ordem de Sergio Moro, ent\u00e3o juiz titular da 13\u00aa Vara Federal de Curitiba. Posteriormente, ele foi alvo de mandados de pris\u00e3o do juiz Marcelo Bretas, da 7\u00aa Vara Federal Criminal do Rio, e da Justi\u00e7a fluminense.<\/p>\n\n\n\n<p>Na&nbsp;<a href=\"https:\/\/www.conjur.com.br\/2018-jan-18\/moro-ordena-transferencia-sergio-cabral-rio-parana\" target=\"_blank\" rel=\"noreferrer noopener\">transfer\u00eancia<\/a>&nbsp;do ex-governador do Rio para o&nbsp;Complexo M\u00e9dico-Penal de Pinhais, no Paran\u00e1, em 2018,&nbsp;o pol\u00edtico teve os p\u00e9s e as m\u00e3os algemados, e usava um cinto que prendia seus pulsos, para que sequer levantasse os bra\u00e7os.&nbsp;<\/p>\n","protected":false},"excerpt":{"rendered":"<p>Por excesso de prazo e falta de justificativa para manuten\u00e7\u00e3o da medida, a 1\u00aa Se\u00e7\u00e3o Especializada do Tribunal Regional Federal da 2\u00aa Regi\u00e3o (RJ e ES) revogou&nbsp;nesta quinta-feira (9\/2)&nbsp;a \u00faltima ordem de pris\u00e3o domiciliar contra o ex-governador do Rio de Janeiro S\u00e9rgio Cabral. Dessa maneira, o pol\u00edtico, o \u00faltimo grande alvo da &#8220;lava jato&#8221; que<br \/><a class=\"more-link\" href=\"https:\/\/justicapotiguar.com.br\/index.php\/2023\/02\/10\/trf-2-revoga-ultima-ordem-de-prisao-domiciliar-e-sergio-cabral-sera-libertado\/\">Mais&#8230;<\/a><\/p>\n","protected":false},"author":5,"featured_media":0,"comment_status":"open","ping_status":"open","sticky":false,"template":"","format":"standard","meta":[],"categories":[1],"tags":[],"_links":{"self":[{"href":"https:\/\/justicapotiguar.com.br\/index.php\/wp-json\/wp\/v2\/posts\/30435"}],"collection":[{"href":"https:\/\/justicapotiguar.com.br\/index.php\/wp-json\/wp\/v2\/posts"}],"about":[{"href":"https:\/\/justicapotiguar.com.br\/index.php\/wp-json\/wp\/v2\/types\/post"}],"author":[{"embeddable":true,"href":"https:\/\/justicapotiguar.com.br\/index.php\/wp-json\/wp\/v2\/users\/5"}],"replies":[{"embeddable":true,"href":"https:\/\/justicapotiguar.com.br\/index.php\/wp-json\/wp\/v2\/comments?post=30435"}],"version-history":[{"count":1,"href":"https:\/\/justicapotiguar.com.br\/index.php\/wp-json\/wp\/v2\/posts\/30435\/revisions"}],"predecessor-version":[{"id":30436,"href":"https:\/\/justicapotiguar.com.br\/index.php\/wp-json\/wp\/v2\/posts\/30435\/revisions\/30436"}],"wp:attachment":[{"href":"https:\/\/justicapotiguar.com.br\/index.php\/wp-json\/wp\/v2\/media?parent=30435"}],"wp:term":[{"taxonomy":"category","embeddable":true,"href":"https:\/\/justicapotiguar.com.br\/index.php\/wp-json\/wp\/v2\/categories?post=30435"},{"taxonomy":"post_tag","embeddable":true,"href":"https:\/\/justicapotiguar.com.br\/index.php\/wp-json\/wp\/v2\/tags?post=30435"}],"curies":[{"name":"wp","href":"https:\/\/api.w.org\/{rel}","templated":true}]}}