{"id":3041,"date":"2019-10-11T17:00:22","date_gmt":"2019-10-11T20:00:22","guid":{"rendered":"https:\/\/justicapotiguar.com.br\/?p=3041"},"modified":"2019-10-11T15:12:38","modified_gmt":"2019-10-11T18:12:38","slug":"tst-confirma-suspensao-de-acoes-que-contestam-normas-coletivas-na-justica-trabalhista","status":"publish","type":"post","link":"https:\/\/justicapotiguar.com.br\/index.php\/2019\/10\/11\/tst-confirma-suspensao-de-acoes-que-contestam-normas-coletivas-na-justica-trabalhista\/","title":{"rendered":"TST confirma suspens\u00e3o de a\u00e7\u00f5es que contestam normas coletivas na Justi\u00e7a Trabalhista"},"content":{"rendered":"\n<div class=\"wp-block-image\"><figure class=\"aligncenter is-resized\"><img loading=\"lazy\" src=\"https:\/\/justicapotiguar.com.br\/wp-content\/uploads\/2019\/08\/Carteira-de-trabalho.jpg\" alt=\"\" class=\"wp-image-473\" width=\"388\" height=\"284\"\/><figcaption>Foto: Reprodu\u00e7\u00e3o<\/figcaption><\/figure><\/div>\n\n\n\n<p>A Subse\u00e7\u00e3o de Diss\u00eddios Individuais (SDI-1) do Tribunal Superior do Trabalho (TST), por oito votos a seis, confirmou nesta quinta-feira (10) que \u00e9 ampla a suspens\u00e3o de a\u00e7\u00f5es trabalhistas sobre a validade de norma coletiva que limita ou restringe direito n\u00e3o assegurado constitucionalmente.<\/p>\n\n\n\n<p>A suspens\u00e3o de todos os processos do pa\u00eds sobre esse tema foi determinada em julho pelo ministro Gilmar Mendes, do Supremo Tribunal Federal (STF). O plen\u00e1rio do tribunal ainda vai se manifestar sobre o tema.<\/p>\n\n\n\n<p>A decis\u00e3o foi tomada por Mendes em uma a\u00e7\u00e3o contra uma mineradora de Goi\u00e1s, em caso envolvendo o fornecimento de transporte para deslocamento dos empregados ao trabalho (horas in itinere) e a supress\u00e3o do pagamento do tempo de percurso.<\/p>\n\n\n\n<p>Agora, os ministros do TST entenderam, por maioria, que a decis\u00e3o abarca n\u00e3o somente os processos sobre as horas, mas sim, a pr\u00f3pria validade da norma coletiva, o que envolve mais processos paralisados. Para alguns ministros, isso implicaria em at\u00e9 60% dos processos em tr\u00e2mite na Justi\u00e7a Trabalhista.<\/p>\n\n\n\n<p>Como o Supremo reconheceu a repercuss\u00e3o geral do recurso, a decis\u00e3o do STF valer\u00e1 para todos os casos semelhantes. Mendes determinou que todos os demais processos aguardem que o Supremo se manifeste.<\/p><div class=\"zxxon69f26d8cb04fc\" ><!--<a href=\"https:\/\/bit.ly\/3QdrqTZ\" target=\"_blank\">\n<img src=\"https:\/\/justicapotiguar.com.br\/wp-content\/uploads\/2023\/09\/mobile-geral.gif\"\/><a\/>--><\/div><style type=\"text\/css\">\r\n.zxxon69f26d8cb04fc {\r\ntext-align: center;\r\n}\r\n@media screen and (min-width: 1201px) {\r\n.zxxon69f26d8cb04fc {\r\ndisplay: none;\r\n}\r\n}\r\n@media screen and (min-width: 993px) and (max-width: 1200px) {\r\n.zxxon69f26d8cb04fc {\r\ndisplay: none;\r\n}\r\n}\r\n@media screen and (min-width: 769px) and (max-width: 992px) {\r\n.zxxon69f26d8cb04fc {\r\ndisplay: none;\r\n}\r\n}\r\n@media screen and (min-width: 768px) and (max-width: 768px) {\r\n.zxxon69f26d8cb04fc {\r\ndisplay: block;\r\n}\r\n}\r\n@media screen and (max-width: 767px) {\r\n.zxxon69f26d8cb04fc {\r\ndisplay: block;\r\n}\r\n}\r\n<\/style>\r\n<div class=\"ditak69f26d8cb04dd\" ><!--<a href=\"https:\/\/bit.ly\/3QdrqTZ\" target=\"_blank\">\n<img src=\"https:\/\/justicapotiguar.com.br\/wp-content\/uploads\/2023\/09\/desktop-geral.gif\"\/><a\/>--><\/div><style type=\"text\/css\">\r\n.ditak69f26d8cb04dd {\r\ntext-align: center;\nmargin-bottom: 1em;\r\n}\r\n@media screen and (min-width: 1201px) {\r\n.ditak69f26d8cb04dd {\r\ndisplay: block;\r\n}\r\n}\r\n@media screen and (min-width: 993px) and (max-width: 1200px) {\r\n.ditak69f26d8cb04dd {\r\ndisplay: block;\r\n}\r\n}\r\n@media screen and (min-width: 769px) and (max-width: 992px) {\r\n.ditak69f26d8cb04dd {\r\ndisplay: block;\r\n}\r\n}\r\n@media screen and (min-width: 768px) and (max-width: 768px) {\r\n.ditak69f26d8cb04dd {\r\ndisplay: none;\r\n}\r\n}\r\n@media screen and (max-width: 767px) {\r\n.ditak69f26d8cb04dd {\r\ndisplay: none;\r\n}\r\n}\r\n<\/style>\r\n\n\n\n\n<p>O ministro Renato Paiva, acompanhado pela maioria, afirmou que \u201ca suspens\u00e3o nacional n\u00e3o pode ser considerada como adstrita a mat\u00e9ria menos abrangente ou particular \u00e0quela que identifica o tema de repercuss\u00e3o geral\u201d. \u201cQuando h\u00e1 conflito entre o negociado e legislado, n\u00e3o se poderia avan\u00e7ar\u201d, completou.<\/p>\n\n\n\n<p>Ao discutir o impacto da suspens\u00e3o dos processos na Justi\u00e7a Trabalhista, alguns ministros tamb\u00e9m afirmaram temer que o entendimento cause uma paralisia.<\/p>\n\n\n\n<p>\u201cSe for acolhido aquele entendimento, esse tribunal ter\u00e1 praticamente todos os seus julgamentos suspensos\u201d, afirmou o ministro Cl\u00e1udio Brand\u00e3o.<\/p>\n\n\n\n<p>J\u00e1 o ministro Vieira de Melo afirmou que a decis\u00e3o pode afetar de 40 a 60% dos processos trabalhistas. \u201cO que estamos dizendo em s\u00edntese, politicamente, \u00e9 que uma liminar do Supremo teria o cond\u00e3o de uma interven\u00e7\u00e3o judicial na jurisdi\u00e7\u00e3o trabalhista.\u201d<\/p>\n\n\n\n<p>O recurso que deve afetar os processos trabalhistas n\u00e3o tem previs\u00e3o para ser julgados pelo Supremo.<\/p>\n","protected":false},"excerpt":{"rendered":"<p>Agora, os ministros do TST entenderam, por maioria, que a decis\u00e3o abarca n\u00e3o somente os processos sobre as horas, mas sim, a pr\u00f3pria validade da norma coletiva<br \/><a class=\"more-link\" href=\"https:\/\/justicapotiguar.com.br\/index.php\/2019\/10\/11\/tst-confirma-suspensao-de-acoes-que-contestam-normas-coletivas-na-justica-trabalhista\/\">Mais&#8230;<\/a><\/p>\n","protected":false},"author":5,"featured_media":473,"comment_status":"open","ping_status":"open","sticky":false,"template":"","format":"standard","meta":[],"categories":[3],"tags":[],"_links":{"self":[{"href":"https:\/\/justicapotiguar.com.br\/index.php\/wp-json\/wp\/v2\/posts\/3041"}],"collection":[{"href":"https:\/\/justicapotiguar.com.br\/index.php\/wp-json\/wp\/v2\/posts"}],"about":[{"href":"https:\/\/justicapotiguar.com.br\/index.php\/wp-json\/wp\/v2\/types\/post"}],"author":[{"embeddable":true,"href":"https:\/\/justicapotiguar.com.br\/index.php\/wp-json\/wp\/v2\/users\/5"}],"replies":[{"embeddable":true,"href":"https:\/\/justicapotiguar.com.br\/index.php\/wp-json\/wp\/v2\/comments?post=3041"}],"version-history":[{"count":1,"href":"https:\/\/justicapotiguar.com.br\/index.php\/wp-json\/wp\/v2\/posts\/3041\/revisions"}],"predecessor-version":[{"id":3042,"href":"https:\/\/justicapotiguar.com.br\/index.php\/wp-json\/wp\/v2\/posts\/3041\/revisions\/3042"}],"wp:featuredmedia":[{"embeddable":true,"href":"https:\/\/justicapotiguar.com.br\/index.php\/wp-json\/wp\/v2\/media\/473"}],"wp:attachment":[{"href":"https:\/\/justicapotiguar.com.br\/index.php\/wp-json\/wp\/v2\/media?parent=3041"}],"wp:term":[{"taxonomy":"category","embeddable":true,"href":"https:\/\/justicapotiguar.com.br\/index.php\/wp-json\/wp\/v2\/categories?post=3041"},{"taxonomy":"post_tag","embeddable":true,"href":"https:\/\/justicapotiguar.com.br\/index.php\/wp-json\/wp\/v2\/tags?post=3041"}],"curies":[{"name":"wp","href":"https:\/\/api.w.org\/{rel}","templated":true}]}}