{"id":3039,"date":"2019-10-11T19:00:23","date_gmt":"2019-10-11T22:00:23","guid":{"rendered":"https:\/\/justicapotiguar.com.br\/?p=3039"},"modified":"2019-10-11T15:25:45","modified_gmt":"2019-10-11T18:25:45","slug":"oab-e-cade-estudam-acordo-sobre-tabela-de-honorarios","status":"publish","type":"post","link":"https:\/\/justicapotiguar.com.br\/index.php\/2019\/10\/11\/oab-e-cade-estudam-acordo-sobre-tabela-de-honorarios\/","title":{"rendered":"OAB e Cade estudam acordo sobre tabela de honor\u00e1rios"},"content":{"rendered":"\n<figure class=\"wp-block-image\"><img loading=\"lazy\" width=\"525\" height=\"350\" src=\"https:\/\/justicapotiguar.com.br\/wp-content\/uploads\/2019\/09\/FED223243646EB8BFFDA1E6BAC851C6D3206_oabcf.jpg\" alt=\"\" class=\"wp-image-2689\" srcset=\"https:\/\/justicapotiguar.com.br\/wp-content\/uploads\/2019\/09\/FED223243646EB8BFFDA1E6BAC851C6D3206_oabcf.jpg 525w, https:\/\/justicapotiguar.com.br\/wp-content\/uploads\/2019\/09\/FED223243646EB8BFFDA1E6BAC851C6D3206_oabcf-300x200.jpg 300w\" sizes=\"(max-width: 525px) 100vw, 525px\" \/><\/figure>\n\n\n\n<p>O Conselho Federal da Ordem dos Advogados do Brasil e o Conselho Administrativo de Defesa Econ\u00f4mica (Cade) estudam um acordo para resolver a quest\u00e3o da tabela de honor\u00e1rios. Diante da possibilidade da composi\u00e7\u00e3o o tr\u00e2mite do processo vem sendo sucessivamente suspenso.<\/p>\n\n\n\n<p>Segundo despacho mais recente, o novo prazo de suspens\u00e3o termina no dia 17 de novembro.<\/p>\n\n\n\n<p>Ao responder a um of\u00edcio da Procuradoria da Rep\u00fablica no Distrito Federal, o Cade informou que diante da possibilidade de acordo e das formalidades necess\u00e1rias para discuss\u00e3o e aprova\u00e7\u00e3o das minutas na OAB, o \u00f3rg\u00e3o tem atendido aos pedidos de prorroga\u00e7\u00e3o.<\/p>\n\n\n\n<p>O motivo do processo, que&nbsp;est\u00e1 suspenso desde janeiro,&nbsp;\u00e9 a fixa\u00e7\u00e3o de valores m\u00ednimos para a cobran\u00e7a de honor\u00e1rios pelos advogados, feita em tabelas divulgadas anualmente pelas seccionais estaduais.<\/p><div class=\"kegqr69f25949e95a1\" ><!--<a href=\"https:\/\/bit.ly\/3QdrqTZ\" target=\"_blank\">\n<img src=\"https:\/\/justicapotiguar.com.br\/wp-content\/uploads\/2023\/09\/mobile-geral.gif\"\/><a\/>--><\/div><style type=\"text\/css\">\r\n.kegqr69f25949e95a1 {\r\ntext-align: center;\r\n}\r\n@media screen and (min-width: 1201px) {\r\n.kegqr69f25949e95a1 {\r\ndisplay: none;\r\n}\r\n}\r\n@media screen and (min-width: 993px) and (max-width: 1200px) {\r\n.kegqr69f25949e95a1 {\r\ndisplay: none;\r\n}\r\n}\r\n@media screen and (min-width: 769px) and (max-width: 992px) {\r\n.kegqr69f25949e95a1 {\r\ndisplay: none;\r\n}\r\n}\r\n@media screen and (min-width: 768px) and (max-width: 768px) {\r\n.kegqr69f25949e95a1 {\r\ndisplay: block;\r\n}\r\n}\r\n@media screen and (max-width: 767px) {\r\n.kegqr69f25949e95a1 {\r\ndisplay: block;\r\n}\r\n}\r\n<\/style>\r\n<div class=\"iwkdi69f25949e9580\" ><!--<a href=\"https:\/\/bit.ly\/3QdrqTZ\" target=\"_blank\">\n<img src=\"https:\/\/justicapotiguar.com.br\/wp-content\/uploads\/2023\/09\/desktop-geral.gif\"\/><a\/>--><\/div><style type=\"text\/css\">\r\n.iwkdi69f25949e9580 {\r\ntext-align: center;\nmargin-bottom: 1em;\r\n}\r\n@media screen and (min-width: 1201px) {\r\n.iwkdi69f25949e9580 {\r\ndisplay: block;\r\n}\r\n}\r\n@media screen and (min-width: 993px) and (max-width: 1200px) {\r\n.iwkdi69f25949e9580 {\r\ndisplay: block;\r\n}\r\n}\r\n@media screen and (min-width: 769px) and (max-width: 992px) {\r\n.iwkdi69f25949e9580 {\r\ndisplay: block;\r\n}\r\n}\r\n@media screen and (min-width: 768px) and (max-width: 768px) {\r\n.iwkdi69f25949e9580 {\r\ndisplay: none;\r\n}\r\n}\r\n@media screen and (max-width: 767px) {\r\n.iwkdi69f25949e9580 {\r\ndisplay: none;\r\n}\r\n}\r\n<\/style>\r\n\n\n\n\n<p>Em dezembro de 2018, o Cade mandou a OAB&nbsp;<a href=\"https:\/\/www.conjur.com.br\/2018-dez-24\/cade-cinco-dias-oab-esclarecer-receitas-seccionais\" target=\"_blank\" rel=\"noreferrer noopener\">explicar os valores<\/a>&nbsp;recebidos por seccionais entre os anos de 2009 e 2017, porque a entidade enviou dados incompletos no processo.<\/p>\n\n\n\n<p>Nas&nbsp;<a href=\"https:\/\/www.conjur.com.br\/2019-jan-25\/oab-cade-arquive-processo-tabelas-honorarios\" target=\"_blank\" rel=\"noreferrer noopener\">alega\u00e7\u00f5es finais<\/a>, a OAB pediu o arquivamento do processo e disse&nbsp;que \u00e9 \u201cirrefut\u00e1vel\u201d a ilegitimidade passiva no caso, j\u00e1 que \u00e9 compet\u00eancia de cada seccional fixar sua tabela, conforme prev\u00ea o artigo 58, da Lei 8.906\/1994. O Conselho Federal refor\u00e7a que n\u00e3o tem autoriza\u00e7\u00e3o legal para editar tabelas de honor\u00e1rios.<\/p>\n\n\n\n<p>O caso tem origem em um&nbsp;<a href=\"https:\/\/www.conjur.com.br\/2010-nov-10\/oab-responde-processo-cade-fixar-honorarios-tabela\" target=\"_blank\" rel=\"noreferrer noopener\">processo administrativo<\/a>&nbsp;aberto contra a OAB no Cade ap\u00f3s representa\u00e7\u00e3o do Minist\u00e9rio P\u00fablico de Minas Gerais. O MP entendeu como ilegal que a OAB permita a fixa\u00e7\u00e3o de valores m\u00ednimos para a cobran\u00e7a de honor\u00e1rios pelos advogados, feita em tabelas divulgadas anualmente pelas seccionais estaduais. Segundo o \u00f3rg\u00e3o, a pr\u00e1tica mostra ind\u00edcios de carteliza\u00e7\u00e3o e \u201crestri\u00e7\u00e3o injustificada da concorr\u00eancia\u201d, por determinar pisos para cada tarefa.<\/p>\n","protected":false},"excerpt":{"rendered":"<p>Segundo despacho mais recente, o novo prazo de suspens\u00e3o termina no dia 17 de novembro.<br \/><a class=\"more-link\" href=\"https:\/\/justicapotiguar.com.br\/index.php\/2019\/10\/11\/oab-e-cade-estudam-acordo-sobre-tabela-de-honorarios\/\">Mais&#8230;<\/a><\/p>\n","protected":false},"author":5,"featured_media":33,"comment_status":"open","ping_status":"open","sticky":false,"template":"","format":"standard","meta":[],"categories":[3],"tags":[],"_links":{"self":[{"href":"https:\/\/justicapotiguar.com.br\/index.php\/wp-json\/wp\/v2\/posts\/3039"}],"collection":[{"href":"https:\/\/justicapotiguar.com.br\/index.php\/wp-json\/wp\/v2\/posts"}],"about":[{"href":"https:\/\/justicapotiguar.com.br\/index.php\/wp-json\/wp\/v2\/types\/post"}],"author":[{"embeddable":true,"href":"https:\/\/justicapotiguar.com.br\/index.php\/wp-json\/wp\/v2\/users\/5"}],"replies":[{"embeddable":true,"href":"https:\/\/justicapotiguar.com.br\/index.php\/wp-json\/wp\/v2\/comments?post=3039"}],"version-history":[{"count":1,"href":"https:\/\/justicapotiguar.com.br\/index.php\/wp-json\/wp\/v2\/posts\/3039\/revisions"}],"predecessor-version":[{"id":3040,"href":"https:\/\/justicapotiguar.com.br\/index.php\/wp-json\/wp\/v2\/posts\/3039\/revisions\/3040"}],"wp:featuredmedia":[{"embeddable":true,"href":"https:\/\/justicapotiguar.com.br\/index.php\/wp-json\/wp\/v2\/media\/33"}],"wp:attachment":[{"href":"https:\/\/justicapotiguar.com.br\/index.php\/wp-json\/wp\/v2\/media?parent=3039"}],"wp:term":[{"taxonomy":"category","embeddable":true,"href":"https:\/\/justicapotiguar.com.br\/index.php\/wp-json\/wp\/v2\/categories?post=3039"},{"taxonomy":"post_tag","embeddable":true,"href":"https:\/\/justicapotiguar.com.br\/index.php\/wp-json\/wp\/v2\/tags?post=3039"}],"curies":[{"name":"wp","href":"https:\/\/api.w.org\/{rel}","templated":true}]}}