{"id":3037,"date":"2019-10-11T14:35:55","date_gmt":"2019-10-11T17:35:55","guid":{"rendered":"https:\/\/justicapotiguar.com.br\/?p=3037"},"modified":"2019-10-12T08:47:57","modified_gmt":"2019-10-12T11:47:57","slug":"reprovacao-de-contas-por-tce-por-si-so-nao-configura-ato-de-improbidade","status":"publish","type":"post","link":"https:\/\/justicapotiguar.com.br\/index.php\/2019\/10\/11\/reprovacao-de-contas-por-tce-por-si-so-nao-configura-ato-de-improbidade\/","title":{"rendered":"Reprova\u00e7\u00e3o de contas por TCE, por si s\u00f3, n\u00e3o configura ato de improbidade"},"content":{"rendered":"\n<p>Reprova\u00e7\u00e3o de contas por TCE, por si s\u00f3, n\u00e3o caracteriza ato de improbidade administrativa. Assim entendeu o juiz de Direito Seung Chul Kim, da 1\u00aa vara C\u00edvel de Cotia\/SP, ao julgar improcedente ACP ajuizada pelo MP\/SP.<\/p>\n\n\n\n<figure class=\"wp-block-image\"><img src=\"https:\/\/www.globalframe.com.br\/gf_base\/empresas\/MIGA\/imagens\/65A8B88AF361461E85F84A796998A77C90A5_justicatres.jpg\" alt=\"t\"\/><figcaption>Foto: Rperodu\u00e7\u00e3o<\/figcaption><\/figure>\n\n\n\n<p>O MP\/SP ajuizou a a\u00e7\u00e3o contra o munic\u00edpio de Cotia, o ex-prefeito, servidores e um instituto, alegando que o ex-prefeito, \u00e0 \u00e9poca em que ocupava o cargo, firmou termo de parceria entre o munic\u00edpio e o instituto sem nenhum procedimento pr\u00e9vio, mas apenas com base em apresenta\u00e7\u00e3o, pela entidade, de projeto t\u00e9cnico apresentado \u00e0 secretaria de sa\u00fade. A contrata\u00e7\u00e3o do instituto se deu para a implanta\u00e7\u00e3o de pronto atendimentos bem como de reestrutura\u00e7\u00e3o de outra unidade de sa\u00fade.<\/p>\n\n\n\n<p>O parquet juntou nos autos, ainda, decis\u00e3o do TCE de reprova\u00e7\u00e3o de contas referente aos gastos e receitas relativos \u00e0 parceria.<\/p>\n\n\n\n<p>O juiz pontuou que o instituto \u00e9 uma organiza\u00e7\u00e3o da sociedade civil de interesse p\u00fablico, sendo que a&nbsp;<a href=\"http:\/\/www.planalto.gov.br\/ccivil_03\/Leis\/l8666cons.htm\" target=\"_blank\" rel=\"noreferrer noopener\">lei 8.666\/93<\/a>&nbsp;prev\u00ea expressamente como hip\u00f3tese de dispensa de licita\u00e7\u00e3o a contrata\u00e7\u00e3o deste tipo de entidade.<\/p>\n\n\n\n<p>Segundo o magistrado, conforme se extrai dos autos e dos depoimentos, o Poder P\u00fablico continua executando o servi\u00e7o de sa\u00fade com recursos pr\u00f3prios, por\u00e9m, com parte das tarefas delegadas \u00e0 OSCIP, que age em colabora\u00e7\u00e3o e parceria com o ente p\u00fablico,&nbsp;<em>&#8220;seja quanto aos insumos, seja quanto ao quadro de funcion\u00e1rios e m\u00e9dicos&#8221;<\/em>.<\/p><div class=\"vsxbf69f4903f9e8f6\" ><!--<a href=\"https:\/\/bit.ly\/3QdrqTZ\" target=\"_blank\">\n<img src=\"https:\/\/justicapotiguar.com.br\/wp-content\/uploads\/2023\/09\/mobile-geral.gif\"\/><a\/>--><\/div><style type=\"text\/css\">\r\n.vsxbf69f4903f9e8f6 {\r\ntext-align: center;\r\n}\r\n@media screen and (min-width: 1201px) {\r\n.vsxbf69f4903f9e8f6 {\r\ndisplay: none;\r\n}\r\n}\r\n@media screen and (min-width: 993px) and (max-width: 1200px) {\r\n.vsxbf69f4903f9e8f6 {\r\ndisplay: none;\r\n}\r\n}\r\n@media screen and (min-width: 769px) and (max-width: 992px) {\r\n.vsxbf69f4903f9e8f6 {\r\ndisplay: none;\r\n}\r\n}\r\n@media screen and (min-width: 768px) and (max-width: 768px) {\r\n.vsxbf69f4903f9e8f6 {\r\ndisplay: block;\r\n}\r\n}\r\n@media screen and (max-width: 767px) {\r\n.vsxbf69f4903f9e8f6 {\r\ndisplay: block;\r\n}\r\n}\r\n<\/style>\r\n<div class=\"stwsd69f4903f9e8d6\" ><!--<a href=\"https:\/\/bit.ly\/3QdrqTZ\" target=\"_blank\">\n<img src=\"https:\/\/justicapotiguar.com.br\/wp-content\/uploads\/2023\/09\/desktop-geral.gif\"\/><a\/>--><\/div><style type=\"text\/css\">\r\n.stwsd69f4903f9e8d6 {\r\ntext-align: center;\nmargin-bottom: 1em;\r\n}\r\n@media screen and (min-width: 1201px) {\r\n.stwsd69f4903f9e8d6 {\r\ndisplay: block;\r\n}\r\n}\r\n@media screen and (min-width: 993px) and (max-width: 1200px) {\r\n.stwsd69f4903f9e8d6 {\r\ndisplay: block;\r\n}\r\n}\r\n@media screen and (min-width: 769px) and (max-width: 992px) {\r\n.stwsd69f4903f9e8d6 {\r\ndisplay: block;\r\n}\r\n}\r\n@media screen and (min-width: 768px) and (max-width: 768px) {\r\n.stwsd69f4903f9e8d6 {\r\ndisplay: none;\r\n}\r\n}\r\n@media screen and (max-width: 767px) {\r\n.stwsd69f4903f9e8d6 {\r\ndisplay: none;\r\n}\r\n}\r\n<\/style>\r\n\n\n\n\n<p><em>&#8220;Portanto, a celebra\u00e7\u00e3o do termo de parceria e a sua renova\u00e7\u00e3o, por si s\u00f3, n\u00e3o se reveste de ilegalidade e para a caracteriza\u00e7\u00e3o do il\u00edcito, deve ter cabal comprova\u00e7\u00e3o, o que n\u00e3o ocorreu no caso dos autos.&#8221;<\/em><\/p>\n\n\n\n<p>O juiz afirmou ainda que a reprova\u00e7\u00e3o das contas pelo TCE\/SP, por si s\u00f3, n\u00e3o caracteriza ato de improbidade, o qual, para ser configurado, depende n\u00e3o apenas do enriquecimento il\u00edcito, mas tamb\u00e9m de dano ao er\u00e1rio ou viola\u00e7\u00e3o aos princ\u00edpios de administra\u00e7\u00e3o p\u00fablica, tendo de estar presente o aspecto subjetivo do dolo ou culpa.<\/p>\n\n\n\n<p>Assim, o magistrado julgou improcedente a ACP.<\/p>\n\n\n\n<p><strong>Migalhas<\/strong><\/p>\n","protected":false},"excerpt":{"rendered":"<p>Decis\u00e3o \u00e9 do juiz de Direito Seung Chul Kim, da 1\u00aa vara C\u00edvel de Cotia\/SP.<\/p>\n<p><a class=\"more-link\" href=\"https:\/\/justicapotiguar.com.br\/index.php\/2019\/10\/11\/reprovacao-de-contas-por-tce-por-si-so-nao-configura-ato-de-improbidade\/\">Mais&#8230;<\/a><\/p>\n","protected":false},"author":5,"featured_media":2488,"comment_status":"open","ping_status":"open","sticky":false,"template":"","format":"standard","meta":[],"categories":[3],"tags":[],"_links":{"self":[{"href":"https:\/\/justicapotiguar.com.br\/index.php\/wp-json\/wp\/v2\/posts\/3037"}],"collection":[{"href":"https:\/\/justicapotiguar.com.br\/index.php\/wp-json\/wp\/v2\/posts"}],"about":[{"href":"https:\/\/justicapotiguar.com.br\/index.php\/wp-json\/wp\/v2\/types\/post"}],"author":[{"embeddable":true,"href":"https:\/\/justicapotiguar.com.br\/index.php\/wp-json\/wp\/v2\/users\/5"}],"replies":[{"embeddable":true,"href":"https:\/\/justicapotiguar.com.br\/index.php\/wp-json\/wp\/v2\/comments?post=3037"}],"version-history":[{"count":1,"href":"https:\/\/justicapotiguar.com.br\/index.php\/wp-json\/wp\/v2\/posts\/3037\/revisions"}],"predecessor-version":[{"id":3038,"href":"https:\/\/justicapotiguar.com.br\/index.php\/wp-json\/wp\/v2\/posts\/3037\/revisions\/3038"}],"wp:featuredmedia":[{"embeddable":true,"href":"https:\/\/justicapotiguar.com.br\/index.php\/wp-json\/wp\/v2\/media\/2488"}],"wp:attachment":[{"href":"https:\/\/justicapotiguar.com.br\/index.php\/wp-json\/wp\/v2\/media?parent=3037"}],"wp:term":[{"taxonomy":"category","embeddable":true,"href":"https:\/\/justicapotiguar.com.br\/index.php\/wp-json\/wp\/v2\/categories?post=3037"},{"taxonomy":"post_tag","embeddable":true,"href":"https:\/\/justicapotiguar.com.br\/index.php\/wp-json\/wp\/v2\/tags?post=3037"}],"curies":[{"name":"wp","href":"https:\/\/api.w.org\/{rel}","templated":true}]}}