{"id":30333,"date":"2023-02-05T11:19:38","date_gmt":"2023-02-05T14:19:38","guid":{"rendered":"https:\/\/justicapotiguar.com.br\/?p=30333"},"modified":"2023-02-05T11:20:12","modified_gmt":"2023-02-05T14:20:12","slug":"justica-da-espanha-decide-que-homem-tem-direito-a-andar-pelado-na-rua","status":"publish","type":"post","link":"https:\/\/justicapotiguar.com.br\/index.php\/2023\/02\/05\/justica-da-espanha-decide-que-homem-tem-direito-a-andar-pelado-na-rua\/","title":{"rendered":"Justi\u00e7a da Espanha decide que homem tem direito a andar pelado na rua"},"content":{"rendered":"\n<p>A Justi\u00e7a da Espanha decidiu nesta semana que Alejandro Colomar, cientista da computa\u00e7\u00e3o de 29 anos, tem o direito de andar pelado nas ruas de Aldaia, pequena cidade com pouco mais de 30 mil habitantes na regi\u00e3o de Val\u00eancia.<\/p>\n\n\n\n<p>Colomar j\u00e1 havia recebido v\u00e1rias multas pela pr\u00e1tica \u2014algumas que chegavam a \u20ac 800 euros (R$ 4.400)\u2014, com base na Lei de Seguran\u00e7a Cidad\u00e3, e recorreu de todas. Ao longo da sua batalha jur\u00eddica, chegou a se apresentar sem roupas em um tribunal, em setembro, mas precisou se vestir para entrar no pr\u00e9dio.<\/p>\n\n\n\n<p>O Tribunal Superior de Justi\u00e7a de Val\u00eancia discordou dos argumentos de Colomar, segundo os quais as multas que ele recebeu seriam viola\u00e7\u00f5es de seu direito \u00e0 liberdade de ideologia. A corte reconheceu, no entanto, que h\u00e1 um \u201cv\u00e1cuo legal\u201d na legisla\u00e7\u00e3o local em rela\u00e7\u00e3o \u00e0 nudez em lugares p\u00fablicos.<\/p>\n\n\n\n<figure class=\"wp-block-image size-large\"><img loading=\"lazy\" width=\"733\" height=\"418\" src=\"https:\/\/justicapotiguar.com.br\/wp-content\/uploads\/2023\/02\/images-58.jpeg\" alt=\"\" class=\"wp-image-30334\" srcset=\"https:\/\/justicapotiguar.com.br\/wp-content\/uploads\/2023\/02\/images-58.jpeg 733w, https:\/\/justicapotiguar.com.br\/wp-content\/uploads\/2023\/02\/images-58-300x171.jpeg 300w\" sizes=\"(max-width: 733px) 100vw, 733px\" \/><figcaption>Reprodu\u00e7\u00e3o<\/figcaption><\/figure>\n\n\n\n<p>Colomar contou \u00e0 ag\u00eancia de not\u00edcias Reuters que come\u00e7ou a sair nas ruas pelado em 2020. A pr\u00e1tica, segundo ele, rendeu mais palavras de apoio do que insultos, mas houve um epis\u00f3dio em que ele foi amea\u00e7ado com uma faca.<\/p>\n\n\n\n<p>\u201cAs multas n\u00e3o fazem sentido algum\u201d, disse. \u201cEles me acusam de exibicionismo obsceno. Segundo o dicion\u00e1rio, isso implica e, inten\u00e7\u00e3o sexual, o que n\u00e3o tem nada a ver com o que eu estava fazendo. Me acusavam porque havia menores de idade na minha frente. Ou seja, uma multa nem sequer teria sentido. Se houvesse inten\u00e7\u00e3o sexual, era para eu ser preso, n\u00e3o pagar multa.\u201d<\/p>\n\n\n\n<p>Ele afirma que come\u00e7ou a praticar nudismo ap\u00f3s uma mulher chamar a sua aten\u00e7\u00e3o por estar sem camiseta em um parque \u00e0 noite, j\u00e1 que ela n\u00e3o poderia fazer o mesmo.<\/p><div class=\"webao69eedcc55c98a\" ><!--<a href=\"https:\/\/bit.ly\/3QdrqTZ\" target=\"_blank\">\n<img src=\"https:\/\/justicapotiguar.com.br\/wp-content\/uploads\/2023\/09\/mobile-geral.gif\"\/><a\/>--><\/div><style type=\"text\/css\">\r\n.webao69eedcc55c98a {\r\ntext-align: center;\r\n}\r\n@media screen and (min-width: 1201px) {\r\n.webao69eedcc55c98a {\r\ndisplay: none;\r\n}\r\n}\r\n@media screen and (min-width: 993px) and (max-width: 1200px) {\r\n.webao69eedcc55c98a {\r\ndisplay: none;\r\n}\r\n}\r\n@media screen and (min-width: 769px) and (max-width: 992px) {\r\n.webao69eedcc55c98a {\r\ndisplay: none;\r\n}\r\n}\r\n@media screen and (min-width: 768px) and (max-width: 768px) {\r\n.webao69eedcc55c98a {\r\ndisplay: block;\r\n}\r\n}\r\n@media screen and (max-width: 767px) {\r\n.webao69eedcc55c98a {\r\ndisplay: block;\r\n}\r\n}\r\n<\/style>\r\n<div class=\"kytyx69eedcc55c970\" ><!--<a href=\"https:\/\/bit.ly\/3QdrqTZ\" target=\"_blank\">\n<img src=\"https:\/\/justicapotiguar.com.br\/wp-content\/uploads\/2023\/09\/desktop-geral.gif\"\/><a\/>--><\/div><style type=\"text\/css\">\r\n.kytyx69eedcc55c970 {\r\ntext-align: center;\nmargin-bottom: 1em;\r\n}\r\n@media screen and (min-width: 1201px) {\r\n.kytyx69eedcc55c970 {\r\ndisplay: block;\r\n}\r\n}\r\n@media screen and (min-width: 993px) and (max-width: 1200px) {\r\n.kytyx69eedcc55c970 {\r\ndisplay: block;\r\n}\r\n}\r\n@media screen and (min-width: 769px) and (max-width: 992px) {\r\n.kytyx69eedcc55c970 {\r\ndisplay: block;\r\n}\r\n}\r\n@media screen and (min-width: 768px) and (max-width: 768px) {\r\n.kytyx69eedcc55c970 {\r\ndisplay: none;\r\n}\r\n}\r\n@media screen and (max-width: 767px) {\r\n.kytyx69eedcc55c970 {\r\ndisplay: none;\r\n}\r\n}\r\n<\/style>\r\n\n\n\n\n<p>\u201cDisse a ela que sua queixa era justificada, mas n\u00e3o tinha sentido que eu tivesse que me cobrir por causa disso. O problema estava na sociedade, n\u00e3o na minha nudez ou na minha seminudez.\u201d<strong>CONTINUA DEPOIS DA PUBLICIDADE<\/strong><\/p>\n\n\n\n<p>A nudez p\u00fablica \u00e9 legal na Espanha desde 1988. Qualquer um pode andar sem roupas sem ser preso, mas algumas regi\u00f5es introduziram suas pr\u00f3prias regras para o nudismo.<\/p>\n\n\n\n<p>Em Barcelona, por exemplo, \u00e9 proibido ficar sem camisa ou com traje de banho nas vias p\u00fablicas, exceto em praias, piscinas ou outros espa\u00e7os autorizados. A multa para quem desrespeitar a regra \u00e9 de a partir \u20ac 120 (R$ 669,5).<\/p>\n\n\n\n<p>O munic\u00edpio de Salou, tamb\u00e9m na Catalunha, pro\u00edbe andar sem camisa nos centros hist\u00f3rico e urbano e no mercado municipal. Os agentes s\u00e3o orientados, primeiro, a advertir quem infringe a lei. Em caso de multa, o cidad\u00e3o pode ser penalizado com valor a partir de \u20ac 100 (R$ 554).<\/p>\n\n\n\n<p>O tribunal concluiu que a circula\u00e7\u00e3o de Colomar, sem roupas, nas ruas de Aldaia n\u00e3o afeta a seguran\u00e7a dos cidad\u00e3os nem a ordem p\u00fablica.<\/p>\n","protected":false},"excerpt":{"rendered":"<p>A Justi\u00e7a da Espanha decidiu nesta semana que Alejandro Colomar, cientista da computa\u00e7\u00e3o de 29 anos, tem o direito de andar pelado nas ruas de Aldaia, pequena cidade com pouco mais de 30 mil habitantes na regi\u00e3o de Val\u00eancia. Colomar j\u00e1 havia recebido v\u00e1rias multas pela pr\u00e1tica \u2014algumas que chegavam a \u20ac 800 euros (R$<br \/><a class=\"more-link\" href=\"https:\/\/justicapotiguar.com.br\/index.php\/2023\/02\/05\/justica-da-espanha-decide-que-homem-tem-direito-a-andar-pelado-na-rua\/\">Mais&#8230;<\/a><\/p>\n","protected":false},"author":5,"featured_media":0,"comment_status":"open","ping_status":"open","sticky":false,"template":"","format":"standard","meta":[],"categories":[1],"tags":[],"_links":{"self":[{"href":"https:\/\/justicapotiguar.com.br\/index.php\/wp-json\/wp\/v2\/posts\/30333"}],"collection":[{"href":"https:\/\/justicapotiguar.com.br\/index.php\/wp-json\/wp\/v2\/posts"}],"about":[{"href":"https:\/\/justicapotiguar.com.br\/index.php\/wp-json\/wp\/v2\/types\/post"}],"author":[{"embeddable":true,"href":"https:\/\/justicapotiguar.com.br\/index.php\/wp-json\/wp\/v2\/users\/5"}],"replies":[{"embeddable":true,"href":"https:\/\/justicapotiguar.com.br\/index.php\/wp-json\/wp\/v2\/comments?post=30333"}],"version-history":[{"count":2,"href":"https:\/\/justicapotiguar.com.br\/index.php\/wp-json\/wp\/v2\/posts\/30333\/revisions"}],"predecessor-version":[{"id":30336,"href":"https:\/\/justicapotiguar.com.br\/index.php\/wp-json\/wp\/v2\/posts\/30333\/revisions\/30336"}],"wp:attachment":[{"href":"https:\/\/justicapotiguar.com.br\/index.php\/wp-json\/wp\/v2\/media?parent=30333"}],"wp:term":[{"taxonomy":"category","embeddable":true,"href":"https:\/\/justicapotiguar.com.br\/index.php\/wp-json\/wp\/v2\/categories?post=30333"},{"taxonomy":"post_tag","embeddable":true,"href":"https:\/\/justicapotiguar.com.br\/index.php\/wp-json\/wp\/v2\/tags?post=30333"}],"curies":[{"name":"wp","href":"https:\/\/api.w.org\/{rel}","templated":true}]}}