{"id":30291,"date":"2023-02-02T09:21:00","date_gmt":"2023-02-02T12:21:00","guid":{"rendered":"https:\/\/justicapotiguar.com.br\/?p=30291"},"modified":"2023-02-01T22:42:30","modified_gmt":"2023-02-02T01:42:30","slug":"escolhidos-novos-presidentes-para-as-turmas-de-julgamento-do-trt-rn","status":"publish","type":"post","link":"https:\/\/justicapotiguar.com.br\/index.php\/2023\/02\/02\/escolhidos-novos-presidentes-para-as-turmas-de-julgamento-do-trt-rn\/","title":{"rendered":"Escolhidos novos presidentes para as Turmas de Julgamento do TRT-RN"},"content":{"rendered":"\n<p>As duas Turmas de Julgamento do Tribunal Regional do Trabalho da 21\u00aa Regi\u00e3o (TRT-RN) est\u00e3o com novos presidentes para o bi\u00eanio 2023\/2025.<\/p>\n\n\n\n<figure class=\"wp-block-image size-large\"><img loading=\"lazy\" width=\"800\" height=\"526\" src=\"https:\/\/justicapotiguar.com.br\/wp-content\/uploads\/2023\/02\/Ricardo-Luis-Espindola-Borges.jpg\" alt=\"\" class=\"wp-image-30292\" srcset=\"https:\/\/justicapotiguar.com.br\/wp-content\/uploads\/2023\/02\/Ricardo-Luis-Espindola-Borges.jpg 800w, https:\/\/justicapotiguar.com.br\/wp-content\/uploads\/2023\/02\/Ricardo-Luis-Espindola-Borges-300x197.jpg 300w, https:\/\/justicapotiguar.com.br\/wp-content\/uploads\/2023\/02\/Ricardo-Luis-Espindola-Borges-768x505.jpg 768w\" sizes=\"(max-width: 800px) 100vw, 800px\" \/><figcaption>Reprodu\u00e7\u00e3o<\/figcaption><\/figure>\n\n\n\n<p>Os colegiados das Turmas elegeram Ricardo Lu\u00eds Esp\u00edndola Borges, para a Presid\u00eancia da Primeira Turma, e Ronaldo Medeiros de Souza, escolhido para a Presid\u00eancia da Segunda.<\/p>\n\n\n\n<figure class=\"wp-block-image size-large\"><img loading=\"lazy\" width=\"800\" height=\"526\" src=\"https:\/\/justicapotiguar.com.br\/wp-content\/uploads\/2023\/02\/Ronaldo-Medeiros-de-Souza.jpg\" alt=\"\" class=\"wp-image-30293\" srcset=\"https:\/\/justicapotiguar.com.br\/wp-content\/uploads\/2023\/02\/Ronaldo-Medeiros-de-Souza.jpg 800w, https:\/\/justicapotiguar.com.br\/wp-content\/uploads\/2023\/02\/Ronaldo-Medeiros-de-Souza-300x197.jpg 300w, https:\/\/justicapotiguar.com.br\/wp-content\/uploads\/2023\/02\/Ronaldo-Medeiros-de-Souza-768x505.jpg 768w\" sizes=\"(max-width: 800px) 100vw, 800px\" \/><figcaption>Reprodu\u00e7\u00e3o<\/figcaption><\/figure>\n\n\n\n<p>Dessa forma, a Primeira Turma est\u00e1 composta por &nbsp;Ricardo Lu\u00eds Esp\u00edndola Borges, Jos\u00e9 Barbosa Filho, Joseane Dantas e Auxiliadora Rodrigues.<\/p><div class=\"iuqrr69f25cae88a1e\" ><!--<a href=\"https:\/\/bit.ly\/3QdrqTZ\" target=\"_blank\">\n<img src=\"https:\/\/justicapotiguar.com.br\/wp-content\/uploads\/2023\/09\/mobile-geral.gif\"\/><a\/>--><\/div><style type=\"text\/css\">\r\n.iuqrr69f25cae88a1e {\r\ntext-align: center;\r\n}\r\n@media screen and (min-width: 1201px) {\r\n.iuqrr69f25cae88a1e {\r\ndisplay: none;\r\n}\r\n}\r\n@media screen and (min-width: 993px) and (max-width: 1200px) {\r\n.iuqrr69f25cae88a1e {\r\ndisplay: none;\r\n}\r\n}\r\n@media screen and (min-width: 769px) and (max-width: 992px) {\r\n.iuqrr69f25cae88a1e {\r\ndisplay: none;\r\n}\r\n}\r\n@media screen and (min-width: 768px) and (max-width: 768px) {\r\n.iuqrr69f25cae88a1e {\r\ndisplay: block;\r\n}\r\n}\r\n@media screen and (max-width: 767px) {\r\n.iuqrr69f25cae88a1e {\r\ndisplay: block;\r\n}\r\n}\r\n<\/style>\r\n<div class=\"lyqur69f25cae88a09\" ><!--<a href=\"https:\/\/bit.ly\/3QdrqTZ\" target=\"_blank\">\n<img src=\"https:\/\/justicapotiguar.com.br\/wp-content\/uploads\/2023\/09\/desktop-geral.gif\"\/><a\/>--><\/div><style type=\"text\/css\">\r\n.lyqur69f25cae88a09 {\r\ntext-align: center;\nmargin-bottom: 1em;\r\n}\r\n@media screen and (min-width: 1201px) {\r\n.lyqur69f25cae88a09 {\r\ndisplay: block;\r\n}\r\n}\r\n@media screen and (min-width: 993px) and (max-width: 1200px) {\r\n.lyqur69f25cae88a09 {\r\ndisplay: block;\r\n}\r\n}\r\n@media screen and (min-width: 769px) and (max-width: 992px) {\r\n.lyqur69f25cae88a09 {\r\ndisplay: block;\r\n}\r\n}\r\n@media screen and (min-width: 768px) and (max-width: 768px) {\r\n.lyqur69f25cae88a09 {\r\ndisplay: none;\r\n}\r\n}\r\n@media screen and (max-width: 767px) {\r\n.lyqur69f25cae88a09 {\r\ndisplay: none;\r\n}\r\n}\r\n<\/style>\r\n\n\n\n\n<p>J\u00e1 a Segunda Turma conta com os desembargadores Ronaldo Medeiros de Souza, Maria do Perp\u00e9tuo Socorro Wanderley de Castro, Carlos Newton de Souza Pinto e Bento Herculano.<\/p>\n\n\n\n<p><strong>Perfis<\/strong><br>O desembargador Ricardo Lu\u00eds Esp\u00edndola Borges graduou-se em Direito pela Universidade Federal do Cear\u00e1 \u2013 UFC, em 1983 e em Administra\u00e7\u00e3o de Empresas pela Universidade Estadual do Cear\u00e1, UECE, em 1984. Em 1993, assumiu o cargo de juiz do trabalho substituto do Tribunal Regional do Trabalho \u2013 TRT da 21\u00aa Regi\u00e3o. &nbsp;<\/p>\n\n\n\n<p>O desembargador Ronaldo Medeiros de Souza ingressou na Justi\u00e7a do Trabalho como servidor do Tribunal Regional do Trabalho da 6\u00aa Regi\u00e3o &#8211; PE, em 1981. Atuou no TRT da 5\u00aa Regi\u00e3o, na Bahia, quando ent\u00e3o ingressou na magistratura do trabalho. Por ocasi\u00e3o do desmembramento da jurisdi\u00e7\u00e3o do TRT da 13\u00aa, na Para\u00edba, e com a instala\u00e7\u00e3o do TRT 21\u00aa do Rio Grande do Norte, veio para o RN.<\/p>\n","protected":false},"excerpt":{"rendered":"<p>As duas Turmas de Julgamento do Tribunal Regional do Trabalho da 21\u00aa Regi\u00e3o (TRT-RN) est\u00e3o com novos presidentes para o bi\u00eanio 2023\/2025. Os colegiados das Turmas elegeram Ricardo Lu\u00eds Esp\u00edndola Borges, para a Presid\u00eancia da Primeira Turma, e Ronaldo Medeiros de Souza, escolhido para a Presid\u00eancia da Segunda. Dessa forma, a Primeira Turma est\u00e1 composta<br \/><a class=\"more-link\" href=\"https:\/\/justicapotiguar.com.br\/index.php\/2023\/02\/02\/escolhidos-novos-presidentes-para-as-turmas-de-julgamento-do-trt-rn\/\">Mais&#8230;<\/a><\/p>\n","protected":false},"author":5,"featured_media":0,"comment_status":"open","ping_status":"open","sticky":false,"template":"","format":"standard","meta":[],"categories":[1],"tags":[],"_links":{"self":[{"href":"https:\/\/justicapotiguar.com.br\/index.php\/wp-json\/wp\/v2\/posts\/30291"}],"collection":[{"href":"https:\/\/justicapotiguar.com.br\/index.php\/wp-json\/wp\/v2\/posts"}],"about":[{"href":"https:\/\/justicapotiguar.com.br\/index.php\/wp-json\/wp\/v2\/types\/post"}],"author":[{"embeddable":true,"href":"https:\/\/justicapotiguar.com.br\/index.php\/wp-json\/wp\/v2\/users\/5"}],"replies":[{"embeddable":true,"href":"https:\/\/justicapotiguar.com.br\/index.php\/wp-json\/wp\/v2\/comments?post=30291"}],"version-history":[{"count":1,"href":"https:\/\/justicapotiguar.com.br\/index.php\/wp-json\/wp\/v2\/posts\/30291\/revisions"}],"predecessor-version":[{"id":30294,"href":"https:\/\/justicapotiguar.com.br\/index.php\/wp-json\/wp\/v2\/posts\/30291\/revisions\/30294"}],"wp:attachment":[{"href":"https:\/\/justicapotiguar.com.br\/index.php\/wp-json\/wp\/v2\/media?parent=30291"}],"wp:term":[{"taxonomy":"category","embeddable":true,"href":"https:\/\/justicapotiguar.com.br\/index.php\/wp-json\/wp\/v2\/categories?post=30291"},{"taxonomy":"post_tag","embeddable":true,"href":"https:\/\/justicapotiguar.com.br\/index.php\/wp-json\/wp\/v2\/tags?post=30291"}],"curies":[{"name":"wp","href":"https:\/\/api.w.org\/{rel}","templated":true}]}}