{"id":30285,"date":"2023-02-02T08:30:00","date_gmt":"2023-02-02T11:30:00","guid":{"rendered":"https:\/\/justicapotiguar.com.br\/?p=30285"},"modified":"2023-02-01T09:32:11","modified_gmt":"2023-02-01T12:32:11","slug":"estado-tem-15-dias-para-fornecer-medicamento-para-tratar-tumor-cerebral-em-idosa-no-rn","status":"publish","type":"post","link":"https:\/\/justicapotiguar.com.br\/index.php\/2023\/02\/02\/estado-tem-15-dias-para-fornecer-medicamento-para-tratar-tumor-cerebral-em-idosa-no-rn\/","title":{"rendered":"Estado tem 15 dias para fornecer medicamento para tratar tumor cerebral em idosa no RN"},"content":{"rendered":"\n<figure class=\"wp-block-image size-large\"><img loading=\"lazy\" width=\"680\" height=\"366\" src=\"https:\/\/justicapotiguar.com.br\/wp-content\/uploads\/2020\/03\/9CF6F88AB899628ECCC43E7FDFA724738CBB_remedio.jpg\" alt=\"\" class=\"wp-image-7590\" srcset=\"https:\/\/justicapotiguar.com.br\/wp-content\/uploads\/2020\/03\/9CF6F88AB899628ECCC43E7FDFA724738CBB_remedio.jpg 680w, https:\/\/justicapotiguar.com.br\/wp-content\/uploads\/2020\/03\/9CF6F88AB899628ECCC43E7FDFA724738CBB_remedio-300x161.jpg 300w\" sizes=\"(max-width: 680px) 100vw, 680px\" \/><figcaption>Reprodu\u00e7\u00e3o<\/figcaption><\/figure>\n\n\n\n<p>Aposentada residente no Munic\u00edpio de Apodi, distante 364 km da Capital, conseguiu decis\u00e3o judicial, de forma liminar, que obriga tanto o Estado do Rio Grande do Norte, quanto o Munic\u00edpio de Apodi a, de forma solid\u00e1ria e no prazo m\u00e1ximo de 15 dias, fornecerem medicamento necess\u00e1rio para o tratamento de um tumor cerebral que acomete a paciente.<\/p>\n\n\n\n<p>Assim, o rem\u00e9dio EVEROLIMO 10MG (AFINITOR) deve ser fornecido, nos termos da prescri\u00e7\u00e3o m\u00e9dica, na quantidade de uma caixa por m\u00eas, por tempo indeterminado, sob pena de bloqueio de contas p\u00fablicas junto ao SISBAJUD a fim de conceder efetivamente \u00e0 determina\u00e7\u00e3o, al\u00e9m de outras san\u00e7\u00f5es judiciais a serem aplicadas. A mulher, assistida judicialmente pela Defensoria P\u00fablica do Estado, alegou na a\u00e7\u00e3o, por meio da sua assist\u00eancia jur\u00eddica, ser portadora de tumor maligno neuroend\u00f3crino do delgado (CID C 17.8), conforme laudo m\u00e9dico circunstanciado, subscrito pelo m\u00e9dico oncologista que faz seu tratamento.<\/p>\n\n\n\n<p>A Defensoria acrescentou que, diante do seu quadro de sa\u00fade, a paciente apresenta os sintomas de dor abdominal e s\u00edndrome neuroend\u00f3crina com produ\u00e7\u00e3o de serotonina, sendo prescrito tratamento com o referido medicamento, por tempo indeterminado. Ainda segundo o \u00f3rg\u00e3o defensor, a consequ\u00eancia cl\u00ednica do n\u00e3o uso ou o da interrup\u00e7\u00e3o do tratamento \u00e9 o \u00f3bito da paciente, pois a doen\u00e7a est\u00e1 em progress\u00e3o.<\/p>\n\n\n\n<p>Disse que antes de ajuizar a demanda judicial, buscou-se a solu\u00e7\u00e3o extrajudicial. No entanto, de acordo com declara\u00e7\u00e3o emitida pela Secretaria de Estado da Sa\u00fade P\u00fablica, o medicamento n\u00e3o faz parte do Componente Especializado de Assist\u00eancia Farmac\u00eautica \u2013 CEAF, de modo que a unidade n\u00e3o o disponibiliza.<\/p><div class=\"sfcrd69f55459d918e\" ><!--<a href=\"https:\/\/bit.ly\/3QdrqTZ\" target=\"_blank\">\n<img src=\"https:\/\/justicapotiguar.com.br\/wp-content\/uploads\/2023\/09\/mobile-geral.gif\"\/><a\/>--><\/div><style type=\"text\/css\">\r\n.sfcrd69f55459d918e {\r\ntext-align: center;\r\n}\r\n@media screen and (min-width: 1201px) {\r\n.sfcrd69f55459d918e {\r\ndisplay: none;\r\n}\r\n}\r\n@media screen and (min-width: 993px) and (max-width: 1200px) {\r\n.sfcrd69f55459d918e {\r\ndisplay: none;\r\n}\r\n}\r\n@media screen and (min-width: 769px) and (max-width: 992px) {\r\n.sfcrd69f55459d918e {\r\ndisplay: none;\r\n}\r\n}\r\n@media screen and (min-width: 768px) and (max-width: 768px) {\r\n.sfcrd69f55459d918e {\r\ndisplay: block;\r\n}\r\n}\r\n@media screen and (max-width: 767px) {\r\n.sfcrd69f55459d918e {\r\ndisplay: block;\r\n}\r\n}\r\n<\/style>\r\n<div class=\"zyqxd69f55459d9177\" ><!--<a href=\"https:\/\/bit.ly\/3QdrqTZ\" target=\"_blank\">\n<img src=\"https:\/\/justicapotiguar.com.br\/wp-content\/uploads\/2023\/09\/desktop-geral.gif\"\/><a\/>--><\/div><style type=\"text\/css\">\r\n.zyqxd69f55459d9177 {\r\ntext-align: center;\nmargin-bottom: 1em;\r\n}\r\n@media screen and (min-width: 1201px) {\r\n.zyqxd69f55459d9177 {\r\ndisplay: block;\r\n}\r\n}\r\n@media screen and (min-width: 993px) and (max-width: 1200px) {\r\n.zyqxd69f55459d9177 {\r\ndisplay: block;\r\n}\r\n}\r\n@media screen and (min-width: 769px) and (max-width: 992px) {\r\n.zyqxd69f55459d9177 {\r\ndisplay: block;\r\n}\r\n}\r\n@media screen and (min-width: 768px) and (max-width: 768px) {\r\n.zyqxd69f55459d9177 {\r\ndisplay: none;\r\n}\r\n}\r\n@media screen and (max-width: 767px) {\r\n.zyqxd69f55459d9177 {\r\ndisplay: none;\r\n}\r\n}\r\n<\/style>\r\n\n\n\n\n<p>Da mesma forma, a prefeitura municipal de Apodi, atrav\u00e9s da Secretaria Municipal de Sa\u00fade, informou que o medicamento n\u00e3o \u00e9 disponibilizado pelo munic\u00edpio, pois n\u00e3o faz parte da Rela\u00e7\u00e3o Municipal de Medicamentos (REMUME). Assim, foi pedido, liminarmente, pelo fornecimento do medicamento prescrito por tempo indeterminado, sob pena de aplica\u00e7\u00e3o de san\u00e7\u00f5es judiciais.<\/p>\n\n\n\n<p><strong>Medicamento registrado na ANVISA<\/strong><\/p>\n\n\n\n<p>O juiz Thiago Fonteles, da 2\u00aa Vara da Comarca de Apodi, considerou que o pedido de urg\u00eancia da paciente merece prosperar porque ficou devidamente demonstrado, por meio de laudo m\u00e9dico detalhado, subscrito por m\u00e9dico especializado, que o medicamento requerido n\u00e3o se encontra em fase experimental, est\u00e1 devidamente registrado na ANVISA e integra a lista da Rela\u00e7\u00e3o Nacional de Medicamentos Essenciais (RENAME\/2022).<\/p>\n\n\n\n<p>O julgador considerou ainda a informa\u00e7\u00e3o de que o valor de uma caixa do medicamento, suficiente para um m\u00eas de uso, custa R$ 12.921,26 (conforme or\u00e7amento anexado ao processo), ao passo que a autora \u00e9 servidora p\u00fablica aposentada, percebendo proventos brutos na quantia de R$ 5.485,15, de modo que n\u00e3o h\u00e1 possibilidade desta adquirir os medicamentos.<\/p>\n","protected":false},"excerpt":{"rendered":"<p>Aposentada residente no Munic\u00edpio de Apodi, distante 364 km da Capital, conseguiu decis\u00e3o judicial, de forma liminar, que obriga tanto o Estado do Rio Grande do Norte, quanto o Munic\u00edpio de Apodi a, de forma solid\u00e1ria e no prazo m\u00e1ximo de 15 dias, fornecerem medicamento necess\u00e1rio para o tratamento de um tumor cerebral que acomete<br \/><a class=\"more-link\" href=\"https:\/\/justicapotiguar.com.br\/index.php\/2023\/02\/02\/estado-tem-15-dias-para-fornecer-medicamento-para-tratar-tumor-cerebral-em-idosa-no-rn\/\">Mais&#8230;<\/a><\/p>\n","protected":false},"author":5,"featured_media":0,"comment_status":"open","ping_status":"open","sticky":false,"template":"","format":"standard","meta":[],"categories":[1],"tags":[],"_links":{"self":[{"href":"https:\/\/justicapotiguar.com.br\/index.php\/wp-json\/wp\/v2\/posts\/30285"}],"collection":[{"href":"https:\/\/justicapotiguar.com.br\/index.php\/wp-json\/wp\/v2\/posts"}],"about":[{"href":"https:\/\/justicapotiguar.com.br\/index.php\/wp-json\/wp\/v2\/types\/post"}],"author":[{"embeddable":true,"href":"https:\/\/justicapotiguar.com.br\/index.php\/wp-json\/wp\/v2\/users\/5"}],"replies":[{"embeddable":true,"href":"https:\/\/justicapotiguar.com.br\/index.php\/wp-json\/wp\/v2\/comments?post=30285"}],"version-history":[{"count":1,"href":"https:\/\/justicapotiguar.com.br\/index.php\/wp-json\/wp\/v2\/posts\/30285\/revisions"}],"predecessor-version":[{"id":30286,"href":"https:\/\/justicapotiguar.com.br\/index.php\/wp-json\/wp\/v2\/posts\/30285\/revisions\/30286"}],"wp:attachment":[{"href":"https:\/\/justicapotiguar.com.br\/index.php\/wp-json\/wp\/v2\/media?parent=30285"}],"wp:term":[{"taxonomy":"category","embeddable":true,"href":"https:\/\/justicapotiguar.com.br\/index.php\/wp-json\/wp\/v2\/categories?post=30285"},{"taxonomy":"post_tag","embeddable":true,"href":"https:\/\/justicapotiguar.com.br\/index.php\/wp-json\/wp\/v2\/tags?post=30285"}],"curies":[{"name":"wp","href":"https:\/\/api.w.org\/{rel}","templated":true}]}}