{"id":30283,"date":"2023-02-01T17:00:00","date_gmt":"2023-02-01T20:00:00","guid":{"rendered":"https:\/\/justicapotiguar.com.br\/?p=30283"},"modified":"2023-02-01T09:30:39","modified_gmt":"2023-02-01T12:30:39","slug":"uniao-responde-por-medicamentos-nao-incorporados-ao-sus-opina-pgr","status":"publish","type":"post","link":"https:\/\/justicapotiguar.com.br\/index.php\/2023\/02\/01\/uniao-responde-por-medicamentos-nao-incorporados-ao-sus-opina-pgr\/","title":{"rendered":"Uni\u00e3o responde por medicamentos n\u00e3o incorporados ao SUS, opina PGR"},"content":{"rendered":"\n<p>O procurador-geral da Rep\u00fablica, Augusto Aras, enviou ao Supremo Tribunal Federal, nesta&nbsp;ter\u00e7a-feira (31\/1), um parecer no qual defende que a Uni\u00e3o pode ser r\u00e9 em processos sobre fornecimento de medicamentos registrados na&nbsp;Ag\u00eancia Nacional de Vigil\u00e2ncia Sanit\u00e1ria (Anvisa), mas n\u00e3o disponibilizados no&nbsp;Sistema \u00danico de Sa\u00fade (SUS).<\/p>\n\n\n\n<figure class=\"wp-block-image size-large\"><img loading=\"lazy\" width=\"680\" height=\"424\" src=\"https:\/\/justicapotiguar.com.br\/wp-content\/uploads\/2020\/03\/6AE83E9A6AA9602CEFEA5B21E2E670976C5E_remedios.jpg\" alt=\"\" class=\"wp-image-7112\" srcset=\"https:\/\/justicapotiguar.com.br\/wp-content\/uploads\/2020\/03\/6AE83E9A6AA9602CEFEA5B21E2E670976C5E_remedios.jpg 680w, https:\/\/justicapotiguar.com.br\/wp-content\/uploads\/2020\/03\/6AE83E9A6AA9602CEFEA5B21E2E670976C5E_remedios-300x187.jpg 300w\" sizes=\"(max-width: 680px) 100vw, 680px\" \/><figcaption>Ilustrativa<\/figcaption><\/figure>\n\n\n\n<p>A manifesta\u00e7\u00e3o do PGR se deu no&nbsp;<a href=\"https:\/\/www.conjur.com.br\/2022-set-30\/stf-decidira-uniao-responde-remedio-nao-incorporado-sus\" target=\"_blank\" rel=\"noreferrer noopener\">recurso extraordin\u00e1rio<\/a>&nbsp;que discute se a Uni\u00e3o \u00e9 respons\u00e1vel solid\u00e1ria em a\u00e7\u00f5es contra governos estaduais com pedidos de fornecimento de medicamentos. O julgamento do caso pode impactar um grande n\u00famero de processos que tramitam no Judici\u00e1rio brasileiro.<\/p>\n\n\n\n<p>A an\u00e1lise de Aras levou em conta&nbsp;normas como a&nbsp;<a href=\"http:\/\/www.planalto.gov.br\/ccivil_03\/leis\/l8080.htm\" target=\"_blank\" rel=\"noreferrer noopener\">Lei do SUS<\/a>, os&nbsp;princ\u00edpios que organizam esse sistema e o federalismo adotado pela Constitui\u00e7\u00e3o.<\/p>\n\n\n\n<p>Ele indicou que o Minist\u00e9rio da Sa\u00fade \u00e9 respons\u00e1vel por&nbsp;analisar a seguran\u00e7a, a efic\u00e1cia e a qualidade de qualquer medicamento antes de autorizar seu registro e comercializa\u00e7\u00e3o,&nbsp;avaliar seu custo e sua efetividade antes de incorpor\u00e1-lo \u00e0 lista do SUS, identificar poss\u00edveis pontos de aprimoramento do sistema e apontar a exist\u00eancia de tratamentos alternativos.<\/p>\n\n\n\n<p>&#8220;Diante de uma suposta omiss\u00e3o na pol\u00edtica p\u00fablica de fornecimento de<br>medicamentos, \u00e9 imprescind\u00edvel a&nbsp;participa\u00e7\u00e3o da Uni\u00e3o, a fim de apresentar os fundamentos que justificam a n\u00e3o inclus\u00e3o ou mesmo corrigir a omiss\u00e3o ilegal, preservando a isonomia nacional no acesso \u00e0 sa\u00fade&#8221;, assinalou.<\/p>\n\n\n\n<p>Por\u00e9m, o PGR destacou que o governo federal n\u00e3o necessariamente deve ser responsabilizado de forma isolada. Caso tenham alguma atribui\u00e7\u00e3o na cadeia de fornecimento, os governos estaduais e as prefeituras tamb\u00e9m precisar\u00e3o figurar como r\u00e9us.<\/p><div class=\"zzgwy69f56a466cc22\" ><!--<a href=\"https:\/\/bit.ly\/3QdrqTZ\" target=\"_blank\">\n<img src=\"https:\/\/justicapotiguar.com.br\/wp-content\/uploads\/2023\/09\/mobile-geral.gif\"\/><a\/>--><\/div><style type=\"text\/css\">\r\n.zzgwy69f56a466cc22 {\r\ntext-align: center;\r\n}\r\n@media screen and (min-width: 1201px) {\r\n.zzgwy69f56a466cc22 {\r\ndisplay: none;\r\n}\r\n}\r\n@media screen and (min-width: 993px) and (max-width: 1200px) {\r\n.zzgwy69f56a466cc22 {\r\ndisplay: none;\r\n}\r\n}\r\n@media screen and (min-width: 769px) and (max-width: 992px) {\r\n.zzgwy69f56a466cc22 {\r\ndisplay: none;\r\n}\r\n}\r\n@media screen and (min-width: 768px) and (max-width: 768px) {\r\n.zzgwy69f56a466cc22 {\r\ndisplay: block;\r\n}\r\n}\r\n@media screen and (max-width: 767px) {\r\n.zzgwy69f56a466cc22 {\r\ndisplay: block;\r\n}\r\n}\r\n<\/style>\r\n<div class=\"mymhv69f56a466cc03\" ><!--<a href=\"https:\/\/bit.ly\/3QdrqTZ\" target=\"_blank\">\n<img src=\"https:\/\/justicapotiguar.com.br\/wp-content\/uploads\/2023\/09\/desktop-geral.gif\"\/><a\/>--><\/div><style type=\"text\/css\">\r\n.mymhv69f56a466cc03 {\r\ntext-align: center;\nmargin-bottom: 1em;\r\n}\r\n@media screen and (min-width: 1201px) {\r\n.mymhv69f56a466cc03 {\r\ndisplay: block;\r\n}\r\n}\r\n@media screen and (min-width: 993px) and (max-width: 1200px) {\r\n.mymhv69f56a466cc03 {\r\ndisplay: block;\r\n}\r\n}\r\n@media screen and (min-width: 769px) and (max-width: 992px) {\r\n.mymhv69f56a466cc03 {\r\ndisplay: block;\r\n}\r\n}\r\n@media screen and (min-width: 768px) and (max-width: 768px) {\r\n.mymhv69f56a466cc03 {\r\ndisplay: none;\r\n}\r\n}\r\n@media screen and (max-width: 767px) {\r\n.mymhv69f56a466cc03 {\r\ndisplay: none;\r\n}\r\n}\r\n<\/style>\r\n\n\n\n\n<p><strong>Acesso \u00e0 Justi\u00e7a<\/strong><br>No documento, Aras ainda pediu&nbsp;que sejam discutidas&nbsp;estrat\u00e9gias para evitar que a federaliza\u00e7\u00e3o das demandas prejudique os cidad\u00e3os hipossuficientes, os quais hoje tamb\u00e9m acionam a Justi\u00e7a estadual.<\/p>\n\n\n\n<p>Ele explicou&nbsp;que a Defensoria P\u00fablica da Uni\u00e3o tem baixa capilaridade para atender&nbsp;pessoas incapazes de&nbsp;pagar advogados, caso os processos sejam deslocados \u00e0 Justi\u00e7a Federal \u2014 que tamb\u00e9m \u00e9 pouco abrangente nos munic\u00edpios. Por isso, na sua vis\u00e3o, todos os envolvidos precisam negociar solu\u00e7\u00f5es para lidar com a quest\u00e3o.<\/p>\n\n\n\n<p>O PGR sugeriu o envio do caso ao&nbsp;rec\u00e9m-institu\u00eddo Centro de Coordena\u00e7\u00e3o e Apoio \u00e0s Demandas Estruturais e Lit\u00edgios Complexos (Cadec) do STF. A remessa deve garantir a participa\u00e7\u00e3o ativa dos diversos atores do sistema de Justi\u00e7a, como Minist\u00e9rios P\u00fablicos, Defensorias, \u00f3rg\u00e3os do Executivo e Tribunais de Contas.<\/p>\n\n\n\n<p><strong>O caso<\/strong><br>O RE em an\u00e1lise diz respeito a uma a\u00e7\u00e3o ajuizada por um cidad\u00e3o contra o Governo de Santa Catarina, na qual foi solicitado o fornecimento de um medicamento n\u00e3o padronizado no SUS, para tratamento de sua&nbsp;epilepsia refrat\u00e1ria.<\/p>\n\n\n\n<p>O Tribunal de Justi\u00e7a de Santa Catarina (TJ-SC)&nbsp;confirmou a condena\u00e7\u00e3o do governo estadual. O Estado tentou incluir a Uni\u00e3o na demanda como respons\u00e1vel solid\u00e1ria, mas a Justi\u00e7a Federal rejeitou o recurso e devolveu a a\u00e7\u00e3o \u00e0 Justi\u00e7a Estadual.<\/p>\n\n\n\n<p>Ao STF, o governo catarinense alega que o processo deve tramitar na Justi\u00e7a Federal, pois, em outro caso, a corte j\u00e1&nbsp;<a href=\"https:\/\/www.conjur.com.br\/2019-mai-22\/responsabilidade-fornecimento-remedios-solidaria-stf\" target=\"_blank\" rel=\"noreferrer noopener\">decidiu<\/a>&nbsp;que a Uni\u00e3o deve necessariamente ser r\u00e9 em demandas sobre medicamentos n\u00e3o padronizados. Em sua defesa, o governo federal alega que s\u00f3 pode ser inclu\u00edda em a\u00e7\u00f5es sobre medicamentos sem registro na Anvisa.&nbsp;<em>Com informa\u00e7\u00f5es da assessoria de imprensa do MPF.<\/em><\/p>\n","protected":false},"excerpt":{"rendered":"<p>O procurador-geral da Rep\u00fablica, Augusto Aras, enviou ao Supremo Tribunal Federal, nesta&nbsp;ter\u00e7a-feira (31\/1), um parecer no qual defende que a Uni\u00e3o pode ser r\u00e9 em processos sobre fornecimento de medicamentos registrados na&nbsp;Ag\u00eancia Nacional de Vigil\u00e2ncia Sanit\u00e1ria (Anvisa), mas n\u00e3o disponibilizados no&nbsp;Sistema \u00danico de Sa\u00fade (SUS). A manifesta\u00e7\u00e3o do PGR se deu no&nbsp;recurso extraordin\u00e1rio&nbsp;que discute se<br \/><a class=\"more-link\" href=\"https:\/\/justicapotiguar.com.br\/index.php\/2023\/02\/01\/uniao-responde-por-medicamentos-nao-incorporados-ao-sus-opina-pgr\/\">Mais&#8230;<\/a><\/p>\n","protected":false},"author":5,"featured_media":0,"comment_status":"open","ping_status":"open","sticky":false,"template":"","format":"standard","meta":[],"categories":[1],"tags":[],"_links":{"self":[{"href":"https:\/\/justicapotiguar.com.br\/index.php\/wp-json\/wp\/v2\/posts\/30283"}],"collection":[{"href":"https:\/\/justicapotiguar.com.br\/index.php\/wp-json\/wp\/v2\/posts"}],"about":[{"href":"https:\/\/justicapotiguar.com.br\/index.php\/wp-json\/wp\/v2\/types\/post"}],"author":[{"embeddable":true,"href":"https:\/\/justicapotiguar.com.br\/index.php\/wp-json\/wp\/v2\/users\/5"}],"replies":[{"embeddable":true,"href":"https:\/\/justicapotiguar.com.br\/index.php\/wp-json\/wp\/v2\/comments?post=30283"}],"version-history":[{"count":1,"href":"https:\/\/justicapotiguar.com.br\/index.php\/wp-json\/wp\/v2\/posts\/30283\/revisions"}],"predecessor-version":[{"id":30284,"href":"https:\/\/justicapotiguar.com.br\/index.php\/wp-json\/wp\/v2\/posts\/30283\/revisions\/30284"}],"wp:attachment":[{"href":"https:\/\/justicapotiguar.com.br\/index.php\/wp-json\/wp\/v2\/media?parent=30283"}],"wp:term":[{"taxonomy":"category","embeddable":true,"href":"https:\/\/justicapotiguar.com.br\/index.php\/wp-json\/wp\/v2\/categories?post=30283"},{"taxonomy":"post_tag","embeddable":true,"href":"https:\/\/justicapotiguar.com.br\/index.php\/wp-json\/wp\/v2\/tags?post=30283"}],"curies":[{"name":"wp","href":"https:\/\/api.w.org\/{rel}","templated":true}]}}