{"id":30278,"date":"2023-02-02T10:23:00","date_gmt":"2023-02-02T13:23:00","guid":{"rendered":"https:\/\/justicapotiguar.com.br\/?p=30278"},"modified":"2023-02-01T22:42:56","modified_gmt":"2023-02-02T01:42:56","slug":"2a-camara-civel-do-tjrn-mantem-responsabilidade-de-plano-de-saude-para-custear-tomografia-de-cornea","status":"publish","type":"post","link":"https:\/\/justicapotiguar.com.br\/index.php\/2023\/02\/02\/2a-camara-civel-do-tjrn-mantem-responsabilidade-de-plano-de-saude-para-custear-tomografia-de-cornea\/","title":{"rendered":"2\u00aa C\u00e2mara C\u00edvel do TJRN mant\u00e9m responsabilidade de plano de sa\u00fade para custear tomografia de c\u00f3rnea"},"content":{"rendered":"\n<figure class=\"wp-block-image size-large\"><img loading=\"lazy\" width=\"848\" height=\"565\" src=\"https:\/\/justicapotiguar.com.br\/wp-content\/uploads\/2023\/02\/tomo.jpeg\" alt=\"\" class=\"wp-image-30279\" srcset=\"https:\/\/justicapotiguar.com.br\/wp-content\/uploads\/2023\/02\/tomo.jpeg 848w, https:\/\/justicapotiguar.com.br\/wp-content\/uploads\/2023\/02\/tomo-300x200.jpeg 300w, https:\/\/justicapotiguar.com.br\/wp-content\/uploads\/2023\/02\/tomo-768x512.jpeg 768w\" sizes=\"(max-width: 848px) 100vw, 848px\" \/><figcaption>Reprodu\u00e7\u00e3o<\/figcaption><\/figure>\n\n\n\n<p><br>A 2\u00aa C\u00e2mara C\u00edvel do Tribunal Justi\u00e7a do Estado do Rio Grande do Norte (TJRN) negou recurso solicitado por uma empresa de plano de sa\u00fade, determinando, com urg\u00eancia, o custeamento de um exame de tomografia de c\u00f3rnea, conforme prescri\u00e7\u00e3o m\u00e9dica.<\/p>\n\n\n\n<p>A apresenta\u00e7\u00e3o do recurso objetivava reformar a decis\u00e3o proveniente da 3\u00aa Vara C\u00edvel de Parnamirim, que deferiu parcialmente o pedido de antecipa\u00e7\u00e3o de tutela.<\/p>\n\n\n\n<p>No entanto, de acordo com a documenta\u00e7\u00e3o apresentada, no laudo oftalmol\u00f3gico est\u00e1 registrado que \u201ca n\u00e3o realiza\u00e7\u00e3o do exame pode retardar o diagn\u00f3stico da paciente, pode inclusive causar dano visual permanente\u201d.&nbsp;<\/p>\n\n\n\n<p>Dessa forma, ao analisar o caso, o posicionamento da 2\u00aa C\u00e2mara C\u00edvel do TJ potiguar levou em considera\u00e7\u00e3o, ainda, os termos da Lei n\u00ba 14.454\/22 e do precedente representativo de controv\u00e9rsia do STJ, os quais afirmam que a cobertura de tratamentos, exames ou procedimentos n\u00e3o previstos pelo rol da Ag\u00eancia Nacional de Sa\u00fade (ANS) pode ser admitida em casos excepcionais e quando demonstrada a efetiva necessidade.<\/p><div class=\"kkmdv69f410ca7eae5\" ><!--<a href=\"https:\/\/bit.ly\/3QdrqTZ\" target=\"_blank\">\n<img src=\"https:\/\/justicapotiguar.com.br\/wp-content\/uploads\/2023\/09\/mobile-geral.gif\"\/><a\/>--><\/div><style type=\"text\/css\">\r\n.kkmdv69f410ca7eae5 {\r\ntext-align: center;\r\n}\r\n@media screen and (min-width: 1201px) {\r\n.kkmdv69f410ca7eae5 {\r\ndisplay: none;\r\n}\r\n}\r\n@media screen and (min-width: 993px) and (max-width: 1200px) {\r\n.kkmdv69f410ca7eae5 {\r\ndisplay: none;\r\n}\r\n}\r\n@media screen and (min-width: 769px) and (max-width: 992px) {\r\n.kkmdv69f410ca7eae5 {\r\ndisplay: none;\r\n}\r\n}\r\n@media screen and (min-width: 768px) and (max-width: 768px) {\r\n.kkmdv69f410ca7eae5 {\r\ndisplay: block;\r\n}\r\n}\r\n@media screen and (max-width: 767px) {\r\n.kkmdv69f410ca7eae5 {\r\ndisplay: block;\r\n}\r\n}\r\n<\/style>\r\n<div class=\"jopvl69f410ca7eac6\" ><!--<a href=\"https:\/\/bit.ly\/3QdrqTZ\" target=\"_blank\">\n<img src=\"https:\/\/justicapotiguar.com.br\/wp-content\/uploads\/2023\/09\/desktop-geral.gif\"\/><a\/>--><\/div><style type=\"text\/css\">\r\n.jopvl69f410ca7eac6 {\r\ntext-align: center;\nmargin-bottom: 1em;\r\n}\r\n@media screen and (min-width: 1201px) {\r\n.jopvl69f410ca7eac6 {\r\ndisplay: block;\r\n}\r\n}\r\n@media screen and (min-width: 993px) and (max-width: 1200px) {\r\n.jopvl69f410ca7eac6 {\r\ndisplay: block;\r\n}\r\n}\r\n@media screen and (min-width: 769px) and (max-width: 992px) {\r\n.jopvl69f410ca7eac6 {\r\ndisplay: block;\r\n}\r\n}\r\n@media screen and (min-width: 768px) and (max-width: 768px) {\r\n.jopvl69f410ca7eac6 {\r\ndisplay: none;\r\n}\r\n}\r\n@media screen and (max-width: 767px) {\r\n.jopvl69f410ca7eac6 {\r\ndisplay: none;\r\n}\r\n}\r\n<\/style>\r\n\n\n\n\n<p>Al\u00e9m disso, os desembargadores do \u00f3rg\u00e3o julgador do Poder Judici\u00e1rio potiguar afirmaram em sua decis\u00e3o que o laudo e os exames apresentados atestavam \u201ca condi\u00e7\u00e3o cl\u00ednica da parte agravada e a necessidade do procedimento pleiteado\u201d.<\/p>\n\n\n\n<p>Ainda segundo a decis\u00e3o, a empresa \u201cn\u00e3o apresentou, nem mesmo trouxe evid\u00eancias cient\u00edficas, sobre o poss\u00edvel \u00eaxito de tratamentos alternativos que pudessem ser utilizados pela parte agravada e substituir os procedimentos prescritos\u201d, fazendo com que a paciente se frustrasse diante da \u201cexpectativa leg\u00edtima da presta\u00e7\u00e3o dos servi\u00e7os almejados\u201d.<\/p>\n\n\n\n<p>Nesse sentido, por unanimidade, a 2\u00aa C\u00e2mara C\u00edvel considerou que a empresa \u201cpugnou pela declara\u00e7\u00e3o de nulidade da decis\u00e3o liminar ou pela concess\u00e3o do efeito suspensivo e, no m\u00e9rito, pelo provimento do recurso para afastar a obriga\u00e7\u00e3o imposta\u201d, negando, portanto, a solicita\u00e7\u00e3o do recurso utilizado pelo plano de sa\u00fade.<\/p>\n","protected":false},"excerpt":{"rendered":"<p>A 2\u00aa C\u00e2mara C\u00edvel do Tribunal Justi\u00e7a do Estado do Rio Grande do Norte (TJRN) negou recurso solicitado por uma empresa de plano de sa\u00fade, determinando, com urg\u00eancia, o custeamento de um exame de tomografia de c\u00f3rnea, conforme prescri\u00e7\u00e3o m\u00e9dica. A apresenta\u00e7\u00e3o do recurso objetivava reformar a decis\u00e3o proveniente da 3\u00aa Vara C\u00edvel de Parnamirim,<br \/><a class=\"more-link\" href=\"https:\/\/justicapotiguar.com.br\/index.php\/2023\/02\/02\/2a-camara-civel-do-tjrn-mantem-responsabilidade-de-plano-de-saude-para-custear-tomografia-de-cornea\/\">Mais&#8230;<\/a><\/p>\n","protected":false},"author":5,"featured_media":0,"comment_status":"open","ping_status":"open","sticky":false,"template":"","format":"standard","meta":[],"categories":[1],"tags":[],"_links":{"self":[{"href":"https:\/\/justicapotiguar.com.br\/index.php\/wp-json\/wp\/v2\/posts\/30278"}],"collection":[{"href":"https:\/\/justicapotiguar.com.br\/index.php\/wp-json\/wp\/v2\/posts"}],"about":[{"href":"https:\/\/justicapotiguar.com.br\/index.php\/wp-json\/wp\/v2\/types\/post"}],"author":[{"embeddable":true,"href":"https:\/\/justicapotiguar.com.br\/index.php\/wp-json\/wp\/v2\/users\/5"}],"replies":[{"embeddable":true,"href":"https:\/\/justicapotiguar.com.br\/index.php\/wp-json\/wp\/v2\/comments?post=30278"}],"version-history":[{"count":1,"href":"https:\/\/justicapotiguar.com.br\/index.php\/wp-json\/wp\/v2\/posts\/30278\/revisions"}],"predecessor-version":[{"id":30280,"href":"https:\/\/justicapotiguar.com.br\/index.php\/wp-json\/wp\/v2\/posts\/30278\/revisions\/30280"}],"wp:attachment":[{"href":"https:\/\/justicapotiguar.com.br\/index.php\/wp-json\/wp\/v2\/media?parent=30278"}],"wp:term":[{"taxonomy":"category","embeddable":true,"href":"https:\/\/justicapotiguar.com.br\/index.php\/wp-json\/wp\/v2\/categories?post=30278"},{"taxonomy":"post_tag","embeddable":true,"href":"https:\/\/justicapotiguar.com.br\/index.php\/wp-json\/wp\/v2\/tags?post=30278"}],"curies":[{"name":"wp","href":"https:\/\/api.w.org\/{rel}","templated":true}]}}