{"id":30220,"date":"2023-01-29T08:52:00","date_gmt":"2023-01-29T11:52:00","guid":{"rendered":"https:\/\/justicapotiguar.com.br\/?p=30220"},"modified":"2023-01-28T19:53:54","modified_gmt":"2023-01-28T22:53:54","slug":"pgr-diz-que-deputados-bolsonaristas-nao-incitaram-atos-de-8-de-janeiro","status":"publish","type":"post","link":"https:\/\/justicapotiguar.com.br\/index.php\/2023\/01\/29\/pgr-diz-que-deputados-bolsonaristas-nao-incitaram-atos-de-8-de-janeiro\/","title":{"rendered":"PGR diz que deputados bolsonaristas n\u00e3o incitaram atos de 8 de janeiro"},"content":{"rendered":"\n<p>Em manifesta\u00e7\u00e3o ao Supremo Tribunal Federal, a Procuradoria-Geral da Rep\u00fablica pediu o arquivamento de uma&nbsp;<a href=\"https:\/\/www.conjur.com.br\/2023-jan-27\/alexandre-envia-pgr-pedido-suspensao-posse-bolsonaristas\" target=\"_blank\" rel=\"noreferrer noopener\">representa\u00e7\u00e3o<\/a>&nbsp;feita&nbsp;pelo Grupo Prerrogativas para impedir a posse de 11&nbsp;deputados bolsonaristas por suposta incita\u00e7\u00e3o&nbsp;aos atos de vandalismo nos pr\u00e9dios dos tr\u00eas Poderes em 8 de janeiro, como&nbsp;Nikolas Ferreira (PL-MG) e&nbsp;Carlos Jordy (PL-RJ).<\/p>\n\n\n\n<figure class=\"wp-block-image\"><img src=\"https:\/\/www.conjur.com.br\/img\/b\/nikolas-ferreira-pl-mg-deputado-federal.jpeg\" alt=\"\"\/><figcaption><sup>Reprodu\u00e7\u00e3o\/Facebook<\/sup>Nikolas Ferreira, o deputado federal mais votado em 2022, tomar\u00e1 posse em 1\u00ba\/2<\/figcaption><\/figure>\n\n\n\n<p>A posse dos parlamentares, eleitos em 2022, est\u00e1 marcada para a pr\u00f3xima quarta-feira (1\u00ba\/2). Ao STF, o Grupo Prerrogativas pediu a suspens\u00e3o da posse e a instaura\u00e7\u00e3o de inqu\u00e9ritos policiais. No entanto, na vis\u00e3o da PGR, como os parlamentares j\u00e1 foram diplomados, a eventual quebra de decoro&nbsp;deve&nbsp;ser apurada&nbsp;e processada&nbsp;nos termos do Regimento Interno e do C\u00f3digo de \u00c9tica da C\u00e2mara dos Deputados.<\/p>\n\n\n\n<p>&#8220;A conclus\u00e3o&nbsp;decorre da interpreta\u00e7\u00e3o sistem\u00e1tica das normas constitucionais que estabelecem as prerrogativas dos deputados e senadores, notadamente dos artigos 53 e 55, par\u00e1grafo 1\u00ba, da Constitui\u00e7\u00e3o.&nbsp;Portanto, \u00e9 atribui\u00e7\u00e3o do Conselho de \u00c9tica e Decoro Parlamentar examinar as condutas imputadas na peti\u00e7\u00e3o aos deputados federais eleitos e diplomados&#8221;, diz a PGR.<\/p>\n\n\n\n<p>Superada a quest\u00e3o acerca das condutas apontadas como violadoras do decoro parlamentar, a Procuradoria tamb\u00e9m afirmou que, da an\u00e1lise do material apresentado pelos autores,&nbsp;&#8220;n\u00e3o se extrai,&nbsp;ainda que com esfor\u00e7o interpretativo, qualquer ind\u00edcio da pr\u00e1tica de crime&#8221;.<\/p><div class=\"ppypd69f33b584dc71\" ><!--<a href=\"https:\/\/bit.ly\/3QdrqTZ\" target=\"_blank\">\n<img src=\"https:\/\/justicapotiguar.com.br\/wp-content\/uploads\/2023\/09\/mobile-geral.gif\"\/><a\/>--><\/div><style type=\"text\/css\">\r\n.ppypd69f33b584dc71 {\r\ntext-align: center;\r\n}\r\n@media screen and (min-width: 1201px) {\r\n.ppypd69f33b584dc71 {\r\ndisplay: none;\r\n}\r\n}\r\n@media screen and (min-width: 993px) and (max-width: 1200px) {\r\n.ppypd69f33b584dc71 {\r\ndisplay: none;\r\n}\r\n}\r\n@media screen and (min-width: 769px) and (max-width: 992px) {\r\n.ppypd69f33b584dc71 {\r\ndisplay: none;\r\n}\r\n}\r\n@media screen and (min-width: 768px) and (max-width: 768px) {\r\n.ppypd69f33b584dc71 {\r\ndisplay: block;\r\n}\r\n}\r\n@media screen and (max-width: 767px) {\r\n.ppypd69f33b584dc71 {\r\ndisplay: block;\r\n}\r\n}\r\n<\/style>\r\n<div class=\"zlsjw69f33b584dc5a\" ><!--<a href=\"https:\/\/bit.ly\/3QdrqTZ\" target=\"_blank\">\n<img src=\"https:\/\/justicapotiguar.com.br\/wp-content\/uploads\/2023\/09\/desktop-geral.gif\"\/><a\/>--><\/div><style type=\"text\/css\">\r\n.zlsjw69f33b584dc5a {\r\ntext-align: center;\nmargin-bottom: 1em;\r\n}\r\n@media screen and (min-width: 1201px) {\r\n.zlsjw69f33b584dc5a {\r\ndisplay: block;\r\n}\r\n}\r\n@media screen and (min-width: 993px) and (max-width: 1200px) {\r\n.zlsjw69f33b584dc5a {\r\ndisplay: block;\r\n}\r\n}\r\n@media screen and (min-width: 769px) and (max-width: 992px) {\r\n.zlsjw69f33b584dc5a {\r\ndisplay: block;\r\n}\r\n}\r\n@media screen and (min-width: 768px) and (max-width: 768px) {\r\n.zlsjw69f33b584dc5a {\r\ndisplay: none;\r\n}\r\n}\r\n@media screen and (max-width: 767px) {\r\n.zlsjw69f33b584dc5a {\r\ndisplay: none;\r\n}\r\n}\r\n<\/style>\r\n\n\n\n\n<p>&#8220;Inexistindo, at\u00e9 o presente momento, elementos que indiquem que os deputados apontados na peti\u00e7\u00e3o tenham concorrido, ainda que por incita\u00e7\u00e3o, para os crimes executados no dia 8 de janeiro de 2023, n\u00e3o h\u00e1 justa causa para a instaura\u00e7\u00e3o de inqu\u00e9rito ou para a inclus\u00e3o, a princ\u00edpio, dos parlamentares nos procedimentos investigat\u00f3rios j\u00e1 instaurados para apurar a autoria dos atos atentat\u00f3rios ao Estado Democr\u00e1tico de Direito.&#8221;<\/p>\n\n\n\n<p>Dessa forma, a PGR afirmou que&nbsp;a instaura\u00e7\u00e3o de procedimento investigat\u00f3rio criminal sem o m\u00ednimo de lastro probat\u00f3rio viola direitos e garantias fundamentais, submetendo&nbsp;o investigado a constrangimento ilegal, nos termos de jurisprud\u00eancia do Supremo Tribunal Federal.<\/p>\n\n\n\n<p>&#8220;Assim, n\u00e3o h\u00e1 justa causa para a instaura\u00e7\u00e3o de inqu\u00e9rito policial referente aos casos indicados na presente peti\u00e7\u00e3o.&nbsp;Posto isso, o Minist\u00e9rio P\u00fablico Federal requer o indeferimento dos pedidos, arquivando-se a peti\u00e7\u00e3o&#8221;, diz a manifesta\u00e7\u00e3o, assinada pelo subprocurador-geral da Rep\u00fablica&nbsp;Carlos Frederico Santos.<\/p>\n\n\n\n<p><strong>Clique&nbsp;<a href=\"https:\/\/www.conjur.com.br\/dl\/pgr-parlamentares-golpistas.pdf\" target=\"_blank\" rel=\"noreferrer noopener\">aqui<\/a>&nbsp;para ler a manifesta\u00e7\u00e3o<br>Inq&nbsp;4.923<\/strong><\/p>\n","protected":false},"excerpt":{"rendered":"<p>Em manifesta\u00e7\u00e3o ao Supremo Tribunal Federal, a Procuradoria-Geral da Rep\u00fablica pediu o arquivamento de uma&nbsp;representa\u00e7\u00e3o&nbsp;feita&nbsp;pelo Grupo Prerrogativas para impedir a posse de 11&nbsp;deputados bolsonaristas por suposta incita\u00e7\u00e3o&nbsp;aos atos de vandalismo nos pr\u00e9dios dos tr\u00eas Poderes em 8 de janeiro, como&nbsp;Nikolas Ferreira (PL-MG) e&nbsp;Carlos Jordy (PL-RJ). A posse dos parlamentares, eleitos em 2022, est\u00e1 marcada para<br \/><a class=\"more-link\" href=\"https:\/\/justicapotiguar.com.br\/index.php\/2023\/01\/29\/pgr-diz-que-deputados-bolsonaristas-nao-incitaram-atos-de-8-de-janeiro\/\">Mais&#8230;<\/a><\/p>\n","protected":false},"author":5,"featured_media":0,"comment_status":"open","ping_status":"open","sticky":false,"template":"","format":"standard","meta":[],"categories":[1],"tags":[],"_links":{"self":[{"href":"https:\/\/justicapotiguar.com.br\/index.php\/wp-json\/wp\/v2\/posts\/30220"}],"collection":[{"href":"https:\/\/justicapotiguar.com.br\/index.php\/wp-json\/wp\/v2\/posts"}],"about":[{"href":"https:\/\/justicapotiguar.com.br\/index.php\/wp-json\/wp\/v2\/types\/post"}],"author":[{"embeddable":true,"href":"https:\/\/justicapotiguar.com.br\/index.php\/wp-json\/wp\/v2\/users\/5"}],"replies":[{"embeddable":true,"href":"https:\/\/justicapotiguar.com.br\/index.php\/wp-json\/wp\/v2\/comments?post=30220"}],"version-history":[{"count":1,"href":"https:\/\/justicapotiguar.com.br\/index.php\/wp-json\/wp\/v2\/posts\/30220\/revisions"}],"predecessor-version":[{"id":30221,"href":"https:\/\/justicapotiguar.com.br\/index.php\/wp-json\/wp\/v2\/posts\/30220\/revisions\/30221"}],"wp:attachment":[{"href":"https:\/\/justicapotiguar.com.br\/index.php\/wp-json\/wp\/v2\/media?parent=30220"}],"wp:term":[{"taxonomy":"category","embeddable":true,"href":"https:\/\/justicapotiguar.com.br\/index.php\/wp-json\/wp\/v2\/categories?post=30220"},{"taxonomy":"post_tag","embeddable":true,"href":"https:\/\/justicapotiguar.com.br\/index.php\/wp-json\/wp\/v2\/tags?post=30220"}],"curies":[{"name":"wp","href":"https:\/\/api.w.org\/{rel}","templated":true}]}}