{"id":3019,"date":"2019-10-11T08:39:44","date_gmt":"2019-10-11T11:39:44","guid":{"rendered":"https:\/\/justicapotiguar.com.br\/?p=3019"},"modified":"2019-10-11T07:51:22","modified_gmt":"2019-10-11T10:51:22","slug":"camara-criminal-do-tj-rejeita-argumento-de-violacao-de-domicilio-em-caso-de-flagrante-de-trafico-de-drogas","status":"publish","type":"post","link":"https:\/\/justicapotiguar.com.br\/index.php\/2019\/10\/11\/camara-criminal-do-tj-rejeita-argumento-de-violacao-de-domicilio-em-caso-de-flagrante-de-trafico-de-drogas\/","title":{"rendered":"C\u00e2mara Criminal do TJ rejeita argumento de viola\u00e7\u00e3o de domic\u00edlio em caso de flagrante de tr\u00e1fico de drogas"},"content":{"rendered":"\n<figure class=\"wp-block-image\"><img loading=\"lazy\" width=\"660\" height=\"372\" src=\"https:\/\/justicapotiguar.com.br\/wp-content\/uploads\/2019\/08\/justica.jpg\" alt=\"\" class=\"wp-image-912\" srcset=\"https:\/\/justicapotiguar.com.br\/wp-content\/uploads\/2019\/08\/justica.jpg 660w, https:\/\/justicapotiguar.com.br\/wp-content\/uploads\/2019\/08\/justica-300x169.jpg 300w\" sizes=\"(max-width: 660px) 100vw, 660px\" \/><figcaption>Foto: Reprodu\u00e7\u00e3o<\/figcaption><\/figure>\n\n\n\n<p>Os desembargadores que integram a C\u00e2mara Criminal do Tribunal de Justi\u00e7a do RN negaram provimento a um recurso movido pela defesa de um homem condenado a 14 anos e dois meses de reclus\u00e3o em regime fechado pela pr\u00e1tica dos crimes de tr\u00e1fico, associa\u00e7\u00e3o para o tr\u00e1fico de entorpecentes, porte ilegal de arma de fogo e corrup\u00e7\u00e3o de menores.<\/p>\n\n\n\n<p>A defesa alegou, dentre outros pontos, que houve viola\u00e7\u00e3o de domic\u00edlio, o que n\u00e3o foi acatado pelo \u00f3rg\u00e3o julgador, o qual destacou que o Superior Tribunal de Justi\u00e7a (STJ) j\u00e1 possui entendimento consolidado no sentido de ser desnecess\u00e1rio mandado judicial nos casos de crime permanente, a exemplo da narcotrafic\u00e2ncia.<\/p><div class=\"hnjuc69f490453c3bb\" ><!--<a href=\"https:\/\/bit.ly\/3QdrqTZ\" target=\"_blank\">\n<img src=\"https:\/\/justicapotiguar.com.br\/wp-content\/uploads\/2023\/09\/mobile-geral.gif\"\/><a\/>--><\/div><style type=\"text\/css\">\r\n.hnjuc69f490453c3bb {\r\ntext-align: center;\r\n}\r\n@media screen and (min-width: 1201px) {\r\n.hnjuc69f490453c3bb {\r\ndisplay: none;\r\n}\r\n}\r\n@media screen and (min-width: 993px) and (max-width: 1200px) {\r\n.hnjuc69f490453c3bb {\r\ndisplay: none;\r\n}\r\n}\r\n@media screen and (min-width: 769px) and (max-width: 992px) {\r\n.hnjuc69f490453c3bb {\r\ndisplay: none;\r\n}\r\n}\r\n@media screen and (min-width: 768px) and (max-width: 768px) {\r\n.hnjuc69f490453c3bb {\r\ndisplay: block;\r\n}\r\n}\r\n@media screen and (max-width: 767px) {\r\n.hnjuc69f490453c3bb {\r\ndisplay: block;\r\n}\r\n}\r\n<\/style>\r\n<div class=\"mxbqa69f490453c39d\" ><!--<a href=\"https:\/\/bit.ly\/3QdrqTZ\" target=\"_blank\">\n<img src=\"https:\/\/justicapotiguar.com.br\/wp-content\/uploads\/2023\/09\/desktop-geral.gif\"\/><a\/>--><\/div><style type=\"text\/css\">\r\n.mxbqa69f490453c39d {\r\ntext-align: center;\nmargin-bottom: 1em;\r\n}\r\n@media screen and (min-width: 1201px) {\r\n.mxbqa69f490453c39d {\r\ndisplay: block;\r\n}\r\n}\r\n@media screen and (min-width: 993px) and (max-width: 1200px) {\r\n.mxbqa69f490453c39d {\r\ndisplay: block;\r\n}\r\n}\r\n@media screen and (min-width: 769px) and (max-width: 992px) {\r\n.mxbqa69f490453c39d {\r\ndisplay: block;\r\n}\r\n}\r\n@media screen and (min-width: 768px) and (max-width: 768px) {\r\n.mxbqa69f490453c39d {\r\ndisplay: none;\r\n}\r\n}\r\n@media screen and (max-width: 767px) {\r\n.mxbqa69f490453c39d {\r\ndisplay: none;\r\n}\r\n}\r\n<\/style>\r\n\n\n\n\n<p>Segundo a den\u00fancia, a pris\u00e3o ocorreu em 22 de julho de 2018, no Centro de Tangar\u00e1, quando o denunciado foi flagrado junto a um adolescente, em posse de subst\u00e2ncias entorpecentes, como coca\u00edna, al\u00e9m de um rev\u00f3lver com seis muni\u00e7\u00f5es, sem possuir o respectivo registro ou autoriza\u00e7\u00e3o para portar arma de fogo. Al\u00e9m disso, na resid\u00eancia do r\u00e9u foram encontradas muni\u00e7\u00f5es, duas c\u00e1psulas deflagradas, trouxinhas de crack, uma por\u00e7\u00e3o de maconha, um r\u00e1dio transmissor HT e um ve\u00edculo.<\/p>\n\n\n\n<p>O \u00f3rg\u00e3o tamb\u00e9m destacou que a dosimetria n\u00e3o deve ser redimensionada, j\u00e1 que, na primeira fase, houve apenas a negativa\u00e7\u00e3o do vetor \u201cpersonalidade\u201d, baseada \u201cem fundamenta\u00e7\u00e3o id\u00f4nea\u201d e quantificada dentro da diretriz de 1\/8 sugerida pelo STJ, bem como por ter sido devidamente computada a minorante da menoridade e, em decorr\u00eancia, de n\u00e3o haver sido contabilizada causa de aumento e de haver sido devidamente aplicada a regra do concurso material de pessoas.<\/p>\n","protected":false},"excerpt":{"rendered":"<p>O \u00f3rg\u00e3o tamb\u00e9m destacou que a dosimetria n\u00e3o deve ser redimensionada<br \/><a class=\"more-link\" href=\"https:\/\/justicapotiguar.com.br\/index.php\/2019\/10\/11\/camara-criminal-do-tj-rejeita-argumento-de-violacao-de-domicilio-em-caso-de-flagrante-de-trafico-de-drogas\/\">Mais&#8230;<\/a><\/p>\n","protected":false},"author":5,"featured_media":912,"comment_status":"open","ping_status":"open","sticky":false,"template":"","format":"standard","meta":[],"categories":[3],"tags":[],"_links":{"self":[{"href":"https:\/\/justicapotiguar.com.br\/index.php\/wp-json\/wp\/v2\/posts\/3019"}],"collection":[{"href":"https:\/\/justicapotiguar.com.br\/index.php\/wp-json\/wp\/v2\/posts"}],"about":[{"href":"https:\/\/justicapotiguar.com.br\/index.php\/wp-json\/wp\/v2\/types\/post"}],"author":[{"embeddable":true,"href":"https:\/\/justicapotiguar.com.br\/index.php\/wp-json\/wp\/v2\/users\/5"}],"replies":[{"embeddable":true,"href":"https:\/\/justicapotiguar.com.br\/index.php\/wp-json\/wp\/v2\/comments?post=3019"}],"version-history":[{"count":1,"href":"https:\/\/justicapotiguar.com.br\/index.php\/wp-json\/wp\/v2\/posts\/3019\/revisions"}],"predecessor-version":[{"id":3020,"href":"https:\/\/justicapotiguar.com.br\/index.php\/wp-json\/wp\/v2\/posts\/3019\/revisions\/3020"}],"wp:featuredmedia":[{"embeddable":true,"href":"https:\/\/justicapotiguar.com.br\/index.php\/wp-json\/wp\/v2\/media\/912"}],"wp:attachment":[{"href":"https:\/\/justicapotiguar.com.br\/index.php\/wp-json\/wp\/v2\/media?parent=3019"}],"wp:term":[{"taxonomy":"category","embeddable":true,"href":"https:\/\/justicapotiguar.com.br\/index.php\/wp-json\/wp\/v2\/categories?post=3019"},{"taxonomy":"post_tag","embeddable":true,"href":"https:\/\/justicapotiguar.com.br\/index.php\/wp-json\/wp\/v2\/tags?post=3019"}],"curies":[{"name":"wp","href":"https:\/\/api.w.org\/{rel}","templated":true}]}}