{"id":30172,"date":"2023-01-25T13:44:00","date_gmt":"2023-01-25T16:44:00","guid":{"rendered":"https:\/\/justicapotiguar.com.br\/?p=30172"},"modified":"2023-01-25T13:43:13","modified_gmt":"2023-01-25T16:43:13","slug":"empresa-e-condenada-por-instalacao-de-camera-em-banheiro-masculino","status":"publish","type":"post","link":"https:\/\/justicapotiguar.com.br\/index.php\/2023\/01\/25\/empresa-e-condenada-por-instalacao-de-camera-em-banheiro-masculino\/","title":{"rendered":"Empresa \u00e9 condenada por instala\u00e7\u00e3o de c\u00e2mera em banheiro masculino"},"content":{"rendered":"\n<p>A 8\u00aa Vara do Trabalho de Natal (RN) condenou uma empresa a pagar danos morais, no valor de R$ 2 mil, a um auxiliar de log\u00edstica pela instala\u00e7\u00e3o de c\u00e2mera no banheiro masculino.<\/p>\n\n\n\n<figure class=\"wp-block-image size-large\"><img loading=\"lazy\" width=\"1024\" height=\"576\" src=\"https:\/\/justicapotiguar.com.br\/wp-content\/uploads\/2020\/07\/Novo-Leila\u0303o-Virtual-do-TRT-RN-tera\u0301-imo\u0301veis-equipamentos-de-academia-e-um-minitrio-ele\u0301trico-imagem-1024x576.jpeg\" alt=\"\" class=\"wp-image-11388\" srcset=\"https:\/\/justicapotiguar.com.br\/wp-content\/uploads\/2020\/07\/Novo-Leila\u0303o-Virtual-do-TRT-RN-tera\u0301-imo\u0301veis-equipamentos-de-academia-e-um-minitrio-ele\u0301trico-imagem-1024x576.jpeg 1024w, https:\/\/justicapotiguar.com.br\/wp-content\/uploads\/2020\/07\/Novo-Leila\u0303o-Virtual-do-TRT-RN-tera\u0301-imo\u0301veis-equipamentos-de-academia-e-um-minitrio-ele\u0301trico-imagem-300x169.jpeg 300w, https:\/\/justicapotiguar.com.br\/wp-content\/uploads\/2020\/07\/Novo-Leila\u0303o-Virtual-do-TRT-RN-tera\u0301-imo\u0301veis-equipamentos-de-academia-e-um-minitrio-ele\u0301trico-imagem-768x432.jpeg 768w, https:\/\/justicapotiguar.com.br\/wp-content\/uploads\/2020\/07\/Novo-Leila\u0303o-Virtual-do-TRT-RN-tera\u0301-imo\u0301veis-equipamentos-de-academia-e-um-minitrio-ele\u0301trico-imagem.jpeg 1280w\" sizes=\"(max-width: 1024px) 100vw, 1024px\" \/><figcaption>Reprodu\u00e7\u00e3o<\/figcaption><\/figure>\n\n\n\n<p>O autor do processo come\u00e7ou a trabalhar para a empresa em outubro de 2020. No dia 19 de fevereiro de 2022, os funcion\u00e1rios encontraram uma c\u00e2mera instalada no canto do teto do banheiro masculino, com vista para os vasos sanit\u00e1rios.<\/p>\n\n\n\n<p>O que, para o empregado, seria um monitoramento injustificado, que violou e invadiu a sua privacidade, expondo-o ao constrangimento.<\/p>\n\n\n\n<p>Em sua defesa, a empresa afirmou que o auxiliar de log\u00edstica n\u00e3o est\u00e1 lotado no mesmo local do banheiro onde foi instalado a c\u00e2mera. Alegou, ainda, que n\u00e3o a instalou e que tem procurado identificar o autor desse ato.<\/p>\n\n\n\n<p>Por fim, acrescentou que a c\u00e2mera n\u00e3o estava conectada a cabo energia ou de rede.<\/p><div class=\"lzwxn69eeb1d3aa59d\" ><!--<a href=\"https:\/\/bit.ly\/3QdrqTZ\" target=\"_blank\">\n<img src=\"https:\/\/justicapotiguar.com.br\/wp-content\/uploads\/2023\/09\/mobile-geral.gif\"\/><a\/>--><\/div><style type=\"text\/css\">\r\n.lzwxn69eeb1d3aa59d {\r\ntext-align: center;\r\n}\r\n@media screen and (min-width: 1201px) {\r\n.lzwxn69eeb1d3aa59d {\r\ndisplay: none;\r\n}\r\n}\r\n@media screen and (min-width: 993px) and (max-width: 1200px) {\r\n.lzwxn69eeb1d3aa59d {\r\ndisplay: none;\r\n}\r\n}\r\n@media screen and (min-width: 769px) and (max-width: 992px) {\r\n.lzwxn69eeb1d3aa59d {\r\ndisplay: none;\r\n}\r\n}\r\n@media screen and (min-width: 768px) and (max-width: 768px) {\r\n.lzwxn69eeb1d3aa59d {\r\ndisplay: block;\r\n}\r\n}\r\n@media screen and (max-width: 767px) {\r\n.lzwxn69eeb1d3aa59d {\r\ndisplay: block;\r\n}\r\n}\r\n<\/style>\r\n<div class=\"yaejt69eeb1d3aa587\" ><!--<a href=\"https:\/\/bit.ly\/3QdrqTZ\" target=\"_blank\">\n<img src=\"https:\/\/justicapotiguar.com.br\/wp-content\/uploads\/2023\/09\/desktop-geral.gif\"\/><a\/>--><\/div><style type=\"text\/css\">\r\n.yaejt69eeb1d3aa587 {\r\ntext-align: center;\nmargin-bottom: 1em;\r\n}\r\n@media screen and (min-width: 1201px) {\r\n.yaejt69eeb1d3aa587 {\r\ndisplay: block;\r\n}\r\n}\r\n@media screen and (min-width: 993px) and (max-width: 1200px) {\r\n.yaejt69eeb1d3aa587 {\r\ndisplay: block;\r\n}\r\n}\r\n@media screen and (min-width: 769px) and (max-width: 992px) {\r\n.yaejt69eeb1d3aa587 {\r\ndisplay: block;\r\n}\r\n}\r\n@media screen and (min-width: 768px) and (max-width: 768px) {\r\n.yaejt69eeb1d3aa587 {\r\ndisplay: none;\r\n}\r\n}\r\n@media screen and (max-width: 767px) {\r\n.yaejt69eeb1d3aa587 {\r\ndisplay: none;\r\n}\r\n}\r\n<\/style>\r\n\n\n\n\n<p>No entanto, para o juiz Joanilson de Paula R\u00eago J\u00fanior, embora a empresa tenha afirmado que n\u00e3o foi a respons\u00e1vel pela instala\u00e7\u00e3o da c\u00e2mera, \u201c\u00e9 do empregador o dever de tutelar o ambiente de trabalho, devendo garantir a preserva\u00e7\u00e3o da intimidade de seus empregados e evitar a pr\u00e1tica de il\u00edcitos em suas depend\u00eancias (artigo 932, inciso III, C\u00f3digo Civil, artigo 8\u00ba da CLT)\u201d.<\/p>\n\n\n\n<p>Para ele, tamb\u00e9m \u201cn\u00e3o \u00e9 relevante o fato de ter havido ou n\u00e3o a instala\u00e7\u00e3o completa do equipamento, j\u00e1 que, n\u00e3o sendo esta circunst\u00e2ncia de conhecimento dos empregados, a sua exist\u00eancia no local, por si s\u00f3, tem o cond\u00e3o de causar-lhes constrangimento\u201d.<\/p>\n\n\n\n<p>Quanto ao uso do banheiro pelo autor do processo, o juiz destacou tamb\u00e9m que, apesar de n\u00e3o trabalhar no estoque (local do banheiro que teve instalada a c\u00e2mera), o auxiliar de log\u00edstica era constantemente indicado para esse setor.<\/p>\n\n\n\n<p>\u201cDemonstrou o empregado a pr\u00e1tica de conduta da empresa que fere a sua imagem, ultrapassando o poder potestativo do empregador, o que lhe causou indigna\u00e7\u00e3o e constrangimento e o consequente direito \u00e0 repara\u00e7\u00e3o pelo dano moral sofrido\u201d, concluiu o juiz<\/p>\n","protected":false},"excerpt":{"rendered":"<p>A 8\u00aa Vara do Trabalho de Natal (RN) condenou uma empresa a pagar danos morais, no valor de R$ 2 mil, a um auxiliar de log\u00edstica pela instala\u00e7\u00e3o de c\u00e2mera no banheiro masculino. O autor do processo come\u00e7ou a trabalhar para a empresa em outubro de 2020. No dia 19 de fevereiro de 2022, os<br \/><a class=\"more-link\" href=\"https:\/\/justicapotiguar.com.br\/index.php\/2023\/01\/25\/empresa-e-condenada-por-instalacao-de-camera-em-banheiro-masculino\/\">Mais&#8230;<\/a><\/p>\n","protected":false},"author":5,"featured_media":0,"comment_status":"open","ping_status":"open","sticky":false,"template":"","format":"standard","meta":[],"categories":[1],"tags":[],"_links":{"self":[{"href":"https:\/\/justicapotiguar.com.br\/index.php\/wp-json\/wp\/v2\/posts\/30172"}],"collection":[{"href":"https:\/\/justicapotiguar.com.br\/index.php\/wp-json\/wp\/v2\/posts"}],"about":[{"href":"https:\/\/justicapotiguar.com.br\/index.php\/wp-json\/wp\/v2\/types\/post"}],"author":[{"embeddable":true,"href":"https:\/\/justicapotiguar.com.br\/index.php\/wp-json\/wp\/v2\/users\/5"}],"replies":[{"embeddable":true,"href":"https:\/\/justicapotiguar.com.br\/index.php\/wp-json\/wp\/v2\/comments?post=30172"}],"version-history":[{"count":1,"href":"https:\/\/justicapotiguar.com.br\/index.php\/wp-json\/wp\/v2\/posts\/30172\/revisions"}],"predecessor-version":[{"id":30173,"href":"https:\/\/justicapotiguar.com.br\/index.php\/wp-json\/wp\/v2\/posts\/30172\/revisions\/30173"}],"wp:attachment":[{"href":"https:\/\/justicapotiguar.com.br\/index.php\/wp-json\/wp\/v2\/media?parent=30172"}],"wp:term":[{"taxonomy":"category","embeddable":true,"href":"https:\/\/justicapotiguar.com.br\/index.php\/wp-json\/wp\/v2\/categories?post=30172"},{"taxonomy":"post_tag","embeddable":true,"href":"https:\/\/justicapotiguar.com.br\/index.php\/wp-json\/wp\/v2\/tags?post=30172"}],"curies":[{"name":"wp","href":"https:\/\/api.w.org\/{rel}","templated":true}]}}