{"id":30052,"date":"2023-01-17T08:17:00","date_gmt":"2023-01-17T11:17:00","guid":{"rendered":"https:\/\/justicapotiguar.com.br\/?p=30052"},"modified":"2023-01-16T23:20:40","modified_gmt":"2023-01-17T02:20:40","slug":"gilmar-manda-soltar-85-presas-do-semiaberto-no-df-para-abrir-vagas-para-detidas-nos-atos-em-brasilia","status":"publish","type":"post","link":"https:\/\/justicapotiguar.com.br\/index.php\/2023\/01\/17\/gilmar-manda-soltar-85-presas-do-semiaberto-no-df-para-abrir-vagas-para-detidas-nos-atos-em-brasilia\/","title":{"rendered":"Gilmar manda soltar 85 presas do semiaberto no DF para abrir vagas para detidas nos atos em Bras\u00edlia"},"content":{"rendered":"\n<p>O ministro Gilmar Mendes, do Supremo Tribunal Federal, atendeu a pedido da Defensoria P\u00fablica do Distrito Federal para determinar o monitoramento eletr\u00f4nico de 85 presas da Penitenci\u00e1ria Feminina do DF que j\u00e1 estavam em regime semiaberto.&nbsp;<\/p>\n\n\n\n<figure class=\"wp-block-image\"><img src=\"https:\/\/www.conjur.com.br\/img\/b\/gilmar-mendes39.jpeg\" alt=\"\"\/><figcaption>Gilmar concedeu progress\u00e3o de regime para 85 presas da&nbsp;Penitenci\u00e1ria Feminina do DF<br><sup>Fellipe Sampaio\/SCO\/STF<\/sup><\/figcaption><\/figure>\n\n\n\n<p>A decis\u00e3o deve abrir 85 vagas no pres\u00eddio, que foi escolhido para receber mulheres envolvidas nos atos de terrorismo cometidos em Bras\u00edlia no \u00faltimo dia 8.&nbsp;<\/p>\n\n\n\n<p>No pedido, a Defensoria sustentou que os atos terroristas resultaram no recolhimento de 513 mulheres no pres\u00eddio da Colmeia. Em raz\u00e3o do aumento repentino da popula\u00e7\u00e3o carcer\u00e1ria feminina do Distrito Federal, os defensores argumentaram que 85 presas do regime semiaberto \u2014 com trabalho externo implementado \u2014 poderiam receber o benef\u00edcio da sa\u00edda antecipada com monitoramento eletr\u00f4nico.&nbsp;<\/p><div class=\"vrljc69ec5b8056610\" ><!--<a href=\"https:\/\/bit.ly\/3QdrqTZ\" target=\"_blank\">\n<img src=\"https:\/\/justicapotiguar.com.br\/wp-content\/uploads\/2023\/09\/mobile-geral.gif\"\/><a\/>--><\/div><style type=\"text\/css\">\r\n.vrljc69ec5b8056610 {\r\ntext-align: center;\r\n}\r\n@media screen and (min-width: 1201px) {\r\n.vrljc69ec5b8056610 {\r\ndisplay: none;\r\n}\r\n}\r\n@media screen and (min-width: 993px) and (max-width: 1200px) {\r\n.vrljc69ec5b8056610 {\r\ndisplay: none;\r\n}\r\n}\r\n@media screen and (min-width: 769px) and (max-width: 992px) {\r\n.vrljc69ec5b8056610 {\r\ndisplay: none;\r\n}\r\n}\r\n@media screen and (min-width: 768px) and (max-width: 768px) {\r\n.vrljc69ec5b8056610 {\r\ndisplay: block;\r\n}\r\n}\r\n@media screen and (max-width: 767px) {\r\n.vrljc69ec5b8056610 {\r\ndisplay: block;\r\n}\r\n}\r\n<\/style>\r\n<div class=\"wfypp69ec5b80565ef\" ><!--<a href=\"https:\/\/bit.ly\/3QdrqTZ\" target=\"_blank\">\n<img src=\"https:\/\/justicapotiguar.com.br\/wp-content\/uploads\/2023\/09\/desktop-geral.gif\"\/><a\/>--><\/div><style type=\"text\/css\">\r\n.wfypp69ec5b80565ef {\r\ntext-align: center;\nmargin-bottom: 1em;\r\n}\r\n@media screen and (min-width: 1201px) {\r\n.wfypp69ec5b80565ef {\r\ndisplay: block;\r\n}\r\n}\r\n@media screen and (min-width: 993px) and (max-width: 1200px) {\r\n.wfypp69ec5b80565ef {\r\ndisplay: block;\r\n}\r\n}\r\n@media screen and (min-width: 769px) and (max-width: 992px) {\r\n.wfypp69ec5b80565ef {\r\ndisplay: block;\r\n}\r\n}\r\n@media screen and (min-width: 768px) and (max-width: 768px) {\r\n.wfypp69ec5b80565ef {\r\ndisplay: none;\r\n}\r\n}\r\n@media screen and (max-width: 767px) {\r\n.wfypp69ec5b80565ef {\r\ndisplay: none;\r\n}\r\n}\r\n<\/style>\r\n\n\n\n\n<p>Na decis\u00e3o, o decano do STF explicou que o impacto das condutas ilegais dos bolsonaristas se deu n\u00e3o somente em rela\u00e7\u00e3o aos valores democr\u00e1ticos e ao patrim\u00f4nio p\u00fablico, hist\u00f3rico e cultural da na\u00e7\u00e3o, mas tamb\u00e9m criou problemas para as presas que tiveram seus direitos restringidos por causa do ingresso de 513 novas mulheres.<\/p>\n\n\n\n<p>&#8220;Nesse sentido, a ado\u00e7\u00e3o de medidas paliativas, com incid\u00eancia da proporcionalidade, mostra-se adequada \u00e0 satisfa\u00e7\u00e3o dos direitos reconhecidos pela S\u00famula Vinculante n\u00ba 56, especialmente tendo em conta que as poss\u00edveis benefici\u00e1rias j\u00e1 se encontram em regime semiaberto, com trabalho externo j\u00e1 implementado (CNJ, Resolu\u00e7\u00e3o 412), autorizando inferir que o processo de reinser\u00e7\u00e3o social est\u00e1 em andamento&#8221;, registrou o ministro, que&nbsp;estipulou que as presas que passar\u00e3o a ter monitoramento eletr\u00f4nico tenham sua situa\u00e7\u00e3o reavaliada em 90 dias.<\/p>\n\n\n\n<p><strong>Clique&nbsp;<a href=\"https:\/\/www.conjur.com.br\/dl\/decisao-gilmar-colmeia.pdf\" target=\"_blank\" rel=\"noreferrer noopener\">aqui<\/a>&nbsp;para ler a decis\u00e3o<br>Rcl 53.005<\/strong><\/p>\n","protected":false},"excerpt":{"rendered":"<p>O ministro Gilmar Mendes, do Supremo Tribunal Federal, atendeu a pedido da Defensoria P\u00fablica do Distrito Federal para determinar o monitoramento eletr\u00f4nico de 85 presas da Penitenci\u00e1ria Feminina do DF que j\u00e1 estavam em regime semiaberto.&nbsp; A decis\u00e3o deve abrir 85 vagas no pres\u00eddio, que foi escolhido para receber mulheres envolvidas nos atos de terrorismo<br \/><a class=\"more-link\" href=\"https:\/\/justicapotiguar.com.br\/index.php\/2023\/01\/17\/gilmar-manda-soltar-85-presas-do-semiaberto-no-df-para-abrir-vagas-para-detidas-nos-atos-em-brasilia\/\">Mais&#8230;<\/a><\/p>\n","protected":false},"author":5,"featured_media":0,"comment_status":"open","ping_status":"open","sticky":false,"template":"","format":"standard","meta":[],"categories":[1],"tags":[],"_links":{"self":[{"href":"https:\/\/justicapotiguar.com.br\/index.php\/wp-json\/wp\/v2\/posts\/30052"}],"collection":[{"href":"https:\/\/justicapotiguar.com.br\/index.php\/wp-json\/wp\/v2\/posts"}],"about":[{"href":"https:\/\/justicapotiguar.com.br\/index.php\/wp-json\/wp\/v2\/types\/post"}],"author":[{"embeddable":true,"href":"https:\/\/justicapotiguar.com.br\/index.php\/wp-json\/wp\/v2\/users\/5"}],"replies":[{"embeddable":true,"href":"https:\/\/justicapotiguar.com.br\/index.php\/wp-json\/wp\/v2\/comments?post=30052"}],"version-history":[{"count":1,"href":"https:\/\/justicapotiguar.com.br\/index.php\/wp-json\/wp\/v2\/posts\/30052\/revisions"}],"predecessor-version":[{"id":30053,"href":"https:\/\/justicapotiguar.com.br\/index.php\/wp-json\/wp\/v2\/posts\/30052\/revisions\/30053"}],"wp:attachment":[{"href":"https:\/\/justicapotiguar.com.br\/index.php\/wp-json\/wp\/v2\/media?parent=30052"}],"wp:term":[{"taxonomy":"category","embeddable":true,"href":"https:\/\/justicapotiguar.com.br\/index.php\/wp-json\/wp\/v2\/categories?post=30052"},{"taxonomy":"post_tag","embeddable":true,"href":"https:\/\/justicapotiguar.com.br\/index.php\/wp-json\/wp\/v2\/tags?post=30052"}],"curies":[{"name":"wp","href":"https:\/\/api.w.org\/{rel}","templated":true}]}}